{"id":10314,"date":"2021-07-08T17:37:02","date_gmt":"2021-07-08T21:37:02","guid":{"rendered":"https:\/\/www.notaoficial.com\/s\/?p=10314"},"modified":"2021-07-08T17:37:02","modified_gmt":"2021-07-08T21:37:02","slug":"kalimete-pone-a-brillar-el-merengue-urbano-en-premios-heat","status":"publish","type":"post","link":"https:\/\/www.notaoficial.com\/s\/2021\/07\/08\/kalimete-pone-a-brillar-el-merengue-urbano-en-premios-heat\/","title":{"rendered":"Kalimete pone a brillar el merengue urbano en Premios Heat"},"content":{"rendered":"<p align=\"justify\">El merengue urbano <strong>Kalimete<\/strong> brill\u00f3 en la sexta edici\u00f3n de los Premios Heat con la soberbia actuaci\u00f3n del cantante <strong>Kalimete<\/strong>, quien adem\u00e1s compet\u00eda como \u00abArtista tropical del a\u00f1o\u00bb.<\/p>\n<p align=\"justify\">Al ritmo de su pegajosa canci\u00f3n \u201cMaldito Flow\u201d, el artista logr\u00f3 uno de los mejores musicales de la noche para poner en alto la m\u00fasica dominicana, el sabor latino y la alegr\u00eda en la paradis\u00edaca \u201cCiudad Destino Cap Cana\u201d.<\/p>\n<p align=\"justify\">\u201cSiguen llegando bendiciones para este proyecto que he llevado con mucho amor y entrega desde hace varios a\u00f1os\u201d, dijo previamente Kalimete, representado mundialmente por la compa\u00f1\u00eda Sue\u00f1os Records y su presidenta <strong>Wilda D\u00edaz<\/strong>, quien le acompa\u00f1\u00f3 en gala de premios del pasado jueves.<\/p>\n<p align=\"justify\">Tras el \u00e9xito de \u201cMaldito Flow\u201d, el cantante est\u00e1 promocionando el sencillo \u201cMe Llamas\u201d, un cl\u00e1sico del cantautor <strong>Jos\u00e9 Luis Perales<\/strong>, ahora presentado en el denominado merengue urbano, con el que alza su voz en contra de uno de los grandes males de la sociedad, la violencia de g\u00e9nero.<\/p>\n<p align=\"justify\">\u201cQuise junto a mi equipo y en especial junto al director S\u00e1nchez Tarantino proyectar una reflexi\u00f3n sobre este gran mal que nos afecta a todos como sociedad, ya que el maltrato sea de cualquier tipo debe ser sancionado y eliminado\u201d, expres\u00f3 Kalimete desde Rep\u00fablica Dominicana, donde culmina su gira promocional \u201cEl De La F\u00f3rmula\u201d.<\/p>\n<p align=\"justify\">El v\u00eddeo de \u00abMe Llamas\u00bb se present\u00f3 en Primicia Mundial por Primer Impacto de la cadena Univisi\u00f3n, y ha sido difundido, adem\u00e1s, por grandes cadenas de televisi\u00f3n y se encuentra disponible en el canal de Youtube de Sue\u00f1os Records.<\/p>\n<p align=\"justify\">Kalimete, quien estuvo nominado a Premios Soberano 2021 por su colaboraci\u00f3n con Omega (\u201cElla Ya Me Olvid\u00f3\u201d) y fue escogido por Telemundo para la campa\u00f1a \u201cDominicano de pura cepa\u201d, est\u00e1 teniendo un gran a\u00f1o en la industria discogr\u00e1fica, como lo refleja el reconocimiento que le entreg\u00f3 recientemente Monitor Latino, por lograr cinco semanas consecutivas como n\u00famero 1 en el listado general de la Rep\u00fablica Dominicana con el tema \u201cMaldito Flow\u201d.<\/p>\n","protected":false},"excerpt":{"rendered":"<p>El merengue urbano Kalimete brill\u00f3 en la sexta edici\u00f3n de los Premios Heat con la soberbia actuaci\u00f3n del cantante Kalimete, quien adem\u00e1s compet\u00eda como \u00abArtista tropical del a\u00f1o\u00bb. Al ritmo de su pegajosa canci\u00f3n \u201cMaldito Flow\u201d, el artista logr\u00f3 uno de los mejores musicales de la noche para poner en alto la m\u00fasica dominicana, el [&hellip;]<\/p>\n","protected":false},"author":2,"featured_media":10315,"comment_status":"closed","ping_status":"open","sticky":false,"template":"","format":"standard","meta":[],"categories":[463,146],"tags":[8344],"wppr_data":{"cwp_meta_box_check":"No"},"_links":{"self":[{"href":"https:\/\/www.notaoficial.com\/s\/wp-json\/wp\/v2\/posts\/10314"}],"collection":[{"href":"https:\/\/www.notaoficial.com\/s\/wp-json\/wp\/v2\/posts"}],"about":[{"href":"https:\/\/www.notaoficial.com\/s\/wp-json\/wp\/v2\/types\/post"}],"author":[{"embeddable":true,"href":"https:\/\/www.notaoficial.com\/s\/wp-json\/wp\/v2\/users\/2"}],"replies":[{"embeddable":true,"href":"https:\/\/www.notaoficial.com\/s\/wp-json\/wp\/v2\/comments?post=10314"}],"version-history":[{"count":1,"href":"https:\/\/www.notaoficial.com\/s\/wp-json\/wp\/v2\/posts\/10314\/revisions"}],"predecessor-version":[{"id":10316,"href":"https:\/\/www.notaoficial.com\/s\/wp-json\/wp\/v2\/posts\/10314\/revisions\/10316"}],"wp:featuredmedia":[{"embeddable":true,"href":"https:\/\/www.notaoficial.com\/s\/wp-json\/wp\/v2\/media\/10315"}],"wp:attachment":[{"href":"https:\/\/www.notaoficial.com\/s\/wp-json\/wp\/v2\/media?parent=10314"}],"wp:term":[{"taxonomy":"category","embeddable":true,"href":"https:\/\/www.notaoficial.com\/s\/wp-json\/wp\/v2\/categories?post=10314"},{"taxonomy":"post_tag","embeddable":true,"href":"https:\/\/www.notaoficial.com\/s\/wp-json\/wp\/v2\/tags?post=10314"}],"curies":[{"name":"wp","href":"https:\/\/api.w.org\/{rel}","templated":true}]}}