{"id":10385,"date":"2021-07-23T21:48:49","date_gmt":"2021-07-24T01:48:49","guid":{"rendered":"https:\/\/www.notaoficial.com\/s\/?p=10385"},"modified":"2021-07-23T21:48:49","modified_gmt":"2021-07-24T01:48:49","slug":"el-futuro-de-venezuela-requiere-de-un-proceso-profundo-de-negociacion-entre-todos-los-actores-de-la-sociedad","status":"publish","type":"post","link":"https:\/\/www.notaoficial.com\/s\/2021\/07\/23\/el-futuro-de-venezuela-requiere-de-un-proceso-profundo-de-negociacion-entre-todos-los-actores-de-la-sociedad\/","title":{"rendered":"El futuro de Venezuela requiere de un proceso profundo de negociaci\u00f3n entre todos los actores de la sociedad"},"content":{"rendered":"<p>En el acto de juramentaci\u00f3n de las nuevas autoridades de Fedec\u00e1maras, el presidente electo <strong>Carlos Fern\u00e1ndez Gallardo<\/strong>, afirm\u00f3 que no ve \u201cfuturo en el pa\u00eds si no asumimos con seriedad, con compromiso, con determinaci\u00f3n, un proceso profundo de negociaci\u00f3n entre todas las partes en conflicto\u201d. \u201cEl concepto central de nuestra preocupaci\u00f3n debe ser la Naci\u00f3n venezolana, porque se est\u00e1 desintegrando\u201d.<\/p>\n<p>Record\u00f3 que son cinco millones de venezolanos que se han marchado a otras latitudes. \u201cLa Naci\u00f3n se nos desvanece en las manos, y nos quedamos en la pelea est\u00e9ril, en la confrontaci\u00f3n in\u00fatil, en la esperanza vac\u00eda, en el populismo incesante y carente de contenido\u201d. Reiter\u00f3 que el pa\u00eds requiere de manera urgente soluciones.<\/p>\n<p>Manifest\u00f3 que el sentimiento nacional necesita futuro, un futuro que genere arraigo, compromiso y esperanza. Considera que la destrucci\u00f3n que vive el pa\u00eds y la actual coyuntura es responsabilidad de todos, pero no en partes iguales. Hay unos que tienen m\u00e1s responsabilidad que otros. \u201cNo es posible pretender un borr\u00f3n y cuenta nueva con olvido, es un borr\u00f3n y cuenta nueva con justicia\u201d.<\/p>\n<p>Para Fern\u00e1ndez, \u201cEl pa\u00eds va al garete, el pa\u00eds no tiene un modelo de desarrollo, el pa\u00eds no tiene un proyecto sugestivo de vida en com\u00fan\u201d. Se necesita cambiar la inercia que trae el pa\u00eds, porque no vamos por buen camino. Record\u00f3 que la paz es fr\u00e1gil y tenemos que cuidarla, tenemos que comprometernos a todos. \u201cSi no hay paz, no hay progreso, si no hay paz, no hay desarrollo\u201d.<\/p>\n<p>En su primer mensaje como presidente de Fedec\u00e1maras, Fern\u00e1ndez dijo ver a \u201cla econom\u00eda como punto de encuentro\u201d.<\/p>\n<p>Sostuvo que la modernidad es el empoderamiento ciudadano para que el hombre pueda desarrollar a plenitud todas sus capacidades y gozar de los beneficios que la formalidad y la misma estructura social trae.<\/p>\n<p>Para el l\u00edder gremial \u201cel camino al futuro nunca ser\u00e1 un atajo; no se construye familia, no se construye fortuna, no se construye naci\u00f3n, agarrando atajos\u201d.<\/p>\n<h2><strong>El valor del trabajo<\/strong><\/h2>\n<p>Carlos Fern\u00e1ndez, presidente de Fedec\u00e1maras, se\u00f1al\u00f3 que el problema m\u00e1s grave que tiene la econom\u00eda en nuestro pa\u00eds, es el ingreso de los venezolanos.<\/p>\n<p>\u201cSi nosotros nos quedamos en la inacci\u00f3n, los que est\u00e1n all\u00ed siguen all\u00ed. Tenemos de que devolverle a la naci\u00f3n el ansia de movilizarse. Pero es muy dif\u00edcil con 1.100 d\u00f3lares de ingreso al a\u00f1o. Porque si no tengo prote\u00edna y no tengo gas, priva el instinto primario del hombre que es la supervivencia, y se<\/p>\n<p>me va todo el d\u00eda en sobrevivir. Un pa\u00eds no puede estar en actitud de sobrevivir. Por eso mi invitaci\u00f3n a la modernidad, porque la modernidad es un estado que perdimos. Es una actitud y es una vocaci\u00f3n. Nosotros tuvimos el estado, tenemos la vocaci\u00f3n, nos pisotearon la actitud a la modernidad\u201d.<\/p>\n<p>Ratific\u00f3 que \u201cel trabajo dignifica al hombre\u201d. Entendamos al hombre tambi\u00e9n como un ente productivo, el hombre se desarrolla a plenitud a trav\u00e9s del trabajo, a trav\u00e9s del esfuerzo. El trabajo al servicio del hombre, no el hombre al servicio del trabajo. Pero cuando t\u00fa tienes un ingreso que<\/p>\n<p>no te da para sostenerte, invertiste el concepto, y est\u00e1s poniendo al hombre al servicio del trabajo, y \u00bfqu\u00e9 es lo que va a pasar?, que va a dejar de trabajar.<\/p>\n<p>Manifest\u00f3 que el tema fundamental de la inclusi\u00f3n social viene del mercado, viene de la libre iniciativa. El binomio indetenible para la inclusi\u00f3n social de las grandes mayor\u00edas, es empresas eficientes con trabajadores productivos. Pero con esquemas legislativos y con conceptos modernos que nos permitan compartir esa productividad. \u201cLa Ley del Trabajo es una r\u00e9mora\u201d, agreg\u00f3.<\/p>\n<h2><strong>La empresa privada genera riqueza<\/strong><\/h2>\n<p>El l\u00edder empresarial indic\u00f3 que la ca\u00edda del producto interno venezolano comenz\u00f3 en el a\u00f1o 2013, que la destrucci\u00f3n del PIB que ya lleva ocho a\u00f1os es tan grave que, con un crecimiento, de 5% por a\u00f1o, el pa\u00eds tardar\u00eda 40 a\u00f1os en regresar a los 320.000 millones de d\u00f3lares de PIB que tuvo en 2012. \u201cOjal\u00e1 podamos crecer 10% anual para que entonces podamos recuperarnos en menos de 20 a\u00f1os\u201d, el modelo que tenemos se barri\u00f3 en 8 a\u00f1os, se necesita crecer al 5% anual por 40 a\u00f1os para recuperar el tim\u00f3n de esa econom\u00eda perdida.<\/p>\n<p>Hizo un llamado a que \u201cno nos d\u00e9 pena defender los valores de la empresa privada\u201d, porque son intereses leg\u00edtimos, \u201cson intereses producto del trabajo, ese mismo que dignifica al hombre. Cuando a una persona le quitan su empresa, pierde no solo el valor del activo, es el trabajo acumulado en lograrlo. Son los a\u00f1os dedicados a hacerlo realidad\u201d. Insisti\u00f3 el presidente de Fedec\u00e1maras que \u201cla empresa privada genera riqueza, pero no se entienda que genera riqueza s\u00f3lo para sus accionistas, genera riqueza para la sociedad\u201d.<\/p>\n<p>Hizo un llamado a \u201cabrazarnos a la conquista de un mundo mejor, es posible. Hay dificultades, partamos de las dificultades, creamos en la empresa privada\u201d.<\/p>\n<p>Venezuela no espera, necesita soluciones.<\/p>\n","protected":false},"excerpt":{"rendered":"<p>En el acto de juramentaci\u00f3n de las nuevas autoridades de Fedec\u00e1maras, el presidente electo Carlos Fern\u00e1ndez Gallardo, afirm\u00f3 que no ve \u201cfuturo en el pa\u00eds si no asumimos con seriedad, con compromiso, con determinaci\u00f3n, un proceso profundo de negociaci\u00f3n entre todas las partes en conflicto\u201d. \u201cEl concepto central de nuestra preocupaci\u00f3n debe ser la Naci\u00f3n [&hellip;]<\/p>\n","protected":false},"author":2,"featured_media":10386,"comment_status":"closed","ping_status":"open","sticky":false,"template":"","format":"standard","meta":[],"categories":[93,2],"tags":[9549,1368],"wppr_data":{"cwp_meta_box_check":"No"},"_links":{"self":[{"href":"https:\/\/www.notaoficial.com\/s\/wp-json\/wp\/v2\/posts\/10385"}],"collection":[{"href":"https:\/\/www.notaoficial.com\/s\/wp-json\/wp\/v2\/posts"}],"about":[{"href":"https:\/\/www.notaoficial.com\/s\/wp-json\/wp\/v2\/types\/post"}],"author":[{"embeddable":true,"href":"https:\/\/www.notaoficial.com\/s\/wp-json\/wp\/v2\/users\/2"}],"replies":[{"embeddable":true,"href":"https:\/\/www.notaoficial.com\/s\/wp-json\/wp\/v2\/comments?post=10385"}],"version-history":[{"count":1,"href":"https:\/\/www.notaoficial.com\/s\/wp-json\/wp\/v2\/posts\/10385\/revisions"}],"predecessor-version":[{"id":10387,"href":"https:\/\/www.notaoficial.com\/s\/wp-json\/wp\/v2\/posts\/10385\/revisions\/10387"}],"wp:featuredmedia":[{"embeddable":true,"href":"https:\/\/www.notaoficial.com\/s\/wp-json\/wp\/v2\/media\/10386"}],"wp:attachment":[{"href":"https:\/\/www.notaoficial.com\/s\/wp-json\/wp\/v2\/media?parent=10385"}],"wp:term":[{"taxonomy":"category","embeddable":true,"href":"https:\/\/www.notaoficial.com\/s\/wp-json\/wp\/v2\/categories?post=10385"},{"taxonomy":"post_tag","embeddable":true,"href":"https:\/\/www.notaoficial.com\/s\/wp-json\/wp\/v2\/tags?post=10385"}],"curies":[{"name":"wp","href":"https:\/\/api.w.org\/{rel}","templated":true}]}}