{"id":10388,"date":"2021-07-25T13:01:32","date_gmt":"2021-07-25T17:01:32","guid":{"rendered":"https:\/\/www.notaoficial.com\/s\/?p=10388"},"modified":"2021-07-25T13:01:32","modified_gmt":"2021-07-25T17:01:32","slug":"cepal-america-latina-y-el-caribe-debe-desarrollar-plataformas-regionales-para-producir-y-distribuir-vacunas-y-medicamentos","status":"publish","type":"post","link":"https:\/\/www.notaoficial.com\/s\/2021\/07\/25\/cepal-america-latina-y-el-caribe-debe-desarrollar-plataformas-regionales-para-producir-y-distribuir-vacunas-y-medicamentos\/","title":{"rendered":"CEPAL: Am\u00e9rica Latina y el Caribe debe desarrollar plataformas regionales para producir y distribuir vacunas y medicamentos"},"content":{"rendered":"<p>Am\u00e9rica Latina y el Caribe puede y debe convertirse en un actor del desarrollo y la producci\u00f3n de nuevas vacunas, en el marco de una estrategia sanitaria regional concertada, afirm\u00f3 hoy Alicia B\u00e1rcena, Secretaria Ejecutiva de la Comisi\u00f3n Econ\u00f3mica para Am\u00e9rica Latina y el Caribe (CEPAL), ante 32 ministras y ministros de Relaciones Exteriores y altas autoridades de la regi\u00f3n, congregadas en la XXI Reuni\u00f3n de Cancilleres de la Comunidad de Estados Latinoamericanos y Caribe\u00f1os (CELAC), que se celebr\u00f3 en M\u00e9xico.<\/p>\n<p>La alta funcionaria de las Naciones Unidas present\u00f3 los avances del Plan Integral de Autosuficiencia Sanitaria, una ruta program\u00e1tica que desarrolla la CEPAL a petici\u00f3n de la CELAC, para fortalecer la producci\u00f3n y distribuci\u00f3n de medicamentos, en especial vacunas, en los pa\u00edses de la regi\u00f3n y reducir la dependencia externa.<\/p>\n<p>La reuni\u00f3n fue inaugurada por el Canciller de M\u00e9xico, Marcelo Ebrard, en su calidad de Presidente Pro T\u00e9mpore de la CELAC, quien destac\u00f3 el fortalecimiento de la cooperaci\u00f3n entre los pa\u00edses miembros de la Comunidad durante la pandemia.<\/p>\n<p>\u201cSi antes de la pandemia se propon\u00eda que esta Comunidad fuese el instrumento principal de integraci\u00f3n de Am\u00e9rica Latina y el Caribe, estamos en camino, sin duda, de lograrlo\u201d, afirm\u00f3 el Ministro Ebrard.<\/p>\n<p>Durante su presentaci\u00f3n, la Secretaria Ejecutiva de la CEPAL abord\u00f3 la situaci\u00f3n de los sistemas de salud y la industria farmac\u00e9utica en la regi\u00f3n durante la pandemia, as\u00ed como las acciones prioritarias a implementar para su fortalecimiento y los componentes del Plan Integral de Autosuficiencia Sanitaria.<\/p>\n<p>Record\u00f3 que Am\u00e9rica Latina y el Caribe es la regi\u00f3n m\u00e1s afectada por la pandemia, con solo 8,4% de la poblaci\u00f3n mundial, pero 32,5% de las muertes por COVID-19 a nivel global.<\/p>\n<p>Alicia B\u00e1rcena a\u00f1adi\u00f3 que la regi\u00f3n enfrenta hoy una paradoja porque, si bien crecer\u00e1 5,2% en 2021, persiste el problema de la deuda y el menor espacio fiscal, la pobreza afecta a 209 millones de personas y la pobreza extrema a 82 millones, y la informalidad y el desempleo no se recuperan.<\/p>\n<p>\u201cEstamos en la trampa de los pa\u00edses de ingreso medio\u201d, subray\u00f3.<\/p>\n<p>La alta funcionaria alert\u00f3 sobre el desigual acceso a las vacunas, y puntualiz\u00f3 las asimetr\u00edas existentes dentro de la regi\u00f3n y las que persisten con el resto del mundo. Precis\u00f3 que en Am\u00e9rica Latina y el Caribe solo el 16,8% de la poblaci\u00f3n cuenta con el esquema completo de vacunaci\u00f3n, mientras que en Estados Unidos y Canad\u00e1 la cifra alcanza al 49,3% de la poblaci\u00f3n, con un excedente de vacunas. Europa tiene al 44,6% de su poblaci\u00f3n vacunada.<\/p>\n<p>\u201cNos preocupa que la adquisici\u00f3n de algunos pa\u00edses supera sus necesidades de vacunaci\u00f3n. La Uni\u00f3n Europea, Estados Unidos, Reino Unido, Canad\u00e1 y Jap\u00f3n concentran el 43,9% de los compromisos de compra, con solo el 12,9% de la poblaci\u00f3n mundial\u201d, enfatiz\u00f3.<\/p>\n<p>La m\u00e1xima representante de la CEPAL subray\u00f3 que la industria manufacturera de la salud en la regi\u00f3n presenta bajo nivel de desarrollo tecnol\u00f3gico y una alta dependencia de la producci\u00f3n de empresas multinacionales e importaciones. Durante 2019, las importaciones doblaron el monto de las exportaciones y el d\u00e9ficit super\u00f3 los 20 mil millones de d\u00f3lares.<\/p>\n<p>\u201c\u00bfPor qu\u00e9 nos pill\u00f3 tan mal esta pandemia? Porque todo lo importamos, ese es parte del problema. Nuestra industria nacional y regional produce gen\u00e9ricos, pero no produce medicamentos innovadores. Tenemos muy baja inversi\u00f3n en investigaci\u00f3n y desarrollo que tenemos que impulsar\u201d, afirm\u00f3 Alicia B\u00e1rcena.<\/p>\n<p>En su intervenci\u00f3n ante las altas autoridades de la regi\u00f3n, la Secretaria Ejecutiva de la CEPAL detall\u00f3 las ocho \u00e1reas prioritarias y cinco l\u00edneas de acci\u00f3n del Plan Integral de Autosuficiencia Sanitaria.<\/p>\n<p>Las \u00e1reas prioritarias incluyen la compra conjunta de los sistemas p\u00fablicos de salud, consorcios de financiamiento a investigaci\u00f3n y producci\u00f3n, plataformas de ensayos cl\u00ednicos, propiedad intelectual, inventario de capacidades regionales, est\u00e1ndares regulatorios, desarrollo de proveedores y acceso universal a la vacunaci\u00f3n y la salud primaria.<\/p>\n<p>Las cinco l\u00edneas de acci\u00f3n en las que se ha avanzado y se propone avanzar a nivel regional o subregional, en tanto, consisten en un mecanismo regional de compra de vacunas, la creaci\u00f3n consorcios para acelerar el desarrollo de vacunas, plataformas de ensayos cl\u00ednicos, acceso a la propiedad intelectual e inventario de capacidades regionales.<\/p>\n<p>Alicia B\u00e1rcena destac\u00f3 la importancia de fortalecer los mecanismos regionales de compras conjuntas de vacunas existentes, como el Fondo Rotatorio de Vacunas de la Organizaci\u00f3n Panamericana de la Salud (OPS), el Fondo estrat\u00e9gico de la OPS y la Red Panamericana para la Armonizaci\u00f3n de la Reglamentaci\u00f3n Farmac\u00e9utica.<\/p>\n<p>Asimismo, resalt\u00f3 la relevancia de la articulaci\u00f3n de sectores y actores mediante los organismos de integraci\u00f3n subregional como el Sistema de la Integraci\u00f3n Centroamericana (SICA), la Comunidad de Pa\u00edses del Caribe (CARICOM), el Mercado Com\u00fan del Sur (Mercosur) y la Alianza del Pac\u00edfico.<\/p>\n<p>Finalmente, la alta funcionaria de la ONU precis\u00f3 que el plan propone cuatro pilares para la acci\u00f3n conjunta convocando a una amplia gama de actores nacionales, subregionales y regionales: desarrollo de tecnolog\u00eda, desarrollo de producto, manufactura y compras, entrega y acceso universal.<\/p>\n<p><strong>M\u00e1s informaci\u00f3n:<\/strong><\/p>\n<p><a href=\"http:\/\/www.cepal.org\/es\/presentaciones\/plan-integral-autosuficiencia-sanitaria\" data-saferedirecturl=\"https:\/\/www.google.com\/url?q=http:\/\/www.cepal.org\/es\/presentaciones\/plan-integral-autosuficiencia-sanitaria&amp;source=gmail&amp;ust=1627318095301000&amp;usg=AFQjCNHi5Yi_DrWCLjsrYdkwi89C7fPzhg\"><strong>Presentaci\u00f3n de Alicia B\u00e1rcena, Secretaria Ejecutiva de la CEPAL<\/strong><\/a><\/p>\n<p>Para consultas contactar a la Unidad de Informaci\u00f3n P\u00fablica de la CEPAL.<\/p>\n<p>Correo electr\u00f3nico: <a href=\"mailto:prensa@cepal.org\">prensa@cepal.org<\/a>; tel\u00e9fono: (56) 22210 2040.<\/p>\n<p>S\u00edganos en: <a href=\"http:\/\/twitter.com\/cepal_onu\" data-saferedirecturl=\"https:\/\/www.google.com\/url?q=http:\/\/twitter.com\/cepal_onu&amp;source=gmail&amp;ust=1627318095301000&amp;usg=AFQjCNFRh9gBtjA1GL2e0lRitPDkiGI-AQ\">Twitter<\/a>, <a href=\"http:\/\/www.facebook.com\/cepal.onu\" data-saferedirecturl=\"https:\/\/www.google.com\/url?q=http:\/\/www.facebook.com\/cepal.onu&amp;source=gmail&amp;ust=1627318095301000&amp;usg=AFQjCNEo3leFr8szm6JD2zSh-hSfJUKTkQ\">Facebook<\/a>, <a href=\"http:\/\/www.flickr.com\/photos\/cepal\/\" data-saferedirecturl=\"https:\/\/www.google.com\/url?q=http:\/\/www.flickr.com\/photos\/cepal\/&amp;source=gmail&amp;ust=1627318095301000&amp;usg=AFQjCNFT80SG3HTXavJh6Izb2IcybsY-XA\">Flickr<\/a> y <a href=\"http:\/\/www.youtube.com\/cepalonu\" data-saferedirecturl=\"https:\/\/www.google.com\/url?q=http:\/\/www.youtube.com\/cepalonu&amp;source=gmail&amp;ust=1627318095301000&amp;usg=AFQjCNHx_BBQULzTM2l_vF0NTHHxNn74bQ\">YouTube<\/a>.<\/p>\n","protected":false},"excerpt":{"rendered":"<p>Am\u00e9rica Latina y el Caribe puede y debe convertirse en un actor del desarrollo y la producci\u00f3n de nuevas vacunas, en el marco de una estrategia sanitaria regional concertada, afirm\u00f3 hoy Alicia B\u00e1rcena, Secretaria Ejecutiva de la Comisi\u00f3n Econ\u00f3mica para Am\u00e9rica Latina y el Caribe (CEPAL), ante 32 ministras y ministros de Relaciones Exteriores y [&hellip;]<\/p>\n","protected":false},"author":2,"featured_media":10389,"comment_status":"closed","ping_status":"open","sticky":false,"template":"","format":"standard","meta":[],"categories":[146,2],"tags":[9551,1027,9550],"wppr_data":{"cwp_meta_box_check":"No"},"_links":{"self":[{"href":"https:\/\/www.notaoficial.com\/s\/wp-json\/wp\/v2\/posts\/10388"}],"collection":[{"href":"https:\/\/www.notaoficial.com\/s\/wp-json\/wp\/v2\/posts"}],"about":[{"href":"https:\/\/www.notaoficial.com\/s\/wp-json\/wp\/v2\/types\/post"}],"author":[{"embeddable":true,"href":"https:\/\/www.notaoficial.com\/s\/wp-json\/wp\/v2\/users\/2"}],"replies":[{"embeddable":true,"href":"https:\/\/www.notaoficial.com\/s\/wp-json\/wp\/v2\/comments?post=10388"}],"version-history":[{"count":1,"href":"https:\/\/www.notaoficial.com\/s\/wp-json\/wp\/v2\/posts\/10388\/revisions"}],"predecessor-version":[{"id":10390,"href":"https:\/\/www.notaoficial.com\/s\/wp-json\/wp\/v2\/posts\/10388\/revisions\/10390"}],"wp:featuredmedia":[{"embeddable":true,"href":"https:\/\/www.notaoficial.com\/s\/wp-json\/wp\/v2\/media\/10389"}],"wp:attachment":[{"href":"https:\/\/www.notaoficial.com\/s\/wp-json\/wp\/v2\/media?parent=10388"}],"wp:term":[{"taxonomy":"category","embeddable":true,"href":"https:\/\/www.notaoficial.com\/s\/wp-json\/wp\/v2\/categories?post=10388"},{"taxonomy":"post_tag","embeddable":true,"href":"https:\/\/www.notaoficial.com\/s\/wp-json\/wp\/v2\/tags?post=10388"}],"curies":[{"name":"wp","href":"https:\/\/api.w.org\/{rel}","templated":true}]}}