{"id":10475,"date":"2021-08-21T20:06:35","date_gmt":"2021-08-22T00:06:35","guid":{"rendered":"https:\/\/www.notaoficial.com\/s\/?p=10475"},"modified":"2021-08-21T20:06:35","modified_gmt":"2021-08-22T00:06:35","slug":"banco-exterior-inauguro-espacios-vip-en-su-torre-principal","status":"publish","type":"post","link":"https:\/\/www.notaoficial.com\/s\/2021\/08\/21\/banco-exterior-inauguro-espacios-vip-en-su-torre-principal\/","title":{"rendered":"Banco Exterior inaugur\u00f3 espacios VIP en su Torre Principal"},"content":{"rendered":"<p>En sus palabras iniciales tras el corte de cinta, Mar\u00eda Isabel L\u00f3pez, presidenta Ejecutiva de la organizaci\u00f3n, expres\u00f3 su satisfacci\u00f3n por la inauguraci\u00f3n de los nuevos espacios. \u201cPara nosotros es importante seguir acompa\u00f1ando a nuestros clientes tanto del segmento persona natural, como comercial y corporativo a trav\u00e9s de nuestros servicios. En Banco Exterior, tenemos la certeza de que el servicio hace la diferencia y nosotros nos destacamos por brindar la excelencia\u201d, resalt\u00f3.<\/p>\n<p>Los nuevos lobbies VIP se suman a los productos y servicios con los que el Banco contin\u00faa innovando, ofreciendo a los clientes distintos segmentos con servicios de calidad, seguridad, confiabilidad y ofreciendo a trav\u00e9s de sus canales electr\u00f3nicos nuevas formas de gestionar sus productos. Dichos espacios est\u00e1n dotados de Internet WiFi de Alta Velocidad, surtidores de agua modernos, servicio de caf\u00e9 y atenci\u00f3n personalizada al momento.<\/p>\n<p>Cabe destacar que los espacios actualizados en la Agencia Urdaneta, ubicada en la Planta Baja de la torre del Banco Exterior, ya comenzaron a facilitar la entrega de puntos de venta digitales de \u00faltima tecnolog\u00eda a los nuevos aliados comerciales que se unen a la red en crecimiento.<\/p>\n<p>Banco Exterior, la soluci\u00f3n en tus manos.<\/p>\n","protected":false},"excerpt":{"rendered":"<p>En sus palabras iniciales tras el corte de cinta, Mar\u00eda Isabel L\u00f3pez, presidenta Ejecutiva de la organizaci\u00f3n, expres\u00f3 su satisfacci\u00f3n por la inauguraci\u00f3n de los nuevos espacios. \u201cPara nosotros es importante seguir acompa\u00f1ando a nuestros clientes tanto del segmento persona natural, como comercial y corporativo a trav\u00e9s de nuestros servicios. En Banco Exterior, tenemos la [&hellip;]<\/p>\n","protected":false},"author":2,"featured_media":10476,"comment_status":"closed","ping_status":"open","sticky":false,"template":"","format":"standard","meta":[],"categories":[93,146,2],"tags":[9585,9306,9586],"wppr_data":{"cwp_meta_box_check":"No"},"_links":{"self":[{"href":"https:\/\/www.notaoficial.com\/s\/wp-json\/wp\/v2\/posts\/10475"}],"collection":[{"href":"https:\/\/www.notaoficial.com\/s\/wp-json\/wp\/v2\/posts"}],"about":[{"href":"https:\/\/www.notaoficial.com\/s\/wp-json\/wp\/v2\/types\/post"}],"author":[{"embeddable":true,"href":"https:\/\/www.notaoficial.com\/s\/wp-json\/wp\/v2\/users\/2"}],"replies":[{"embeddable":true,"href":"https:\/\/www.notaoficial.com\/s\/wp-json\/wp\/v2\/comments?post=10475"}],"version-history":[{"count":1,"href":"https:\/\/www.notaoficial.com\/s\/wp-json\/wp\/v2\/posts\/10475\/revisions"}],"predecessor-version":[{"id":10477,"href":"https:\/\/www.notaoficial.com\/s\/wp-json\/wp\/v2\/posts\/10475\/revisions\/10477"}],"wp:featuredmedia":[{"embeddable":true,"href":"https:\/\/www.notaoficial.com\/s\/wp-json\/wp\/v2\/media\/10476"}],"wp:attachment":[{"href":"https:\/\/www.notaoficial.com\/s\/wp-json\/wp\/v2\/media?parent=10475"}],"wp:term":[{"taxonomy":"category","embeddable":true,"href":"https:\/\/www.notaoficial.com\/s\/wp-json\/wp\/v2\/categories?post=10475"},{"taxonomy":"post_tag","embeddable":true,"href":"https:\/\/www.notaoficial.com\/s\/wp-json\/wp\/v2\/tags?post=10475"}],"curies":[{"name":"wp","href":"https:\/\/api.w.org\/{rel}","templated":true}]}}