{"id":10489,"date":"2021-08-25T12:59:11","date_gmt":"2021-08-25T16:59:11","guid":{"rendered":"https:\/\/www.notaoficial.com\/s\/?p=10489"},"modified":"2021-08-25T12:59:11","modified_gmt":"2021-08-25T16:59:11","slug":"la-gran-fiesta-de-musica-venezolana-se-prende-en-el-centro-cultural-bod","status":"publish","type":"post","link":"https:\/\/www.notaoficial.com\/s\/2021\/08\/25\/la-gran-fiesta-de-musica-venezolana-se-prende-en-el-centro-cultural-bod\/","title":{"rendered":"La gran fiesta de m\u00fasica venezolana se prende en el Centro Cultural BOD"},"content":{"rendered":"<p>El <strong>s\u00e1bado<\/strong>\u00a0<strong>4 y \u00a0el domingo 5 de septiembre<\/strong>, el\u00a0<strong>Centro Cultural BOD\u00a0<\/strong>servir\u00e1 de escenario para celebrar la carrera de este importante cantor popular, quien podr\u00e1 cubrir gastos m\u00e9dicos con lo recaudado en el concierto.<\/p>\n<p>Francisco Pacheco, Betsayda Machado, Aquiles B\u00e1ez, Cheo Hurtado, Trina Medina, Huguette Contramestre, Daniel Somaroo, David Pe\u00f1a, Miguel Delgado Estevez, Luisana P\u00e9rez, Cecilia Todd, Marta Doudier, Jorge Torres, Tabaire D\u00edaz, Alida Gonz\u00e1lez, Orheo G\u00f3mez, Antonio Clemente, Wilfredo Mendoza y\u00a0Adri\u00e1n Oscar Lista, entre otros, entonar\u00e1n distintos g\u00e9neros de la m\u00fasica tradicional venezolana en un\u00a0\u00a0canto de amor y amistad hacia este cultor popular, solista de agrupaciones como Convenezuela, Costa Caribe, Vasallos del Sol, Los Parranderos de Mendoza y m\u00e1s recientemente, La Parranda Selecta, que tambi\u00e9n estar\u00e1 presente en esta fiesta.<\/p>\n<p>\u201cSaber que tantos artistas importantes est\u00e1n aportando un granito de arena para que se realice este concierto, en el que se van a recaudar fondos para comprar medicinas en pro de mi salud, y est\u00e1n haci\u00e9ndolo sin cobrar un centavo, solo porque me conocen, me llena de mucha emoci\u00f3n y gratitud\u2026 significa bastante en mi vida\u201d, ha dicho Palacios conmovido por la receptividad que ha tenido el espect\u00e1culo.<\/p>\n<p>\u00abEl p\u00fablico vibrar\u00e1 con parrandas, sangueos, cantos de sirena, tambor mina, culo \u2018e puya, joropos, malague\u00f1a y calipsos, entre otras sorpresas, que incluyen m\u00fasica y danza tradicional venezolana y latinocaribe\u00f1a\u00bb, agrega el cantante y promotor cultural, egresado de la Escuela de Artes de la UCV quien,\u00a0desde antes de cumplir de 15 a\u00f1os de edad, comenz\u00f3 a poner su voz y alma en velorios de Cruz de Mayo \u2013que aun organiza\u2014, tamunangues, fiestas de San Juan y cuanta celebraci\u00f3n tradicional existiese.<\/p>\n<p>El espect\u00e1culo, realizado en coproducci\u00f3n con el Centro Cultural BOD,\u00a0 cuenta con la direcci\u00f3n musical de Javier Mar\u00edn, la direcci\u00f3n coreogr\u00e1fica de Yaritza Tineo y Dervy Palacios, y la direcci\u00f3n t\u00e9cnica de Julio M\u00e9ndez.<\/p>\n<p>Esta imperdible cita con lo mejor de nuestra m\u00fasica es el pr\u00f3ximo s\u00e1bado 4 de septiembre, a las 4:00 p.m. y el domingo 5,\u00a0a las 11:30 a.m. Las entradas est\u00e1n a la venta en <a href=\"http:\/\/ve.Ticketmundo.com\" target=\"_blank\" rel=\"noopener\" data-saferedirecturl=\"https:\/\/www.google.com\/url?q=http:\/\/ve.Ticketmundo.com&amp;source=gmail&amp;ust=1629996600925000&amp;usg=AFQjCNFEO2gE9wq628m8YdzvdtSAbEUP1Q\">ve.Ticketmundo.com<\/a> y en las taquillas del teatro.<\/p>\n<p>M\u00e1s informaci\u00f3n a trav\u00e9s de @CCulturalBod en las redes sociales. Tambi\u00e9n pueden seguir al artista en su cuenta de Instagram: @angelpalast.<\/p>\n","protected":false},"excerpt":{"rendered":"<p>El s\u00e1bado\u00a04 y \u00a0el domingo 5 de septiembre, el\u00a0Centro Cultural BOD\u00a0servir\u00e1 de escenario para celebrar la carrera de este importante cantor popular, quien podr\u00e1 cubrir gastos m\u00e9dicos con lo recaudado en el concierto. Francisco Pacheco, Betsayda Machado, Aquiles B\u00e1ez, Cheo Hurtado, Trina Medina, Huguette Contramestre, Daniel Somaroo, David Pe\u00f1a, Miguel Delgado Estevez, Luisana P\u00e9rez, Cecilia [&hellip;]<\/p>\n","protected":false},"author":2,"featured_media":10490,"comment_status":"closed","ping_status":"open","sticky":false,"template":"","format":"standard","meta":[],"categories":[93,463,146,2],"tags":[379,3460,381,9590],"wppr_data":{"cwp_meta_box_check":"No"},"_links":{"self":[{"href":"https:\/\/www.notaoficial.com\/s\/wp-json\/wp\/v2\/posts\/10489"}],"collection":[{"href":"https:\/\/www.notaoficial.com\/s\/wp-json\/wp\/v2\/posts"}],"about":[{"href":"https:\/\/www.notaoficial.com\/s\/wp-json\/wp\/v2\/types\/post"}],"author":[{"embeddable":true,"href":"https:\/\/www.notaoficial.com\/s\/wp-json\/wp\/v2\/users\/2"}],"replies":[{"embeddable":true,"href":"https:\/\/www.notaoficial.com\/s\/wp-json\/wp\/v2\/comments?post=10489"}],"version-history":[{"count":1,"href":"https:\/\/www.notaoficial.com\/s\/wp-json\/wp\/v2\/posts\/10489\/revisions"}],"predecessor-version":[{"id":10491,"href":"https:\/\/www.notaoficial.com\/s\/wp-json\/wp\/v2\/posts\/10489\/revisions\/10491"}],"wp:featuredmedia":[{"embeddable":true,"href":"https:\/\/www.notaoficial.com\/s\/wp-json\/wp\/v2\/media\/10490"}],"wp:attachment":[{"href":"https:\/\/www.notaoficial.com\/s\/wp-json\/wp\/v2\/media?parent=10489"}],"wp:term":[{"taxonomy":"category","embeddable":true,"href":"https:\/\/www.notaoficial.com\/s\/wp-json\/wp\/v2\/categories?post=10489"},{"taxonomy":"post_tag","embeddable":true,"href":"https:\/\/www.notaoficial.com\/s\/wp-json\/wp\/v2\/tags?post=10489"}],"curies":[{"name":"wp","href":"https:\/\/api.w.org\/{rel}","templated":true}]}}