{"id":10630,"date":"2021-10-24T13:21:41","date_gmt":"2021-10-24T17:21:41","guid":{"rendered":"https:\/\/www.notaoficial.com\/s\/?p=10630"},"modified":"2021-10-24T13:21:41","modified_gmt":"2021-10-24T17:21:41","slug":"llega-la-semanaglobalprobono-con-las-mejores-personas-para-transformar-el-mundo","status":"publish","type":"post","link":"https:\/\/www.notaoficial.com\/s\/2021\/10\/24\/llega-la-semanaglobalprobono-con-las-mejores-personas-para-transformar-el-mundo\/","title":{"rendered":"Llega la #SemanaGlobalProBono con las mejores personas para transformar el mundo"},"content":{"rendered":"<p dir=\"ltr\">Despu\u00e9s de un obligatorio receso, los miembros de la red Global Pro Bono encendieron sus motores para reencontrarse, mostrar y compartir lo mejor de sus conocimientos, aprendizajes, actividades y experiencias en la gran #SemanaGlobalProBono del 24 al 31 de octubre porque The best people to transform the world.<\/p>\n<p dir=\"ltr\">La Pro Bono Week son siete d\u00edas cargados de impacto transformador por los protagonistas de las iniciativas pro bono alrededor del mundo, en los que organizaciones de Asia, Europa, las Am\u00e9ricas, Australia y \u00c1frica celebrar\u00e1n y honrar\u00e1n el trabajo voluntario de todos los profesionales, quienes adem\u00e1s con el uso de sus talentos, marcan una diferencia positiva en las comunidades locales que deciden apoyar generando as\u00ed el impacto positivo en las distintas sociedades y que tanto se requiere.<\/p>\n<p dir=\"ltr\">Cada a\u00f1o,miles de personas ofrecen voluntariamente su experiencia profesional en marketing, servicios legales, recursos humanos, estrategia, TI, entre otras, apoyando as\u00ed a las organizaciones sin fines de lucro. Muestra de ello es lo que podr\u00e1s ver en esta grandiosa #SemanaGlobalProBono que tiene su agenda en<a href=\"http:\/\/www.globalprobonoweek.com\" target=\"_blank\" rel=\"noopener\" data-saferedirecturl=\"https:\/\/www.google.com\/url?q=http:\/\/www.globalprobonoweek.com&amp;source=gmail&amp;ust=1635182112670000&amp;usg=AFQjCNGzQzWIdj9_tZMVK-hrbSRNZLRDog\"> www.globalprobonoweek.com<\/a>.<\/p>\n<p dir=\"ltr\">En esta nueva p\u00e1gina web, te enterar\u00e1s en la secci\u00f3n de calendario todas las actividades que se est\u00e1n dando en distintas partes del planeta, para que reserves tu fecha y participes en la que te sea de m\u00e1s agrado porque son sin costo alguno y hay en diferentes idiomas. Adem\u00e1s, en este nuevo site, conocer\u00e1s y ver\u00e1s m\u00e1s sobre qui\u00e9nes est\u00e1n detr\u00e1s de esta maravillosa labor, testimonios de beneficiarios y obtendr\u00e1s recursos que te guiar\u00e1n por los m\u00faltiples aportes de una iniciativa pro bono.<\/p>\n<p dir=\"ltr\">Algunas de las sesiones que podr\u00e1s ver en esta semana son: C\u00f3mo obtener de forma gratuita el apoyo que necesita tu organizaci\u00f3n sin fines de lucro, Un webinar para pensar acerca del 2022 y c\u00f3mo organizar programas sociales, Conecta con los voluntarios para fortalecer tu peque\u00f1a empresa, Marca la diferencia utilizando tus habilidades profesionales, entre otras.<\/p>\n<p dir=\"ltr\">\u00a1Que el mundo entero se contagie de esta labor! As\u00ed que si ya haces pro bono pero a\u00fan no perteneces a la red o quieres sumergirte en esto, contacta a los organizadores a trav\u00e9s de la p\u00e1gina web<a href=\"http:\/\/www.globalprobonoweek.com\" target=\"_blank\" rel=\"noopener\" data-saferedirecturl=\"https:\/\/www.google.com\/url?q=http:\/\/www.globalprobonoweek.com&amp;source=gmail&amp;ust=1635182112670000&amp;usg=AFQjCNGzQzWIdj9_tZMVK-hrbSRNZLRDog\"> www.globalprobonoweek.com<\/a> o de sus cuentas en las redes sociales <a href=\"https:\/\/www.instagram.com\/probonoweek\/\" target=\"_blank\" rel=\"noopener\" data-saferedirecturl=\"https:\/\/www.google.com\/url?q=https:\/\/www.instagram.com\/probonoweek\/&amp;source=gmail&amp;ust=1635182112670000&amp;usg=AFQjCNEtxF0QR2k6P5Y_8jXrpGVAOJTLKA\">Instagram: Probonoweek<\/a>, <a href=\"https:\/\/twitter.com\/ProBono_Week\" target=\"_blank\" rel=\"noopener\" data-saferedirecturl=\"https:\/\/www.google.com\/url?q=https:\/\/twitter.com\/ProBono_Week&amp;source=gmail&amp;ust=1635182112670000&amp;usg=AFQjCNEgkYipPHOziMdEybJYan4C45W6Pg\">Twitter: probono_week<\/a> y en <a href=\"https:\/\/www.linkedin.com\/company\/35501920\" target=\"_blank\" rel=\"noopener\" data-saferedirecturl=\"https:\/\/www.google.com\/url?q=https:\/\/www.linkedin.com\/company\/35501920&amp;source=gmail&amp;ust=1635182112670000&amp;usg=AFQjCNHbTgfutMqfk_qSe-VMuMCHd85QJA\">LinkedIn: GlobalProBonoWee<\/a>k o escr\u00edbeles un correo a \u00a0<a href=\"mailto:probonoweek@globalprobono.org\" target=\"_blank\" rel=\"noopener\">probonoweek@globalprobono.org<\/a><wbr \/>.<\/p>\n<p dir=\"ltr\">Impr\u00e9gnate de estas energ\u00edas y s\u00e9 una de esas mejores personas que transformar\u00e1n el mundo, participa en #GlobalProBonoWeek2021, un evento organizado por <a href=\"https:\/\/globalprobono.org\/\" target=\"_blank\" rel=\"noopener\" data-saferedirecturl=\"https:\/\/www.google.com\/url?q=https:\/\/globalprobono.org\/&amp;source=gmail&amp;ust=1635182112670000&amp;usg=AFQjCNF5qxXagbTXjHtMaiz70Knd0eT5IQ\">Global Pro Bono Network<\/a> con el apoyo de <a href=\"https:\/\/bmw-foundation.org\/en\/our-work\/respond-accelerator\/?gclid=CjwKCAjwwsmLBhACEiwANq-tXHWprscp-RPX5OcUAlJ1Po2tRcWDe-zPUEvDqTPjmq4gQFTztN-V3hoCMmwQAvD_BwE\" target=\"_blank\" rel=\"noopener\" data-saferedirecturl=\"https:\/\/www.google.com\/url?q=https:\/\/bmw-foundation.org\/en\/our-work\/respond-accelerator\/?gclid%3DCjwKCAjwwsmLBhACEiwANq-tXHWprscp-RPX5OcUAlJ1Po2tRcWDe-zPUEvDqTPjmq4gQFTztN-V3hoCMmwQAvD_BwE&amp;source=gmail&amp;ust=1635182112670000&amp;usg=AFQjCNEGCNAGGPp98jrl2ZyvR6dVSELzsg\">BMW Foundation<\/a>.<\/p>\n","protected":false},"excerpt":{"rendered":"<p>Despu\u00e9s de un obligatorio receso, los miembros de la red Global Pro Bono encendieron sus motores para reencontrarse, mostrar y compartir lo mejor de sus conocimientos, aprendizajes, actividades y experiencias en la gran #SemanaGlobalProBono del 24 al 31 de octubre porque The best people to transform the world. La Pro Bono Week son siete d\u00edas [&hellip;]<\/p>\n","protected":false},"author":2,"featured_media":10631,"comment_status":"closed","ping_status":"open","sticky":false,"template":"","format":"standard","meta":[],"categories":[93,463,146,2],"tags":[9652,9651,9650,9614],"wppr_data":{"cwp_meta_box_check":"No"},"_links":{"self":[{"href":"https:\/\/www.notaoficial.com\/s\/wp-json\/wp\/v2\/posts\/10630"}],"collection":[{"href":"https:\/\/www.notaoficial.com\/s\/wp-json\/wp\/v2\/posts"}],"about":[{"href":"https:\/\/www.notaoficial.com\/s\/wp-json\/wp\/v2\/types\/post"}],"author":[{"embeddable":true,"href":"https:\/\/www.notaoficial.com\/s\/wp-json\/wp\/v2\/users\/2"}],"replies":[{"embeddable":true,"href":"https:\/\/www.notaoficial.com\/s\/wp-json\/wp\/v2\/comments?post=10630"}],"version-history":[{"count":1,"href":"https:\/\/www.notaoficial.com\/s\/wp-json\/wp\/v2\/posts\/10630\/revisions"}],"predecessor-version":[{"id":10632,"href":"https:\/\/www.notaoficial.com\/s\/wp-json\/wp\/v2\/posts\/10630\/revisions\/10632"}],"wp:featuredmedia":[{"embeddable":true,"href":"https:\/\/www.notaoficial.com\/s\/wp-json\/wp\/v2\/media\/10631"}],"wp:attachment":[{"href":"https:\/\/www.notaoficial.com\/s\/wp-json\/wp\/v2\/media?parent=10630"}],"wp:term":[{"taxonomy":"category","embeddable":true,"href":"https:\/\/www.notaoficial.com\/s\/wp-json\/wp\/v2\/categories?post=10630"},{"taxonomy":"post_tag","embeddable":true,"href":"https:\/\/www.notaoficial.com\/s\/wp-json\/wp\/v2\/tags?post=10630"}],"curies":[{"name":"wp","href":"https:\/\/api.w.org\/{rel}","templated":true}]}}