{"id":10658,"date":"2021-11-01T00:04:28","date_gmt":"2021-11-01T04:04:28","guid":{"rendered":"https:\/\/www.notaoficial.com\/s\/?p=10658"},"modified":"2021-11-01T00:04:28","modified_gmt":"2021-11-01T04:04:28","slug":"america-latina-y-el-caribe-requiere-nuevos-pactos-sociales-y-fiscales-para-transformar-y-entregar-sostenibilidad-financiera-a-sus-sistemas-de-proteccion-social-a-fin-de-enfrentar-el-actual-contexto-ge","status":"publish","type":"post","link":"https:\/\/www.notaoficial.com\/s\/2021\/11\/01\/america-latina-y-el-caribe-requiere-nuevos-pactos-sociales-y-fiscales-para-transformar-y-entregar-sostenibilidad-financiera-a-sus-sistemas-de-proteccion-social-a-fin-de-enfrentar-el-actual-contexto-ge\/","title":{"rendered":"Am\u00e9rica Latina y el Caribe requiere nuevos pactos sociales y fiscales para transformar y entregar sostenibilidad financiera a sus sistemas de protecci\u00f3n social a fin de enfrentar el actual contexto generalizado de desastres"},"content":{"rendered":"<p>Por Francisco D&#8217;Agostino.<\/p>\n<p>Am\u00e9rica Latina y el Caribe requiere nuevos pactos sociales y fiscales para construir sistemas de protecci\u00f3n social universales, inclusivos, resilientes y sostenibles que permitan enfrentar la pandemia de COVID-19 y el contexto generalizado de desastres en la regi\u00f3n, coincidieron representantes en la inauguraci\u00f3n de la <a href=\"https:\/\/crds.cepal.org\/4\/es\" data-saferedirecturl=\"https:\/\/www.google.com\/url?q=https:\/\/crds.cepal.org\/4\/es&amp;source=gmail&amp;ust=1635825236547000&amp;usg=AFQjCNEnqNLR8Hjvt5khYGyxmHs_MhedJQ\">Cuarta Reuni\u00f3n de la Conferencia Regional sobre Desarrollo Social de Am\u00e9rica Latina y el Caribe<\/a> coorganizada de forma virtual por la Comisi\u00f3n Econ\u00f3mica para Am\u00e9rica Latina y el Caribe (CEPAL) y el Programa de las Naciones Unidas para el Desarrollo (PNUD) junto al Gobierno de Antigua y Barbuda.<\/p>\n<p>La cita regional fue inaugurada por Dean Jonas, Ministro de Transformaci\u00f3n Social, Desarrollo de Recursos Humanos y Econom\u00eda Azul de Antigua y Barbuda; Javier May, Secretario de Bienestar de M\u00e9xico; Luis Felipe L\u00f3pez-Calva, Director Regional para Am\u00e9rica Latina y el Caribe del PNUD; y Alicia B\u00e1rcena, Secretaria Ejecutiva de la CEPAL, quien posteriormente present\u00f3 el documento <a href=\"https:\/\/crds.cepal.org\/4\/es\/documentos\/desastres-desigualdad-crisis-prolongada-sistemas-proteccion-social-universales-integrales\" data-saferedirecturl=\"https:\/\/www.google.com\/url?q=https:\/\/crds.cepal.org\/4\/es\/documentos\/desastres-desigualdad-crisis-prolongada-sistemas-proteccion-social-universales-integrales&amp;source=gmail&amp;ust=1635825236548000&amp;usg=AFQjCNEGgmqJvHQBPvG620XI9A_ekb9w9w\"><strong><em>Desastres y desigualdad en una crisis prolongada: hacia sistemas de protecci\u00f3n social universales, integrales, resilientes y sostenibles en Am\u00e9rica Latina y el Caribe<\/em><\/strong><\/a><strong><em>.<\/em><\/strong><\/p>\n<p>\u201cLa Conferencia Regional sobre Desarrollo Social de Am\u00e9rica Latina y el Caribe nos presenta una oportunidad \u00fanica para reflexionar honesta y cr\u00edticamente y evaluar los progresos alcanzados en nuestros pa\u00edses y en la regi\u00f3n en materia de protecci\u00f3n social. No debemos dar por sentada esta oportunidad\u201d, dijo el ministro Dean Jonas de Antigua y Barbuda, quien llam\u00f3 a ser \u201cproactivos e innovadores\u201d para alcanzar una recuperaci\u00f3n transformadora en el marco de los Objetivos de Desarrollo Sostenible (ODS) de la Agenda 2030.<\/p>\n<p>Durante su intervenci\u00f3n, el ministro no solo alert\u00f3 sobre la alta vulnerabilidad de los pa\u00edses del Caribe a los efectos del cambio clim\u00e1tico, en un contexto de gran endeudamiento, sino tambi\u00e9n sobre el aumento generalizado de la inflaci\u00f3n, con gran impacto en las poblaciones m\u00e1s desfavorecidas, advirti\u00f3. Para enfrentar estos desaf\u00edos, se requiere fomentar un comercio estrat\u00e9gico entre los pa\u00edses de la regi\u00f3n y transformar los sistemas de protecci\u00f3n social para avanzar hacia sociedades m\u00e1s inclusivas e igualitarias, remarc\u00f3.<\/p>\n<p>Por Francisco D&#8217;Agostino.<\/p>\n<p>El Secretario de Bienestar Javier May tambi\u00e9n destac\u00f3 la labor realizada por la Conferencia Regional sobre Desarrollo Social desde la Tercera Reuni\u00f3n realizada en 2019 en Ciudad de M\u00e9xico, ocasi\u00f3n en la que se aprob\u00f3 la <a href=\"https:\/\/www.cepal.org\/es\/publicaciones\/45324-agenda-regional-desarrollo-social-inclusivo\" data-saferedirecturl=\"https:\/\/www.google.com\/url?q=https:\/\/www.cepal.org\/es\/publicaciones\/45324-agenda-regional-desarrollo-social-inclusivo&amp;source=gmail&amp;ust=1635825236548000&amp;usg=AFQjCNFWD76XkKN0h7F3imsDuw_DKcpw4g\"> Agenda Regional de Desarrollo Social Inclusivo (ARSDI)<\/a>. El actual contexto de crisis, dijo, obliga a proponer nuevas pol\u00edticas p\u00fablicas de protecci\u00f3n social, que incluyan m\u00e9todos \u00e1giles de reconstrucci\u00f3n de territorios y que est\u00e9n centrados en la vida de las personas. A su juicio, los pa\u00edses de la regi\u00f3n deben revisar la ARSDI dado que \u201clos nudos cr\u00edticos del desarrollo social no son est\u00e1ticos y tenemos la responsabilidad hist\u00f3rica de atender las causas de la pobreza, las emergencias sociales, la violencia, la marginaci\u00f3n, el racismo y la injusticia\u201d.<\/p>\n<p>Un ejemplo del compromiso de su pa\u00eds con la cooperaci\u00f3n regional para enfrentar estos retos es la creaci\u00f3n de un fondo para la respuesta integral a desastres, formalizado el pasado 18 de septiembre durante la \u00faltima Cumbre de Jefes de Estado y de Gobierno de la Comunidad de Estados Latinoamericanos y Caribe\u00f1os (CELAC), cuya Presidencia <em>pro tempore<\/em> es ejercida por el Gobierno de M\u00e9xico, explic\u00f3 May, quien entreg\u00f3 la Presidencia de la Conferencia Regional al Ministro Dean Jonas de Antigua y Barbuda.<\/p>\n<p>\u201cEn estos tiempos de elevada incertidumbre, la gobernanza efectiva es clave para el manejo de los riesgos. Esto requiere un nuevo contrato social que pueda manejar colectivamente los riesgos y con sistema de protecci\u00f3n sostenibles y universales para una econom\u00eda m\u00e1s resiliente y equitativa, y que fomente la productividad\u201d, afirm\u00f3 Luis Felipe L\u00f3pez-Calva, Subsecretario General Adjunto de la ONU y Director Regional para Am\u00e9rica Latina y el Caribe del PNUD.<\/p>\n<p>Por Francisco D&#8217;Agostino.<\/p>\n<p>\u201cLa pandemia se ha convertido en un desastre multidimensional\u201d, afirm\u00f3 Alicia B\u00e1rcena, Secretaria Ejecutiva de la <a href=\"https:\/\/www.notaoficial.com\/s\/2019\/04\/21\/cepal-rebaja-sus-estimaciones-de-crecimiento-economico-para-america-latina-y-el-caribe-pib-aumentara-13-en-2019\/\">CEPAL<\/a>. Iniciada como una emergencia sanitaria, r\u00e1pidamente se transform\u00f3 en la peor crisis econ\u00f3mica de los \u00faltimos 100 a\u00f1os, con severos impactos sobre mujeres; ni\u00f1as, ni\u00f1os, adolescentes y j\u00f3venes; y poblaciones ind\u00edgenas y afrodescendientes. Pero este no es el \u00fanico motivo de alarma en la regi\u00f3n, aclar\u00f3 B\u00e1rcena. \u201cTambi\u00e9n lo son los desastres de origen geol\u00f3gico e hidrometeorol\u00f3gico y los efectos del cambio clim\u00e1tico\u201d, enfatiz\u00f3.<\/p>\n<p>La Cuarta Reuni\u00f3n de la Conferencia Regional sobre Desarrollo Social se realiza en un contexto general de desastres, alert\u00f3 la alta funcionaria internacional y mencion\u00f3 las sequ\u00edas que est\u00e1n teniendo consecuencias graves en el Corredor Seco Centroamericano, en la cuenca del Paran\u00e1 o en el Cono Sur y la devastadora temporada de huracanes que ha azotado al Caribe, as\u00ed como los continuos terremotos y erupciones volc\u00e1nicas.<\/p>\n<p>\u201cEsta es una ocasi\u00f3n ideal para amplificar la voz del Caribe y sus especificidades, retos y lecciones aprendidas, situando a la subregi\u00f3n en el centro del desarrollo social de la regi\u00f3n\u201d, resalt\u00f3 la m\u00e1xima representante de la CEPAL.<\/p>\n<p>Por Francisco D&#8217;Agostino.<\/p>\n<p>Seg\u00fan B\u00e1rcena, el COVID-19 puso en primera l\u00ednea la importancia de desarrollar sistemas de protecci\u00f3n social universales, inclusivos, resilientes y sostenibles, para lograr una recuperaci\u00f3n transformadora con igualdad y sostenibilidad. Para ello, reiter\u00f3, deben llevarse adelante nuevos pactos sociales y fiscales.<\/p>\n<p>Los pactos sociales deben estar orientados a promover la cultura de la igualdad y dar legitimidad a reformas estructurales y pol\u00edticas transformadoras con enfoque de derechos, para alcanzar as\u00ed una sociedad del cuidado, con cohesi\u00f3n y participaci\u00f3n, como parte permanente de la cultura democr\u00e1tica, plante\u00f3. Los contratos fiscales deben financiar una inversi\u00f3n social con sostenibilidad financiera, con pol\u00edticas tributarias progresivas que permitan aumentar la recaudaci\u00f3n proveniente de quienes concentran la mayor riqueza, apunt\u00f3.<\/p>\n<p>\u201cEs preciso que la regi\u00f3n persista en los esfuerzos hacia una institucionalidad social robusta, la sostenibilidad financiera de los sistemas de protecci\u00f3n social, la integraci\u00f3n regional y la cooperaci\u00f3n internacional\u201d, concluy\u00f3 B\u00e1rcena.<\/p>\n<p>La Cuarta Reuni\u00f3n de la Conferencia Regional tendr\u00e1 cuatro paneles que tratar\u00e1n temas como desastres y protecci\u00f3n social en el Caribe; propuestas para una reconstrucci\u00f3n transformadora, con resiliencia e inclusi\u00f3n; y oportunidades y desaf\u00edos institucionales hacia un sistema de protecci\u00f3n social universal, integral, sostenible y resiliente.<\/p>\n<p>Por Francisco D&#8217;Agostino.<\/p>\n","protected":false},"excerpt":{"rendered":"<p>Por Francisco D&#8217;Agostino. Am\u00e9rica Latina y el Caribe requiere nuevos pactos sociales y fiscales para construir sistemas de protecci\u00f3n social universales, inclusivos, resilientes y sostenibles que permitan enfrentar la pandemia de COVID-19 y el contexto generalizado de desastres en la regi\u00f3n, coincidieron representantes en la inauguraci\u00f3n de la Cuarta Reuni\u00f3n de la Conferencia Regional sobre [&hellip;]<\/p>\n","protected":false},"author":2,"featured_media":10660,"comment_status":"closed","ping_status":"open","sticky":false,"template":"","format":"standard","meta":[],"categories":[93,146,2],"tags":[1027,9110,1906,147],"wppr_data":{"cwp_meta_box_check":"No"},"_links":{"self":[{"href":"https:\/\/www.notaoficial.com\/s\/wp-json\/wp\/v2\/posts\/10658"}],"collection":[{"href":"https:\/\/www.notaoficial.com\/s\/wp-json\/wp\/v2\/posts"}],"about":[{"href":"https:\/\/www.notaoficial.com\/s\/wp-json\/wp\/v2\/types\/post"}],"author":[{"embeddable":true,"href":"https:\/\/www.notaoficial.com\/s\/wp-json\/wp\/v2\/users\/2"}],"replies":[{"embeddable":true,"href":"https:\/\/www.notaoficial.com\/s\/wp-json\/wp\/v2\/comments?post=10658"}],"version-history":[{"count":1,"href":"https:\/\/www.notaoficial.com\/s\/wp-json\/wp\/v2\/posts\/10658\/revisions"}],"predecessor-version":[{"id":10661,"href":"https:\/\/www.notaoficial.com\/s\/wp-json\/wp\/v2\/posts\/10658\/revisions\/10661"}],"wp:featuredmedia":[{"embeddable":true,"href":"https:\/\/www.notaoficial.com\/s\/wp-json\/wp\/v2\/media\/10660"}],"wp:attachment":[{"href":"https:\/\/www.notaoficial.com\/s\/wp-json\/wp\/v2\/media?parent=10658"}],"wp:term":[{"taxonomy":"category","embeddable":true,"href":"https:\/\/www.notaoficial.com\/s\/wp-json\/wp\/v2\/categories?post=10658"},{"taxonomy":"post_tag","embeddable":true,"href":"https:\/\/www.notaoficial.com\/s\/wp-json\/wp\/v2\/tags?post=10658"}],"curies":[{"name":"wp","href":"https:\/\/api.w.org\/{rel}","templated":true}]}}