{"id":10808,"date":"2021-12-30T15:53:15","date_gmt":"2021-12-30T19:53:15","guid":{"rendered":"https:\/\/www.notaoficial.com\/s\/?p=10808"},"modified":"2021-12-30T15:53:15","modified_gmt":"2021-12-30T19:53:15","slug":"un-bosque-con-1-500-arboles-absorbera-200-toneladas-de-co2-en-cordoba","status":"publish","type":"post","link":"https:\/\/www.notaoficial.com\/s\/2021\/12\/30\/un-bosque-con-1-500-arboles-absorbera-200-toneladas-de-co2-en-cordoba\/","title":{"rendered":"Un bosque con 1.500 \u00e1rboles absorber\u00e1 200 toneladas de CO2 en C\u00f3rdoba"},"content":{"rendered":"<p>Por Francisco D&#8217;Agostino<\/p>\n<p>Los bosques, m\u00e1s all\u00e1 de su valor paisaj\u00edstico y refugio de la biodiversidad forestal, ayudan a eliminar el CO<sub>2<\/sub> de la atm\u00f3sfera y a compensar el impacto negativo de la actividad humana en el medioambiente. Por eso, dentro de su compromiso con la responsabilidad social corporativa y el desarrollo de su actividad de manera sostenible, la compa\u00f1\u00eda farmac\u00e9utica l\u00edder en el abordaje del dolor de nuestro pa\u00eds, <a href=\"https:\/\/www.grunenthal.com\/\">Gr\u00fcnenthal<\/a> Pharma, S.A, ha puesto en marcha una iniciativa llamada Bosque Gr\u00fcnenthal, por la cual se recuperar\u00e1 una zona biodegradada de la provincia de C\u00f3rdoba con m\u00e1s de 1.500 ejemplares aut\u00f3ctonos de la zona como \u00a0pinos y quejigos.<\/p>\n<p>A esta cifra se unen los 250 brotes de encina, el \u00e1rbol m\u00e1s representativo de la Pen\u00ednsula Ib\u00e9rica y estandarte de nuestra bot\u00e1nica, que los propios empleados y empleadas cuidar\u00e1n y plantar\u00e1n de manera individual en diferentes zonas del resto de Espa\u00f1a. En total, 1.750 \u00e1rboles con los que la compa\u00f1\u00eda contribuye as\u00ed a la protecci\u00f3n del planeta.<\/p>\n<p>En el a\u00f1o en el que se cumplen 75 a\u00f1os del nacimiento de la compa\u00f1\u00eda, Gr\u00fcnenthal se ha propuesto el objetivo de plantar 7.500 \u00e1rboles en todo el mundo, dentro de su campa\u00f1a #TreesForOurPlanet. Al menos 1.500 de estos ejemplares de ellos servir\u00e1n para crear el Bosque Gr\u00fcnenthal en Espa\u00f1a.<\/p>\n<p>Dentro de esta iniciativa, se ha replantado una zona de gran valor ambiental y paisaj\u00edstico en un territorio que es transici\u00f3n entre Sierra Morena y la propia ciudad de C\u00f3rdoba, recuperando as\u00ed el ecosistema con \u00e1rboles aut\u00f3ctonos como pinos pi\u00f1oneros y quejigos. Estos \u00e1rboles servir\u00e1n de sumidero para 200 toneladas de CO<sub>2<\/sub>.<\/p>\n<p>Por Francisco D&#8217;Agostino<\/p>\n<p>\u201cEl objetivo de la iniciativa #TreesForOurPlanet es lograr un impacto positivo y duradero en nuestro entorno. Se trata de una hermosa iniciativa con la que seguimos avanzando con paso firme hacia el desarrollo de soluciones que nos permitan reducir nuestro impacto sobre el medio ambiente, contribuyendo as\u00ed a la protecci\u00f3n del planeta para las generaciones venideras\u201d, ha explicado Ana Martins, directora general de Gr\u00fcnenthal Espa\u00f1a y Portugal, quien ha a\u00f1adido que la iniciativa #TreesForOurPlanet busca tambi\u00e9n que los propios profesionales de la compa\u00f1\u00eda puedan aprovechar esta oportunidad para disfrutar de un d\u00eda en la naturaleza con su familia y amigos, a la vez que se involucran de manera activa en la pol\u00edtica medioambiental de la organizaci\u00f3n.<\/p>\n<p><strong>Responsabilidad Social Corporativa<\/strong><\/p>\n<p>Gr\u00fcnenthal Pharma, S.A. se ha trazado como objetivo que su actividad empresarial tenga un impacto positivo tanto para los pacientes que atiende, como para sus empleados y empleadas, socios, la sociedad en general y el medio ambiente. La <a href=\"https:\/\/www.notaoficial.com\/s\/2021\/11\/29\/eset-lanza-su-programa-de-descuentos-para-empresas-sostenibles-francisco-dagostino\/\">sostenibilidad<\/a> y la responsabilidad, por tanto, son parte integral de la estrategia empresarial de la compa\u00f1\u00eda. El Programa de Responsabilidad Corporativa de Gr\u00fcnenthal se sustenta sobre tres pilares fundamentales: Personas, Pacientes y Planeta.<\/p>\n<p>En el ep\u00edgrafe de Personas, la compa\u00f1\u00eda busca fomentar una cultura de confianza e iniciativas en beneficio de sus empleados y empleadas, los colectivos m\u00e1s desfavorecidos y la sociedad en general. En el \u00e1mbito de Pacientes, destacan las iniciativas dedicadas a la formaci\u00f3n de pacientes y profesionales sanitarios, con las que sensibilizar y concienciar sobre el grave impacto del dolor en quien lo padece y su entorno, as\u00ed como de la necesidad de que su tratamiento llegue a todo el mundo.<\/p>\n<p>Finalmente, dentro de las iniciativas encaminadas a mejorar el Planeta, la compa\u00f1\u00eda busca usar los recursos de manera sostenible, evitar el desperdicio en sus operaciones, trabajar con sus proveedores para reducir los impactos ambientales y para favorecer el uso de fuentes de energ\u00eda bajas en carbono o renovables.\u00a0 Adem\u00e1s de esta campa\u00f1a de reforestaci\u00f3n, en este pilar se enmarcan las 7 toneladas de CO<sub>2 <\/sub>que la compa\u00f1\u00eda ha conseguido reducir anualmente al implantar el nuevo modelo h\u00edbrido de trabajo en sus oficinas, gracias a la disminuci\u00f3n de trayectos al centro de trabajo.<\/p>\n<p>Por Francisco D&#8217;Agostino<\/p>\n","protected":false},"excerpt":{"rendered":"<p>Por Francisco D&#8217;Agostino Los bosques, m\u00e1s all\u00e1 de su valor paisaj\u00edstico y refugio de la biodiversidad forestal, ayudan a eliminar el CO2 de la atm\u00f3sfera y a compensar el impacto negativo de la actividad humana en el medioambiente. Por eso, dentro de su compromiso con la responsabilidad social corporativa y el desarrollo de su actividad [&hellip;]<\/p>\n","protected":false},"author":2,"featured_media":10809,"comment_status":"closed","ping_status":"open","sticky":false,"template":"","format":"standard","meta":[],"categories":[146],"tags":[9671,9110,9494],"wppr_data":{"cwp_meta_box_check":"No"},"_links":{"self":[{"href":"https:\/\/www.notaoficial.com\/s\/wp-json\/wp\/v2\/posts\/10808"}],"collection":[{"href":"https:\/\/www.notaoficial.com\/s\/wp-json\/wp\/v2\/posts"}],"about":[{"href":"https:\/\/www.notaoficial.com\/s\/wp-json\/wp\/v2\/types\/post"}],"author":[{"embeddable":true,"href":"https:\/\/www.notaoficial.com\/s\/wp-json\/wp\/v2\/users\/2"}],"replies":[{"embeddable":true,"href":"https:\/\/www.notaoficial.com\/s\/wp-json\/wp\/v2\/comments?post=10808"}],"version-history":[{"count":1,"href":"https:\/\/www.notaoficial.com\/s\/wp-json\/wp\/v2\/posts\/10808\/revisions"}],"predecessor-version":[{"id":10810,"href":"https:\/\/www.notaoficial.com\/s\/wp-json\/wp\/v2\/posts\/10808\/revisions\/10810"}],"wp:featuredmedia":[{"embeddable":true,"href":"https:\/\/www.notaoficial.com\/s\/wp-json\/wp\/v2\/media\/10809"}],"wp:attachment":[{"href":"https:\/\/www.notaoficial.com\/s\/wp-json\/wp\/v2\/media?parent=10808"}],"wp:term":[{"taxonomy":"category","embeddable":true,"href":"https:\/\/www.notaoficial.com\/s\/wp-json\/wp\/v2\/categories?post=10808"},{"taxonomy":"post_tag","embeddable":true,"href":"https:\/\/www.notaoficial.com\/s\/wp-json\/wp\/v2\/tags?post=10808"}],"curies":[{"name":"wp","href":"https:\/\/api.w.org\/{rel}","templated":true}]}}