{"id":10961,"date":"2022-03-10T08:56:36","date_gmt":"2022-03-10T12:56:36","guid":{"rendered":"https:\/\/www.notaoficial.com\/s\/?p=10961"},"modified":"2022-03-11T09:06:30","modified_gmt":"2022-03-11T13:06:30","slug":"naturicos-presenta-sus-cereales-con-nueva-formula-nutricional-francisco-dagostino","status":"publish","type":"post","link":"https:\/\/www.notaoficial.com\/s\/2022\/03\/10\/naturicos-presenta-sus-cereales-con-nueva-formula-nutricional-francisco-dagostino\/","title":{"rendered":"Naturicos presenta sus cereales con nueva f\u00f3rmula nutricional."},"content":{"rendered":"<p>Por Francisco D&#8217;Agostino<\/p>\n<p>Las alianzas estrat\u00e9gicas han sido el factor fundamental para que la marca venezolana Naturicos, Logre presentar al consumidor un cereal con una robustecida f\u00f3rmula nutricional, garantizando un producto m\u00e1s suave y crocante, que atrapa el paladar de la familia, con sus galletas rellenas de crema de chocolate y coco.<\/p>\n<p>Jonathan Graterol, gerente de planta de <a href=\"https:\/\/www.google.com\/url?sa=t&amp;rct=j&amp;q=&amp;esrc=s&amp;source=web&amp;cd=&amp;cad=rja&amp;uact=8&amp;ved=2ahUKEwiHwqbqj772AhVTSjABHSr6CRYQFnoECAQQAQ&amp;url=https%3A%2F%2Fve.linkedin.com%2Fcompany%2Fnaturicos&amp;usg=AOvVaw1BrU0As5bYbgDBY4oWtbhf\">Industrias Anros<\/a>, ubicada en Barquisimeto y aliada de la marca Natulac, califica como positiva la presencia de Naturicos, tanto en el mercado nacional como internacional, debido a que ha tenido una aceptaci\u00f3n importante.<\/p>\n<p>\u201cAcabamos de cumplir diez a\u00f1os en el mercado nacional y durante los dos \u00faltimos, hemos logrado incursionar en pa\u00edses como Panam\u00e1, Estados Unidos, Chile, Aruba y Espa\u00f1a. Nuestros productos ChocoX2 Pilos y Coco Pilos, elaborados en un 80% con ingredientes de producci\u00f3n nacional, han logrado un balance en cuanto su valor nutricional y adem\u00e1s en su contextura y presentaci\u00f3n\u201d.<\/p>\n<p>Por Francisco D&#8217;Agostino<\/p>\n<p><b>Cereales con 8 vitaminas y minerales<\/b><\/p>\n<p>La f\u00f3rmula de los cereales de Naturicos, son una combinaci\u00f3n de harina de arroz, avena y ma\u00edz, resultando un\u00a0 producto de alto valor nutricional, seg\u00fan expone Graterol.<\/p>\n<p>Un total de 8 vitaminas y minerales se encuentran en la composici\u00f3n de las peque\u00f1as galletas\u00a0 crocantes con forma de almohadas -de all\u00ed su nombre en ingl\u00e9s Pilos-, entre las que se encuentran <a href=\"https:\/\/www.notaoficial.com\/s\/2019\/05\/07\/la-tabla-de-composicion-de-alimentos-es-una-guia-indispensable\/\">vitaminas A, C, B1, B2 y B6<\/a>; adem\u00e1s de hierro y zinc.<\/p>\n<p>\u201cEs un producto que se encuentra en toda Venezuela y va dirigido a la familia, pues se trata de cereales que pueden utilizarse en el desayuno, como snack o de merienda. De all\u00ed sus dos presentaciones, de 40 gramos, en bolsas peque\u00f1as, y de 220 gramos en estuche; ideales para compartir en cualquier momento del d\u00eda y durante cualquier actividad<\/p>\n<p>Por Francisco D&#8217;Agostino<\/p>\n<p><b>Una marca nacional de calidad<\/b><\/p>\n<p>Cada uno de los procesos para la elaboraci\u00f3n de los productos Naturicos, ChocoX2 Pilos y Coco Pilos, cumplen con protocolos de calidad, que van desde la selecci\u00f3n de una cuidadosa materia prima hasta el seguimiento y supervisi\u00f3n de cada una de las etapas de elaboraci\u00f3n de los productos.<\/p>\n<p>La planta de producci\u00f3n cuenta con tecnolog\u00eda de punta francesa. En la actualidad\u00a0 60 empleados, la mayor\u00eda t\u00e9cnicos e ingenieros, trabajan a dos turnos, logrando mantener\u00a0 la operatividad de la planta.<\/p>\n<p>Por Francisco D&#8217;Agostino<\/p>\n","protected":false},"excerpt":{"rendered":"<p>Por Francisco D&#8217;Agostino Las alianzas estrat\u00e9gicas han sido el factor fundamental para que la marca venezolana Naturicos, Logre presentar al consumidor un cereal con una robustecida f\u00f3rmula nutricional, garantizando un producto m\u00e1s suave y crocante, que atrapa el paladar de la familia, con sus galletas rellenas de crema de chocolate y coco. Jonathan Graterol, gerente [&hellip;]<\/p>\n","protected":false},"author":2,"featured_media":10962,"comment_status":"closed","ping_status":"open","sticky":false,"template":"","format":"standard","meta":[],"categories":[93,2],"tags":[9685,9110],"wppr_data":{"cwp_meta_box_check":"No"},"_links":{"self":[{"href":"https:\/\/www.notaoficial.com\/s\/wp-json\/wp\/v2\/posts\/10961"}],"collection":[{"href":"https:\/\/www.notaoficial.com\/s\/wp-json\/wp\/v2\/posts"}],"about":[{"href":"https:\/\/www.notaoficial.com\/s\/wp-json\/wp\/v2\/types\/post"}],"author":[{"embeddable":true,"href":"https:\/\/www.notaoficial.com\/s\/wp-json\/wp\/v2\/users\/2"}],"replies":[{"embeddable":true,"href":"https:\/\/www.notaoficial.com\/s\/wp-json\/wp\/v2\/comments?post=10961"}],"version-history":[{"count":1,"href":"https:\/\/www.notaoficial.com\/s\/wp-json\/wp\/v2\/posts\/10961\/revisions"}],"predecessor-version":[{"id":10963,"href":"https:\/\/www.notaoficial.com\/s\/wp-json\/wp\/v2\/posts\/10961\/revisions\/10963"}],"wp:featuredmedia":[{"embeddable":true,"href":"https:\/\/www.notaoficial.com\/s\/wp-json\/wp\/v2\/media\/10962"}],"wp:attachment":[{"href":"https:\/\/www.notaoficial.com\/s\/wp-json\/wp\/v2\/media?parent=10961"}],"wp:term":[{"taxonomy":"category","embeddable":true,"href":"https:\/\/www.notaoficial.com\/s\/wp-json\/wp\/v2\/categories?post=10961"},{"taxonomy":"post_tag","embeddable":true,"href":"https:\/\/www.notaoficial.com\/s\/wp-json\/wp\/v2\/tags?post=10961"}],"curies":[{"name":"wp","href":"https:\/\/api.w.org\/{rel}","templated":true}]}}