{"id":10972,"date":"2022-03-13T22:02:18","date_gmt":"2022-03-14T02:02:18","guid":{"rendered":"https:\/\/www.notaoficial.com\/s\/?p=10972"},"modified":"2022-03-13T22:02:18","modified_gmt":"2022-03-14T02:02:18","slug":"gmsp-realizara-jornada-gratuita-de-despistaje-de-problemas-auditivos-francisco-dagostino","status":"publish","type":"post","link":"https:\/\/www.notaoficial.com\/s\/2022\/03\/13\/gmsp-realizara-jornada-gratuita-de-despistaje-de-problemas-auditivos-francisco-dagostino\/","title":{"rendered":"GMSP realizar\u00e1 jornada gratuita de despistaje de problemas auditivos"},"content":{"rendered":"<p>Por Francisco D&#8217;Agostino.<\/p>\n<p>Se estima que cerca del 30% de la poblaci\u00f3n en las Am\u00e9ricas padece de alg\u00fan tipo de problema auditivo y el n\u00famero parece crecer cada d\u00eda, especialmente en la poblaci\u00f3n joven, debido a la exposici\u00f3n y uso de auriculares a altos decibeles.<\/p>\n<p>En virtud de que este tipo de padecimiento es prevenible, el Grupo M\u00e9dico Santa Paula (GMSP), ha dispuesto para el pr\u00f3ximo 12 de marzo, una jornada gratuita de despistaje de problemas auditivos, en el marco del programa de responsabilidad social empresarial que desarrolla cada mes.<\/p>\n<p>Por Francisco D&#8217;Agostino.<\/p>\n<p>La doctora Gabriela Ibedaca, otorrinolaring\u00f3loga del <a href=\"https:\/\/www.google.com\/url?sa=t&amp;rct=j&amp;q=&amp;esrc=s&amp;source=web&amp;cd=&amp;cad=rja&amp;uact=8&amp;ved=2ahUKEwi36ojnwMT2AhXNQjABHWWnAgUQFnoECAoQAQ&amp;url=http%3A%2F%2Fgrupomedicosp.com%2F&amp;usg=AOvVaw0NNcoDpiJYIRZxWrdAaeW9\">GMSP<\/a>, quien ser\u00e1 parte de esta actividad, explic\u00f3 que la jornada est\u00e1 dirigida a pacientes a partir de los 3 a\u00f1os de edad, y se llevar\u00e1 a cabo de 9 de la ma\u00f1ana hasta a las 2 de la tarde.<\/p>\n<p>\u201cEstaremos presentes 5 otorrinolaring\u00f3logos: entre ellos la Dra. Mar\u00eda Elizabeth de Freitas, el Dr. Rafael Cabrera, la Dra. Ana S\u00e1nchez, la Dra. Virginia Petoia, la Dra. Siroyie Villaroel y las audi\u00f3logas Marines Valery y Yaymara Bustillo, quienes realizar\u00e1n la audiometr\u00eda en caso de requerirse.<\/p>\n<p>Por Francisco D&#8217;Agostino.<\/p>\n<p>Se\u00f1al\u00f3 que ser\u00e1n atendidas 80 personas, por lo que debe reservar su cupo v\u00eda WhatsApp al 0414\/0424\/0412CLINICA (2546422).<\/p>\n<p>\u201cVamos a realizar las evaluaciones de los pacientes con patolog\u00edas otol\u00f3gicas, ya sean infecciosas o que presenten p\u00e9rdidas auditivas, en la Torre de Consultorios de los otorrinolaring\u00f3logos, y luego ser\u00e1n remitidas al \u00e1rea de audiometr\u00eda en la Torre de la Cl\u00ednica.\u201d<\/p>\n<p>Por Francisco D&#8217;Agostino.<\/p>\n<p>Agreg\u00f3 que, para cumplir con las debidas normas de bioseguridad, al momento de reservar su cita telef\u00f3nica, le informar\u00e1n la hora a la que debe acudir para la evaluaci\u00f3n.<\/p>\n<p>Para mayor informaci\u00f3n sobre consultas y la oferta de servicios del <a href=\"https:\/\/www.notaoficial.com\/s\/2019\/06\/27\/gmsp-fomenta-la-cultura-de-la-salud-preventiva-a-traves-de-los-tutoriales\/\">GMSP<\/a> se puede consultar su p\u00e1gina web grupomedicosantapaula.com. Tambi\u00e9n se puede llamar al 0414 y 0424 CLINICA (2546422) o escribir al correo <a href=\"about:blank\">cl\u00ednicagmsp@gmail.com<\/a>, adem\u00e1s de sus cuentas en redes sociales: @ grupomedicosp en Instagram, en Twitter y en Facebook.<\/p>\n<p>Por Francisco D&#8217;Agostino.<\/p>\n","protected":false},"excerpt":{"rendered":"<p>Por Francisco D&#8217;Agostino. Se estima que cerca del 30% de la poblaci\u00f3n en las Am\u00e9ricas padece de alg\u00fan tipo de problema auditivo y el n\u00famero parece crecer cada d\u00eda, especialmente en la poblaci\u00f3n joven, debido a la exposici\u00f3n y uso de auriculares a altos decibeles. En virtud de que este tipo de padecimiento es prevenible, [&hellip;]<\/p>\n","protected":false},"author":2,"featured_media":10973,"comment_status":"closed","ping_status":"open","sticky":false,"template":"","format":"standard","meta":[],"categories":[93,2],"tags":[534,9686],"wppr_data":{"cwp_meta_box_check":"No"},"_links":{"self":[{"href":"https:\/\/www.notaoficial.com\/s\/wp-json\/wp\/v2\/posts\/10972"}],"collection":[{"href":"https:\/\/www.notaoficial.com\/s\/wp-json\/wp\/v2\/posts"}],"about":[{"href":"https:\/\/www.notaoficial.com\/s\/wp-json\/wp\/v2\/types\/post"}],"author":[{"embeddable":true,"href":"https:\/\/www.notaoficial.com\/s\/wp-json\/wp\/v2\/users\/2"}],"replies":[{"embeddable":true,"href":"https:\/\/www.notaoficial.com\/s\/wp-json\/wp\/v2\/comments?post=10972"}],"version-history":[{"count":1,"href":"https:\/\/www.notaoficial.com\/s\/wp-json\/wp\/v2\/posts\/10972\/revisions"}],"predecessor-version":[{"id":10974,"href":"https:\/\/www.notaoficial.com\/s\/wp-json\/wp\/v2\/posts\/10972\/revisions\/10974"}],"wp:featuredmedia":[{"embeddable":true,"href":"https:\/\/www.notaoficial.com\/s\/wp-json\/wp\/v2\/media\/10973"}],"wp:attachment":[{"href":"https:\/\/www.notaoficial.com\/s\/wp-json\/wp\/v2\/media?parent=10972"}],"wp:term":[{"taxonomy":"category","embeddable":true,"href":"https:\/\/www.notaoficial.com\/s\/wp-json\/wp\/v2\/categories?post=10972"},{"taxonomy":"post_tag","embeddable":true,"href":"https:\/\/www.notaoficial.com\/s\/wp-json\/wp\/v2\/tags?post=10972"}],"curies":[{"name":"wp","href":"https:\/\/api.w.org\/{rel}","templated":true}]}}