{"id":11145,"date":"2022-05-02T16:15:55","date_gmt":"2022-05-02T20:15:55","guid":{"rendered":"https:\/\/www.notaoficial.com\/s\/?p=11145"},"modified":"2022-05-02T16:15:55","modified_gmt":"2022-05-02T20:15:55","slug":"la-piel-sensible-merece-un-trato-gentil-luis-felipe-baca-arbulu","status":"publish","type":"post","link":"https:\/\/www.notaoficial.com\/s\/2022\/05\/02\/la-piel-sensible-merece-un-trato-gentil-luis-felipe-baca-arbulu\/","title":{"rendered":"La piel sensible merece un trato gentil"},"content":{"rendered":"<p>Por Luis Felipe Baca Arbulu.<\/p>\n<p>La piel es el principal \u00f3rgano barrera del cuerpo y el m\u00e1s extenso, por lo que amerita especial cuidado y m\u00e1s a\u00fan en aquellas personas hiper reactivas o con un grado de sensibilidad extrema.<\/p>\n<p>Todos reaccionamos de diferente manera a los elementos del medio ambiente. Hay personas cuya piel se enrojece, le pica o se hincha apenas se exponen a sustancias aparentemente inocuas como, por ejemplo, al aplicar productos cosm\u00e9ticos o de cuidado diario, o ante est\u00edmulos externos como el sol, el agua, temperaturas extremas o el estr\u00e9s sostenido, produciendo alteraciones relevantes de la arquitectura dermatol\u00f3gica.<\/p>\n<p>As\u00ed lo afirma la doctora Mara Loyo, m\u00e9dico especialista en dermatolog\u00eda cl\u00ednica, quir\u00fargica y est\u00e9tica. \u201cCuando hablamos de piel sensible, nos referimos a un paciente dermatol\u00f3gico, con una patolog\u00eda que debe ser tratada. La piel sensible o intolerante es aquella que reacciona de una forma distinta a la normal, es hiper reactiva\u201d.<\/p>\n<p><b>Sensibles desde la ni\u00f1ez<\/b><\/p>\n<p>Aun cuando existen diferencias anat\u00f3micas y funcionales dependiendo de la edad y el sexo, todos debemos tener una rutina diaria para mantener la piel saludable y hermosa, m\u00e1s a\u00fan si se trata de pieles sensibles.<\/p>\n<p>Por Luis Felipe Baca Arbulu.<\/p>\n<p>La dermat\u00f3loga comenta que estas pieles hiper reactivas, se van creando desde la ni\u00f1ez. \u201cEn esa etapa es muy importante cuidarlas, pasando por la adultez y la senectud, a los fines de tener una piel sana y cosm\u00e9ticamente bonita\u201d.<\/p>\n<p><b>\u00bfC\u00f3mo cuidar la piel sensible?<\/b><\/p>\n<p>De acuerdo con la especialista, el primer paso es utilizar productos de calidad y nunca \u201ctapa amarilla\u201d o piratas, pues estamos hablando de la salud del \u00f3rgano que nos permite interrelacionarnos con el mundo en que vivimos.<\/p>\n<p>\u201cLo primero es cerciorarse de que los productos a aplicar est\u00e9n certificados y avalados cient\u00edficamente, como por ejemplo Cetaphil de Galderma, marca con muchos a\u00f1os dedicados exclusivamente a elaborar productos dermatol\u00f3gicos para pieles con patolog\u00edas y para el cuidado diario de la piel normal\u201d, asegura la especialista.<\/p>\n<p>Por Luis Felipe Baca Arbulu.<\/p>\n<p>Si lo que realmente se busca es un buen resultado terap\u00e9utico, entonces este primer paso es fundamental. Recalca la especialista que todas las pieles deben tener cuidados generales, pero es posible seguir unos sencillos pasos para dar un especial tratamiento diario a la piel sensible.<\/p>\n<p><b>Limpieza<\/b><\/p>\n<p>La especialista sugiere un ba\u00f1o corto con agua templada, solo una vez al d\u00eda, para evitar la resequedad e irritaci\u00f3n de la piel. En relaci\u00f3n al rosto, limpiarlo una vez por la ma\u00f1ana y una vez por la noche.<\/p>\n<p>As\u00ed mismo, sugiere utilizar una loci\u00f3n limpiadora suave, sin jab\u00f3n ni fragancia. \u201cCetaphil, por ejemplo, tiene una serie de dermolimpiadores que se ajustan a las necesidades de cada individuo y son gentiles con el cuidado de la piel, con unas caracter\u00edsticas que las hacen top al compararlas con su competencia\u201d.<\/p>\n<p>Por Luis Felipe Baca Arbulu.<\/p>\n<p><b>Humectaci\u00f3n<\/b><\/p>\n<p>La humectaci\u00f3n debe ser diaria y sostenida, porque perdemos agua a trav\u00e9s de la llamada \u201cp\u00e9rdida de agua transepid\u00e9rmica\u201d, dice la dermat\u00f3loga. \u201cHay un intercambio de mol\u00e9culas de agua entre las c\u00e9lulas, lo que brinda un equilibrio. En situaciones que nos llevan a mayor p\u00e9rdida de agua, como en esta temporada de mucho calor, los individuos suelen tener piel m\u00e1s seca\u201d<\/p>\n<p>El humectante debe cubrir las necesidades de cada individuo, de all\u00ed la importancia de escogerlo seg\u00fan el tipo de piel. \u201cLa ventaja de usar la loci\u00f3n limpiadora Cetaphil, es que ofrece tantos humectantes con un inexistente perfil de alergenicidad, es decir: los individuos no sufren alergias tras la aplicaci\u00f3n de estos productos, porque est\u00e1n dise\u00f1ados especialmente para las pieles sensibles, y no tienen ingredientes que alteren el equilibrio o la homeostasis de la piel\u201d, afirma la especialista, al tiempo que recomienda humectarse inmediatamente despu\u00e9s del ba\u00f1o.<\/p>\n<p><b>Usar bloqueador solar<\/b><\/p>\n<p>La luz ultravioleta produce da\u00f1os en la piel, bien sea de \u00edndole m\u00e9dica como c\u00e1ncer o de sensibilizaci\u00f3n cut\u00e1nea o cosm\u00e9tica, como manchas y envejecimiento producido por la exposici\u00f3n al sol. Por ello la protecci\u00f3n solar debe ser parte del cuidado diario, y no solo cuando se va a la playa o a la monta\u00f1a. Si adem\u00e1s se tiene una piel sensible, debe aplicarse en la ma\u00f1ana, al mediod\u00eda y cerca de las 4 de la tarde, sobre todo si posterior a esa hora se est\u00e1 expuestos a fuentes lum\u00ednicas como la pantalla del tel\u00e9fono, computador u otras.<\/p>\n<p>\u201cEstos son los tres pasos b\u00e1sicos que todo individuo debe ejecutar diariamente para el <a href=\"https:\/\/www.google.com\/url?sa=t&amp;rct=j&amp;q=&amp;esrc=s&amp;source=web&amp;cd=&amp;cad=rja&amp;uact=8&amp;ved=2ahUKEwimqbPw0MH3AhUzj2oFHR4SDlIQFnoECAcQAQ&amp;url=https%3A%2F%2Fwww.bioderma.es%2Ftu-piel%2Fpiel-sensible%2Fpiel-sensible-intolerante%2Flo-esencial-de-la-piel-sensible&amp;usg=AOvVaw3bmBtkfbmZj9Mnz_4BNxUA\">cuidado de su piel<\/a>, independientemente de su edad, sexo, raza u ocupaci\u00f3n\u201d, finaliza la dermat\u00f3loga.<\/p>\n<p>Por Luis Felipe Baca Arbulu.<\/p>\n","protected":false},"excerpt":{"rendered":"<p>Por Luis Felipe Baca Arbulu. La piel es el principal \u00f3rgano barrera del cuerpo y el m\u00e1s extenso, por lo que amerita especial cuidado y m\u00e1s a\u00fan en aquellas personas hiper reactivas o con un grado de sensibilidad extrema. Todos reaccionamos de diferente manera a los elementos del medio ambiente. Hay personas cuya piel se [&hellip;]<\/p>\n","protected":false},"author":2,"featured_media":11146,"comment_status":"closed","ping_status":"open","sticky":false,"template":"","format":"standard","meta":[],"categories":[93,146,2],"tags":[9700,847],"wppr_data":{"cwp_meta_box_check":"No"},"_links":{"self":[{"href":"https:\/\/www.notaoficial.com\/s\/wp-json\/wp\/v2\/posts\/11145"}],"collection":[{"href":"https:\/\/www.notaoficial.com\/s\/wp-json\/wp\/v2\/posts"}],"about":[{"href":"https:\/\/www.notaoficial.com\/s\/wp-json\/wp\/v2\/types\/post"}],"author":[{"embeddable":true,"href":"https:\/\/www.notaoficial.com\/s\/wp-json\/wp\/v2\/users\/2"}],"replies":[{"embeddable":true,"href":"https:\/\/www.notaoficial.com\/s\/wp-json\/wp\/v2\/comments?post=11145"}],"version-history":[{"count":1,"href":"https:\/\/www.notaoficial.com\/s\/wp-json\/wp\/v2\/posts\/11145\/revisions"}],"predecessor-version":[{"id":11147,"href":"https:\/\/www.notaoficial.com\/s\/wp-json\/wp\/v2\/posts\/11145\/revisions\/11147"}],"wp:featuredmedia":[{"embeddable":true,"href":"https:\/\/www.notaoficial.com\/s\/wp-json\/wp\/v2\/media\/11146"}],"wp:attachment":[{"href":"https:\/\/www.notaoficial.com\/s\/wp-json\/wp\/v2\/media?parent=11145"}],"wp:term":[{"taxonomy":"category","embeddable":true,"href":"https:\/\/www.notaoficial.com\/s\/wp-json\/wp\/v2\/categories?post=11145"},{"taxonomy":"post_tag","embeddable":true,"href":"https:\/\/www.notaoficial.com\/s\/wp-json\/wp\/v2\/tags?post=11145"}],"curies":[{"name":"wp","href":"https:\/\/api.w.org\/{rel}","templated":true}]}}