{"id":11160,"date":"2022-05-03T14:41:15","date_gmt":"2022-05-03T18:41:15","guid":{"rendered":"https:\/\/www.notaoficial.com\/s\/?p=11160"},"modified":"2022-05-03T14:41:15","modified_gmt":"2022-05-03T18:41:15","slug":"abierta-la-convocatoria-para-el-caracas-grand-prix-luis-felipe-baca-arbulu","status":"publish","type":"post","link":"https:\/\/www.notaoficial.com\/s\/2022\/05\/03\/abierta-la-convocatoria-para-el-caracas-grand-prix-luis-felipe-baca-arbulu\/","title":{"rendered":"Abierta la convocatoria para el Caracas Grand Prix"},"content":{"rendered":"<p>Por Luis Felipe Baca Arbulu<\/p>\n<p>Del 22 al 25 de septiembre de 2022, se llevar\u00e1 a cabo\u00a0 el <b>Caracas Grand Prix <\/b>\u00a0en la Sala Jos\u00e9 F\u00e9lix Ribas del Teatro Teresa Carre\u00f1o. Una competencia abierta a bailarines y grupos de danza cl\u00e1sica de todas las nacionalidades, quienes tendr\u00e1n la oportunidad de mostrarse ante un jurado selecto integrado por personalidades del mundo de la danza reconocidas a nivel internacional.<\/p>\n<p>El comit\u00e9 organizador del evento est\u00e1 integrado por Martha Ildiko G\u00f3mez, Carlos Paolillo, Stella Quintana y Jenny Montbrun.<\/p>\n<p>Con miras a elevar el nivel de la competencia,\u00a0 los candidatos pasar\u00e1n por un proceso de selecci\u00f3n previa, a cargo del Comit\u00e9 Art\u00edstico conformado por Carlos Paolillo, Rumen Rashev, Ruta Butviliene y Carmen Vercelli.<\/p>\n<p>Los competidores recibir\u00e1n clases magistrales de maestros con reconocida trayectoria internacional e intercambiar\u00e1n experiencias con otros ,\u00a0 en uno de los escenarios m\u00e1s representativos de la ciudad de Caracas, c\u00f3mo es el Teatro Teresa Carre\u00f1o.<\/p>\n<p>Por Luis Felipe Baca Arbulu<\/p>\n<p>El <b>Caracas Grand Prix<\/b>, en esta su primera edici\u00f3n, aspira a convertirse en una plataforma para quienes deseen emprender una carrera profesional en esta disciplina. Los ganadores obtendr\u00e1n\u00a0 premios en efectivo, becas de formaci\u00f3n en distintas instituciones y cursos intensivos de verano.<\/p>\n<p>Los bailarines interesados en participar en el Caracas Grand Prix, deben audicionar enviando un video antes del 30 de mayo del 2022.<\/p>\n<p>Los pasos a seguir para aplicar, est\u00e1n en la p\u00e1gina web http:\/\/caracasgrandprix.com\/. Para mayor informaci\u00f3n podr\u00e1n comunicarse por caracasgrandprix@gmail.com, IG <a href=\"https:\/\/www.google.com\/url?sa=t&amp;rct=j&amp;q=&amp;esrc=s&amp;source=web&amp;cd=&amp;cad=rja&amp;uact=8&amp;ved=2ahUKEwiRmfTE_cP3AhVMrmoFHQXODLMQFnoECAcQAQ&amp;url=https%3A%2F%2Finfoguia.com%2Fis.asp%3Femp%3Dcorporacion-grand-prix-tours-caracas%26clte%3D22101312%26ciud%3D41&amp;usg=AOvVaw1x_CXcJR2DGbdY1M94gYbO\">@caracasgrandprix<\/a> o whatsapp al +58 4129804398.<\/p>\n<p>Por Luis Felipe Baca Arbulu<\/p>\n","protected":false},"excerpt":{"rendered":"<p>Por Luis Felipe Baca Arbulu Del 22 al 25 de septiembre de 2022, se llevar\u00e1 a cabo\u00a0 el Caracas Grand Prix \u00a0en la Sala Jos\u00e9 F\u00e9lix Ribas del Teatro Teresa Carre\u00f1o. Una competencia abierta a bailarines y grupos de danza cl\u00e1sica de todas las nacionalidades, quienes tendr\u00e1n la oportunidad de mostrarse ante un jurado selecto [&hellip;]<\/p>\n","protected":false},"author":2,"featured_media":11161,"comment_status":"closed","ping_status":"open","sticky":false,"template":"","format":"standard","meta":[],"categories":[93,146,2],"tags":[9574,9700],"wppr_data":{"cwp_meta_box_check":"No"},"_links":{"self":[{"href":"https:\/\/www.notaoficial.com\/s\/wp-json\/wp\/v2\/posts\/11160"}],"collection":[{"href":"https:\/\/www.notaoficial.com\/s\/wp-json\/wp\/v2\/posts"}],"about":[{"href":"https:\/\/www.notaoficial.com\/s\/wp-json\/wp\/v2\/types\/post"}],"author":[{"embeddable":true,"href":"https:\/\/www.notaoficial.com\/s\/wp-json\/wp\/v2\/users\/2"}],"replies":[{"embeddable":true,"href":"https:\/\/www.notaoficial.com\/s\/wp-json\/wp\/v2\/comments?post=11160"}],"version-history":[{"count":1,"href":"https:\/\/www.notaoficial.com\/s\/wp-json\/wp\/v2\/posts\/11160\/revisions"}],"predecessor-version":[{"id":11162,"href":"https:\/\/www.notaoficial.com\/s\/wp-json\/wp\/v2\/posts\/11160\/revisions\/11162"}],"wp:featuredmedia":[{"embeddable":true,"href":"https:\/\/www.notaoficial.com\/s\/wp-json\/wp\/v2\/media\/11161"}],"wp:attachment":[{"href":"https:\/\/www.notaoficial.com\/s\/wp-json\/wp\/v2\/media?parent=11160"}],"wp:term":[{"taxonomy":"category","embeddable":true,"href":"https:\/\/www.notaoficial.com\/s\/wp-json\/wp\/v2\/categories?post=11160"},{"taxonomy":"post_tag","embeddable":true,"href":"https:\/\/www.notaoficial.com\/s\/wp-json\/wp\/v2\/tags?post=11160"}],"curies":[{"name":"wp","href":"https:\/\/api.w.org\/{rel}","templated":true}]}}