{"id":11218,"date":"2022-05-08T22:02:15","date_gmt":"2022-05-09T02:02:15","guid":{"rendered":"https:\/\/www.notaoficial.com\/s\/?p=11218"},"modified":"2022-05-08T22:02:15","modified_gmt":"2022-05-09T02:02:15","slug":"85-jovenes-participaran-en-2do-taller-storytelling-flavio-borquez-tarff","status":"publish","type":"post","link":"https:\/\/www.notaoficial.com\/s\/2022\/05\/08\/85-jovenes-participaran-en-2do-taller-storytelling-flavio-borquez-tarff\/","title":{"rendered":"85 j\u00f3venes participaran en 2do taller Storytelling"},"content":{"rendered":"<p>Por Flavio Borquez Tarff<\/p>\n<p>Un total de 85 j\u00f3venes con edades comprendidas entre los 10 y 20 a\u00f1os fueron los ganadores del concurso Yo soy artista, fot\u00f3grafo, escritora promovido por el Centro Cultural de la Universidad Cat\u00f3lica Andr\u00e9s Bello y la Fundaci\u00f3n Telema, patrocinado por el CVA del Centro y Centro Venezolano Americano de Las Mercedes, que se ofrecer\u00e1 a partir del jueves 21 de abril de 2022, entre las 3:00 y 5:00 pm, a trav\u00e9s de la plataforma Zoom.<\/p>\n<p>De acuerdo con Yelitza M\u00e9ndez, coordinadora de extensi\u00f3n del Centro Cultural UCAB, de 118 propuestas recibidas v\u00eda correo electr\u00f3nico, calificaron 85 ni\u00f1os y adolescentes, quienes tendr\u00e1n la oportunidad de desarrollar proyectos creativos, fundamentado en personalidades importantes dentro de la sociedad y la cultura venezolana y estadounidense.<\/p>\n<p>El proceso de contar historias con una marca educativa \u2013art\u00edstica se basar\u00e1 en la selecci\u00f3n de seis personajes. Ellos son: Miguel Otero Silva y Truman Capote, destacados escritores con novelas publicadas que son <a href=\"https:\/\/www.google.com\/url?sa=t&amp;rct=j&amp;q=&amp;esrc=s&amp;source=web&amp;cd=&amp;cad=rja&amp;uact=8&amp;ved=2ahUKEwj8n9izqdH3AhU1SzABHfMYDmMQFnoECB4QAQ&amp;url=https%3A%2F%2Fwww.euroinnovaformacion.com.ve%2Fcurso-storytelling&amp;usg=AOvVaw1qebyez08hQxIi29p0iKzn\">referencias mundiales<\/a>; Antonio Brice\u00f1o, bi\u00f3logo, fot\u00f3grafo, artista digital, amante de la naturaleza, y Steve McCurry fotoperiodista mundialmente conocido por sus retratos realizados en la Guerra de Afganist\u00e1n; Armando Rever\u00f3n, uno de los artistas pl\u00e1sticos de mayor trascendencia en la historia del arte venezolano, precursor del arte povera con sus mu\u00f1ecas de trapo y El Castillete, y finalmente se revisar\u00e1 el concepto de Judy Chicago, pintora, escultora, pionera del arte y feminista estadounidense.<\/p>\n<p>Por Flavio Borquez Tarff<\/p>\n<p>Las actividades, a cargo de un equipo interdisciplinario, la iniciaran los aliados de la plataforma comunicacional Letras Planeta; las mismas se realizar\u00e1n en bloques de dos horas, martes y jueves de cada semana. La duraci\u00f3n del taller es de 16 horas (m\u00e1s una semana para la entrega final y la exposici\u00f3n de proyectos).<\/p>\n<p>Cronograma<br \/>\n1era semana<br \/>\nJueves 21 de abril.<\/p>\n<p>Ponente: Joaqu\u00edn Pereira, editor literario de la Casa de Escritores de Espa\u00f1a. Tem\u00e1tica: Del humor al periodismo: Miguel Otero Silva.<\/p>\n<p>Martes 26 de abril.<\/p>\n<p>Ponente: Carmelo Urso, escritor y director de la Academia Urso. Tem\u00e1tica: De los Rolling Stones a Truman Capote.<\/p>\n<p>2da semana<br \/>\nJueves 28 de abril.<\/p>\n<p>Ponente: Curadora y docente Susana Benko. Tem\u00e1tica: Azul, blanco y sepia: el arte de la luz de Armando Rever\u00f3n.<\/p>\n<p>Martes 03 de mayo.<\/p>\n<p>Ponente: Maripili Golpe, psic\u00f3loga del Centro de Asesoramiento y Desarrollo Humano UCAB y Alejandra Santana, periodista. Tem\u00e1tica: La mirada fotogr\u00e1fica y la paz mundial en tiempos de guerra: Steve McCurry.<\/p>\n<p>Por Flavio Borquez Tarff<\/p>\n<p>3era semana<br \/>\nJueves 05 de mayo.<\/p>\n<p>Ponente: Adriana Barrios, artista pl\u00e1stico, Yelitza M\u00e9ndez, periodista. Tem\u00e1tica: El arte, la mujer y la libertad de expresi\u00f3n en el ojo de Judy Chicago.<\/p>\n<p>Martes 10 de mayo<\/p>\n<p>Ponente: Antonio Brice\u00f1o. Tem\u00e1tica: La sabia y m\u00e1gica naturaleza fotogr\u00e1fica de Antonio Brice\u00f1o.<\/p>\n<p>4ta semana<br \/>\nJueves 12 de mayo, cierre taller, evento presencial en los espacios del Centro Cultural UCAB.<\/p>\n<p>Ponente: Katiuska Huerta. Tem\u00e1tica: La importancia de la investigaci\u00f3n, cultura de paz y valores a trav\u00e9s de la ciencia.<\/p>\n<p>Por Flavio Borquez Tarff<\/p>\n<p>Ganadores<\/p>\n<p>Nicolas Garbi, Jipson Sierra, Luciano Bermejo, Mar\u00eda Fernanda Vargas Rivas, Andrea Morales, Javier Alejandro Franco Caterine, Barbara Bejarano, V\u00edctor Rodr\u00edguez, Gabriel Jos\u00e9 Acurero Gamez, Ana Paula Colmenarez P\u00e9rez, M\u00e9lanie Mart\u00ednez, Elianna Landaeta, Barbara Ospina, Andrea Natalia Correa, Rubmeri Altuve, Deriatxy Castro, Blanca Nicolli Bermudez, Luciano Piruzza, Daniel Rond\u00f3n, Jos\u00e9 Correa, Mariana Farf\u00e1n, Samantha Arias, Paola Colmenares, Mariangel Marrero, Alejandro Melchor, Jes\u00fas Herrera, \u00c1ngel Mart\u00ednez, Ashley Acu\u00f1a, Paola Isabel Grazzina Hern\u00e1ndez, Onevis Castellanos, Gabriel Jos\u00e9 Acurero Gamez, Fabritzio Zabala, Isabella Chiquin, Anal\u00ed Rodr\u00edguez, Stephany Alvarez Calvache, Bruce Rojas, Flavia Medina F., Samuel El\u00edas P\u00e9rez, Franyelis Torres, Kevin Daniel D\u00edaz Bravo, Emmanuel Navarro, Franklin Quintana, Mari\u00e1ngel Valdez, Na\u00e9va Farinha, Miguel \u00c1ngel Garc\u00eda, Abraham Zerpa Sojo, Ainoha Huerta, V\u00edctor Mart\u00ednez, Alejandro Torrado, Eduanth P\u00e9rez, Valeria Garc\u00eda, Mar\u00eda Victoria Hidalgo Bonilla, Gabriel Isaac Rodr\u00edguez Borre, Dana Alejandra D\u00edaz, Samuel, Rodr\u00edguez Borre, Mar\u00eda M\u00e1rquez, Mar\u00eda Victoria Milano L\u00f3pez, Camila Velandia, Mar\u00eda Victoria Hidalgo B., Jes\u00fas Daniel Pe\u00f1a \u00c1lvarez, Andrea Quintana, Victoria Camacaro, Aylen Montilla, Sof\u00eda Chiqu\u00edn, Carl\u00edn Araujo, Andrea Aguilar, Ariadna Cede\u00f1o, Andrea Travieso, Brayan Antonio Ojeda Coronado, G\u00e9nesis Gualtieri, Isabella Karut Gibson, Jhadiel Manzano, Mar\u00eda Victoria Milano L\u00f3pez, Nicole Labrador, Samantha Atenea D\u00e1vila Rojas, Sandra Jim\u00e9nez, Zoe Miranda, Ivana Naranjo, Yulianngy Rodr\u00edguez, Leandro, Gonz\u00e1lez D\u00edaz, Javier Pinto, Darber Jos\u00e9 Rodr\u00edguez.<\/p>\n<p>Adriana Barrios, directora de la Fundaci\u00f3n Telema expres\u00f3 que \u201ctodos los trabajos recibidos tienen un alto impacto y se puede percibir que se desarrolla un concepto en familia, lo cual es muy importante para nosotros, felicito a todos estos j\u00f3venes que se expresaron porque tienen un talento y un don que nosotros como instituci\u00f3n debemos guiar y fortalecer\u201d.<\/p>\n<p>Por \u00faltimo, vale destacar, que el equipo de producci\u00f3n de Telema, se pondr\u00e1 en contacto con los ganadores a los fines de coordinar los enlaces para las conexiones.<\/p>\n<p>Por Flavio Borquez Tarff<\/p>\n","protected":false},"excerpt":{"rendered":"<p>Por Flavio Borquez Tarff Un total de 85 j\u00f3venes con edades comprendidas entre los 10 y 20 a\u00f1os fueron los ganadores del concurso Yo soy artista, fot\u00f3grafo, escritora promovido por el Centro Cultural de la Universidad Cat\u00f3lica Andr\u00e9s Bello y la Fundaci\u00f3n Telema, patrocinado por el CVA del Centro y Centro Venezolano Americano de Las [&hellip;]<\/p>\n","protected":false},"author":2,"featured_media":11219,"comment_status":"closed","ping_status":"open","sticky":false,"template":"","format":"standard","meta":[],"categories":[463,146,2],"tags":[9698,9406],"wppr_data":{"cwp_meta_box_check":"No"},"_links":{"self":[{"href":"https:\/\/www.notaoficial.com\/s\/wp-json\/wp\/v2\/posts\/11218"}],"collection":[{"href":"https:\/\/www.notaoficial.com\/s\/wp-json\/wp\/v2\/posts"}],"about":[{"href":"https:\/\/www.notaoficial.com\/s\/wp-json\/wp\/v2\/types\/post"}],"author":[{"embeddable":true,"href":"https:\/\/www.notaoficial.com\/s\/wp-json\/wp\/v2\/users\/2"}],"replies":[{"embeddable":true,"href":"https:\/\/www.notaoficial.com\/s\/wp-json\/wp\/v2\/comments?post=11218"}],"version-history":[{"count":1,"href":"https:\/\/www.notaoficial.com\/s\/wp-json\/wp\/v2\/posts\/11218\/revisions"}],"predecessor-version":[{"id":11220,"href":"https:\/\/www.notaoficial.com\/s\/wp-json\/wp\/v2\/posts\/11218\/revisions\/11220"}],"wp:featuredmedia":[{"embeddable":true,"href":"https:\/\/www.notaoficial.com\/s\/wp-json\/wp\/v2\/media\/11219"}],"wp:attachment":[{"href":"https:\/\/www.notaoficial.com\/s\/wp-json\/wp\/v2\/media?parent=11218"}],"wp:term":[{"taxonomy":"category","embeddable":true,"href":"https:\/\/www.notaoficial.com\/s\/wp-json\/wp\/v2\/categories?post=11218"},{"taxonomy":"post_tag","embeddable":true,"href":"https:\/\/www.notaoficial.com\/s\/wp-json\/wp\/v2\/tags?post=11218"}],"curies":[{"name":"wp","href":"https:\/\/api.w.org\/{rel}","templated":true}]}}