{"id":11290,"date":"2022-05-14T00:24:55","date_gmt":"2022-05-14T04:24:55","guid":{"rendered":"https:\/\/www.notaoficial.com\/s\/?p=11290"},"modified":"2022-05-14T00:24:55","modified_gmt":"2022-05-14T04:24:55","slug":"la-critica-internacional-reconoce-al-director-de-orquesta-venezolano-rodolfo-saglimbeni-flavio-borquez-tarff","status":"publish","type":"post","link":"https:\/\/www.notaoficial.com\/s\/2022\/05\/14\/la-critica-internacional-reconoce-al-director-de-orquesta-venezolano-rodolfo-saglimbeni-flavio-borquez-tarff\/","title":{"rendered":"La cr\u00edtica internacional reconoce al director de orquesta venezolano Rodolfo Saglimbeni"},"content":{"rendered":"<p>Por Flavio Borquez Tarff<\/p>\n<p dir=\"ltr\">Resonantes han sido los \u00e9xitos de los \u00faltimos meses al frente de varias orquestas internacionales, donde el reconocido director de orquesta venezolano, Rodolfo Saglimbeni, sigue sumando \u00e9xitos tanto a nivel nacional como internacional. A pesar de las limitaciones de la pandemia, Saglimbeni mantuvo una apretada agenda de conciertos en Chile y Argentina al frente de la\u00a0<strong>Orquesta Sinf\u00f3nica de la Universidad Nacional de Cuyo<\/strong>, de la\u00a0<strong>Orquesta Estable del Teatro Col\u00f3n<\/strong>\u00a0de Buenos Aires y de la\u00a0<strong>Orquesta Sinf\u00f3nica Nacional de Chile<\/strong>, instituci\u00f3n de la cual es Director Titular y que recientemente fue ratificado por un nuevo periodo de tres a\u00f1os, luego que los integrantes del conjunto lo respaldaran con el 99% de los votos.<\/p>\n<p dir=\"ltr\">Sus recientes conciertos en el\u00a0<strong>Teatro Las Condes<\/strong>\u00a0de Santiago de Chile\u200b, con\u00a0\u00a0obras de Beethoven, Tchaikowksy, Moussorgky, Dvorak y el estreno en Sudam\u00e9rica de\u00a0<strong>Concierto para Piano<\/strong>\u00a0de\u00a0<em>Witold Lutoslawski<\/em>\u00a0junto al extraordinario pianista Luis Alberto Latorre, \u00a0\u200bfueron \u200bcatalogados por la cr\u00edtica especializada como una interpretaci\u00f3n\u00a0<em>\u201c..magistral, de profunda expresividad\u201d y como \u201c\u2026versiones que rompieron las barreras de la excelencia\u2026\u201d\u2026fue una audici\u00f3n memorable en la que se logr\u00f3 conjugar agilidad, vigor y solemnidad con tan magn\u00edfica calidad que consigui\u00f3 una larga y enfervorizada ovaci\u00f3n, con el p\u00fablico de pie. La buena ac\u00fastica del teatro, fue el mejor de los aliados para tener a una\u00a0<strong>Orquesta Sinf\u00f3nica Nacional de Chile<\/strong>, en tono muy mayor\u2026\u201d<\/em><\/p>\n<p dir=\"ltr\">Por Flavio Borquez Tarff<\/p>\n<p>En el mismo escenario, tambi\u00e9n con la Orquesta Sinf\u00f3nica Nacional de Chile, present\u00f3 un programa, donde destac\u00f3 la extraordinaria obra de Moussorgski-Ravel \u201cCuadros de una exposici\u00f3n\u201d:\u00a0<em>\u201c\u2026la profundidad de la lectura ofrecida por Saglimbeni traspasa todo umbral de lo imaginable en cuanto a idiomatismo y an\u00e1lisis impreso a cada cuadro. Soberbio tratamiento de las texturas y acabado sentido del color\u2026Un triunfo interpretativo inapelable\u2026\u201d. Otra cr\u00edtica resalta: \u201cla magn\u00edfica batuta de\u00a0\u200bSaglimbeni pudo transformar la aparente calma y modestia que irradia su accionar, en potentes lineamientos de verdadero maestro\u2026\u201d.<\/em><\/p>\n<p>En la hist\u00f3rica, hermosa y de extraordinaria ac\u00fastica sala de la\u00a0<strong>Universidad T\u00e9cnica Federico Santamar\u00eda<\/strong>\u00a0de Valpara\u00edso, se present\u00f3 con el programa titulado\u00a0<strong>\u201cAntolog\u00eda de la Danza\u201d<\/strong>: \u201c\u2026al festivo y reaperturador hito, en cuanto a la frescura y acertada ilaci\u00f3n de las piezas seleccionadas, como al deslumbrante abordaje interpretativo de Saglimbeni, m\u00e1s un d\u00factil correlato de los sinf\u00f3nicos, se refiri\u00f3 un hist\u00f3rico y geogr\u00e1fico recorrido, desde el barroco europeo a composiciones latinoamericanas relativamente recientes, dando Saglimbeni cuenta de incuestionable manejo estil\u00edstico\u2026\u201d<\/p>\n<p dir=\"ltr\">Durante el \u00faltimo trimestre\u200b del\u200b\u00a0a\u00f1o 2021, Saglimbeni se despidi\u00f3 de su\u200b \u200btitularidad con la\u00a0<strong>Orquesta Sinf\u00f3nica de la Universidad de Cuyo<\/strong>, de la cual fue su Director\u00a0\u200bArt\u00edstico\u00a0por espacio de siete a\u00f1o\u200bs\u200b, con un emotivo concierto para luego regresar al legendario\u00a0<strong>Teatro Col\u00f3n<\/strong>\u00a0de Buenos Aires al frente de su\u00a0<strong>Orquesta Estable<\/strong>. Con m\u00fasica de Elgar y Ravel, la prensa especializada titul\u00f3\u00a0<em>\u201cDe la mano del refinamiento y del buen gusto\u201d y sigui\u00f3 con comentarios como \u201c\u2026el trabajo de verdadera orfebrer\u00eda que Saglimbeni realiz\u00f3 junto a los m\u00fasicos de la Estable, se inscribe entre los mejores que se haya escuchado en los \u00faltimos tiempos\u2026la interpretaci\u00f3n de la m\u00fasica completa del ballet \u201cMi madre la Oca\u201d de Maurice Ravel, pudo apreciarse como la que tal vez haya sido la mejor interpretaci\u00f3n que se le haya escuchado a una orquesta Argentina, y esto habla de las virtudes que reconocemos del Maestro Saglimbeni\u2026\u201d\u2026la elecci\u00f3n no pudo ser m\u00e1s acertada. Su forma de preparar y concertar las obras, su buen gusto, expresividad, gestualidad y comunicaci\u00f3n con Orquesta y Solista, hicieron de esta presentaci\u00f3n un hito en s\u00ed misma\u2026\u201d<\/em><\/p>\n<p dir=\"ltr\">Por Flavio Borquez Tarff<\/p>\n<p dir=\"ltr\">Rodolfo Saglimbeni estar\u00e1 al frente de la\u00a0<strong>Orquesta Sinf\u00f3nica Municipal de Caracas<\/strong>\u00a0en un concierto pautad\u200bo\u200b\u00a0para el pr\u00f3ximo fin de semana. El programa que se interpretar\u00e1 ser\u00e1 la m\u00fasica del Ballet\u00a0<strong>\u201cMi madre la Oca\u201d<\/strong>, de Maurice Ravel junto al celeb\u00e9rrimo \u201cBolero\u201d el cual estar\u00e1 complementado por los acostumbrados comentarios acerca de las obras y en especial de la transcendencia del\u00a0<strong>\u201cBolero\u201d<\/strong>\u00a0de Ravel a trav\u00e9s de la historia de la m\u00fasica.<\/p>\n<p dir=\"ltr\">Su agenda del 2022 contin\u00faa con su regreso para la Temporada al frente de la\u00a0<strong>Orquesta Sinf\u00f3nica Nacional de Chile<\/strong>, su retorno a Inglaterra -luego de obligadas pausas de pandemia- para la direcci\u00f3n de la facultad de Direcci\u00f3n de Orquesta de la\u00a0<strong>\u201cSherborne Summer School of Music 2022\u201d<\/strong>, compromisos en Brasil y con la\u00a0<strong>Fundaci\u00f3n de Orquesta Juveniles FOJI de Chile<\/strong>\u00a0y su regreso al\u00a0<strong>Teatro Col\u00f3n<\/strong>\u00a0de Buenos Aires y su actividad institucional, art\u00edstica y formativa con la\u00a0<strong><a href=\"https:\/\/www.google.com\/url?sa=t&amp;rct=j&amp;q=&amp;esrc=s&amp;source=web&amp;cd=&amp;cad=rja&amp;uact=8&amp;ved=2ahUKEwi-hL3akt73AhVBRzABHfewAlYQFnoECAUQAQ&amp;url=https%3A%2F%2Fwww.instagram.com%2Fsinfonicadevzla%2F%3Fhl%3Den&amp;usg=AOvVaw048JGMeqJezEk4pYS36Q4Q\">Orquesta Sinf\u00f3nica<\/a> Municipal de Caracas.<\/strong><\/p>\n<p dir=\"ltr\">Por Flavio Borquez Tarff<\/p>\n","protected":false},"excerpt":{"rendered":"<p>Por Flavio Borquez Tarff Resonantes han sido los \u00e9xitos de los \u00faltimos meses al frente de varias orquestas internacionales, donde el reconocido director de orquesta venezolano, Rodolfo Saglimbeni, sigue sumando \u00e9xitos tanto a nivel nacional como internacional. A pesar de las limitaciones de la pandemia, Saglimbeni mantuvo una apretada agenda de conciertos en Chile y [&hellip;]<\/p>\n","protected":false},"author":2,"featured_media":11291,"comment_status":"closed","ping_status":"open","sticky":false,"template":"","format":"standard","meta":[],"categories":[93,2],"tags":[9698,381],"wppr_data":{"cwp_meta_box_check":"No"},"_links":{"self":[{"href":"https:\/\/www.notaoficial.com\/s\/wp-json\/wp\/v2\/posts\/11290"}],"collection":[{"href":"https:\/\/www.notaoficial.com\/s\/wp-json\/wp\/v2\/posts"}],"about":[{"href":"https:\/\/www.notaoficial.com\/s\/wp-json\/wp\/v2\/types\/post"}],"author":[{"embeddable":true,"href":"https:\/\/www.notaoficial.com\/s\/wp-json\/wp\/v2\/users\/2"}],"replies":[{"embeddable":true,"href":"https:\/\/www.notaoficial.com\/s\/wp-json\/wp\/v2\/comments?post=11290"}],"version-history":[{"count":2,"href":"https:\/\/www.notaoficial.com\/s\/wp-json\/wp\/v2\/posts\/11290\/revisions"}],"predecessor-version":[{"id":11293,"href":"https:\/\/www.notaoficial.com\/s\/wp-json\/wp\/v2\/posts\/11290\/revisions\/11293"}],"wp:featuredmedia":[{"embeddable":true,"href":"https:\/\/www.notaoficial.com\/s\/wp-json\/wp\/v2\/media\/11291"}],"wp:attachment":[{"href":"https:\/\/www.notaoficial.com\/s\/wp-json\/wp\/v2\/media?parent=11290"}],"wp:term":[{"taxonomy":"category","embeddable":true,"href":"https:\/\/www.notaoficial.com\/s\/wp-json\/wp\/v2\/categories?post=11290"},{"taxonomy":"post_tag","embeddable":true,"href":"https:\/\/www.notaoficial.com\/s\/wp-json\/wp\/v2\/tags?post=11290"}],"curies":[{"name":"wp","href":"https:\/\/api.w.org\/{rel}","templated":true}]}}