{"id":11380,"date":"2022-05-19T23:21:14","date_gmt":"2022-05-20T03:21:14","guid":{"rendered":"https:\/\/www.notaoficial.com\/s\/?p=11380"},"modified":"2022-05-19T23:21:14","modified_gmt":"2022-05-20T03:21:14","slug":"el-metaverso-emociones-en-el-mundo-virtual-luis-felipe-baca-arbulu","status":"publish","type":"post","link":"https:\/\/www.notaoficial.com\/s\/2022\/05\/19\/el-metaverso-emociones-en-el-mundo-virtual-luis-felipe-baca-arbulu\/","title":{"rendered":"El metaverso: emociones en el mundo virtual"},"content":{"rendered":"<p>Por Luis Felipe Baca Arbulu<\/p>\n<div class=\"advanced-richtext section\">\n<div id=\"advanced-richtext-advanced-richtext-997795461\" class=\"seatComponents-advanced-richtext seatComponents-advanced-richtext-advanced-richtext-997795461  white\">\n<div>\n<p><span class=\"capital\">\u00bfY<\/span> si pudi\u00e9ramos crear un nuevo universo y difuminar las fronteras con el mundo f\u00edsico?<\/p>\n<p>\u00bfY si lo virtual puede vivirse con emoci\u00f3n real? Son las premisas del metaverso, la tendencia digital que podr\u00eda ser la sucesora de Internet. CUPRA ya ha anunciado el lanzamiento de su propio espacio en el metaverso, Metahype, un entorno virtual colaborativo para crear y compartir experiencias. Cathy Hackl, experta en estrategia Web 3.0 y tecnolog\u00edas de futuro conocida como \u201cla madrina del metaverso\u201d, es la invitada del nuevo episodio de <i>The Impulse<\/i>, el podcast de la Tribu CUPRA, de la mano de directora global de Comunicaci\u00f3n de la marca, C\u00e9cilia Taie<\/p>\n<p>La fusi\u00f3n de dos mundos. El metaverso es <b>\u201cun conjunto de experiencias virtuales compartidas que se dan tanto en el mundo digital como en el f\u00edsico\u201d<\/b>, explica Hackl. Para hacerlo posible, son necesarias distintas tecnolog\u00edas que ya est\u00e1n sentando las bases para el desarrollo de este espacio m\u00e1s all\u00e1 de nuestro universo: empezando por dispositivos como <i>smartphones<\/i> u ordenadores y pasando por la realidad aumentada, realidad virtual, 5G, 6G, blockchain\u2026 Por ello, la apuesta de las marcas por el metaverso es crucial para su \u00e9xito: <b>\u201cLo que hab\u00e9is hecho en CUPRA con Metahype es un muy buen comienzo, para involucrar a la comunidad y permitir que se desenvuelva en espacios virtuales\u201d<\/b>, valora la experta<\/p>\n<\/div>\n<\/div>\n<\/div>\n<div class=\"iframe section\">Por Luis Felipe Baca Arbulu<\/div>\n<div class=\"advanced-richtext section\">\n<div id=\"advanced-richtext-advanced-richtext-874218236\" class=\"seatComponents-advanced-richtext seatComponents-advanced-richtext-advanced-richtext-874218236  white\">\n<div>\n<div class=\"clearfix\"><\/div>\n<\/div>\n<\/div>\n<\/div>\n<div class=\"multimedia-gallery section\">\n<div id=\"multimedia-gallery-multimedia-gallery-1298149365\" class=\"seatComponents-multimedia-gallery seatComponents-multimedia-gallery-multimedia-gallery-1298149365\">\n<div class=\"wrapper-items gallery-2\">\n<div class=\"multimedia-gallery-item\">\n<div class=\"cont-item gallery-item-js\" data-img-id=\"multimedia-gallery-12981493651\" data-path=\"\/content\/dam\/seat-media-center\/stories\/2022\/05\/22-05-18\/The-Metaverse-emotions-in-a-virtual-world_02_HQ.png\">Emociones reales. <b>\u201cAhora para informarte sobre una marca vas a su p\u00e1gina web o a sus redes sociales; la siguiente fase ser\u00e1 acudir a su mundo virtual\u201d<\/b>, vaticina Hackl. Una evoluci\u00f3n natural de la interacci\u00f3n con las firmas. <b>\u201cEl metaverso va a cambiar esta relaci\u00f3n entre los usuarios y la marca, y aquellos que la aman ser\u00e1n a\u00fan m\u00e1s fans\u201d<\/b>, a\u00f1ade. En este sentido, lo importante es trasladar la emoci\u00f3n del mundo f\u00edsico al virtual: <b>\u201cSomos humanos, lo que queremos es conectar, y es necesario entender que hacerlo en un entorno virtual no lo hace menos real\u201d<\/b>.<\/div>\n<\/div>\n<\/div>\n<\/div>\n<\/div>\n<div class=\"advanced-richtext section\">\n<div id=\"advanced-richtext-advanced-richtext-144199625\" class=\"seatComponents-advanced-richtext seatComponents-advanced-richtext-advanced-richtext-144199625  white\">\n<div>\n<div class=\"clearfix\"><\/div>\n<\/div>\n<\/div>\n<\/div>\n<div class=\"multimedia-gallery section\">\n<div id=\"multimedia-gallery-multimedia-gallery-19968151\" class=\"seatComponents-multimedia-gallery seatComponents-multimedia-gallery-multimedia-gallery-19968151\">\n<div class=\"wrapper-items gallery-2\">\n<div class=\"multimedia-gallery-item\">\n<div class=\"cont-item gallery-item-js\" data-img-id=\"multimedia-gallery-199681511\" data-path=\"\/content\/dam\/seat-media-center\/stories\/2022\/05\/22-05-18\/The-Metaverse-emotions-in-a-virtual-world_04_HQ.png\">Una Tribu colaborando. En el metaverso, <b>\u201cla comunicaci\u00f3n tradicional desde arriba hacia abajo ya no tiene cabida: se trata de comunicar como parte de la comunidad\u201d<\/b>, indica Hackl. En este sentido, Metahype se postula como un espacio pensado para que los miembros de la Tribu CUPRA puedan conectar con la marca y entre ellos, y a su vez colaborar para crear y compartir cultura. Para la experta, esto abre la puerta a <b>\u201cnuevos horizontes de creatividad tanto para las marcas como para los creadores, para cocrear y poner en valor sus obras\u201d<\/b>.<b> <\/b>Una manera de <b>\u201cconstruir el futuro\u201d<\/b>. Y as\u00ed, decidida, se despide Hackl:<b> \u201c\u00a1Nos vemos en el metaverso!\u201d<\/b>.<\/div>\n<\/div>\n<\/div>\n<\/div>\n<\/div>\n<div class=\"advanced-richtext section\">\n<div id=\"advanced-richtext-advanced-richtext-144199685\" class=\"seatComponents-advanced-richtext seatComponents-advanced-richtext-advanced-richtext-144199685  white\">\n<div>\n<p>Ya est\u00e1 disponible el nuevo episodio de\u00a0<i>El metaverso: emociones el mundo virtual<\/i>, en los canales de CUPRA en\u00a0<a href=\"https:\/\/open.spotify.com\/episode\/1hbm7teIGNCUqAQrXJs6SF?si=2188423a7099442b\">Spotify<\/a>, <a href=\"https:\/\/podcasts.apple.com\/us\/podcast\/the-metaverse-emotions-in-a-virtual-world-the-impulse\/id1565525415?i=1000562172405\">Apple Podcasts<\/a>, <a href=\"https:\/\/podcasts.google.com\/feed\/aHR0cHM6Ly93d3cuaXZvb3guY29tL3BvZGNhc3QtdGhlLWltcHVsc2VfZmdfZjExMjUzODAyX2ZpbHRyb18xLnhtbA\/episode\/aHR0cHM6Ly93d3cuaXZvb3guY29tLzg3MTI0NTU0?sa=X&amp;ved=0CAUQkfYCahcKEwiIh7b-0ej3AhUAAAAAHQAAAAAQAQ\">Google Podcasts<\/a> e <a href=\"https:\/\/go.ivoox.com\/rf\/87124554\">Ivoox<\/a>.<\/p>\n<p>Por Luis Felipe Baca Arbulu<\/p>\n<\/div>\n<\/div>\n<\/div>\n","protected":false},"excerpt":{"rendered":"<p>Por Luis Felipe Baca Arbulu \u00bfY si pudi\u00e9ramos crear un nuevo universo y difuminar las fronteras con el mundo f\u00edsico? \u00bfY si lo virtual puede vivirse con emoci\u00f3n real? Son las premisas del metaverso, la tendencia digital que podr\u00eda ser la sucesora de Internet. CUPRA ya ha anunciado el lanzamiento de su propio espacio en [&hellip;]<\/p>\n","protected":false},"author":2,"featured_media":11388,"comment_status":"closed","ping_status":"open","sticky":false,"template":"","format":"standard","meta":[],"categories":[93,146,2],"tags":[9700,9727],"wppr_data":{"cwp_meta_box_check":"No"},"_links":{"self":[{"href":"https:\/\/www.notaoficial.com\/s\/wp-json\/wp\/v2\/posts\/11380"}],"collection":[{"href":"https:\/\/www.notaoficial.com\/s\/wp-json\/wp\/v2\/posts"}],"about":[{"href":"https:\/\/www.notaoficial.com\/s\/wp-json\/wp\/v2\/types\/post"}],"author":[{"embeddable":true,"href":"https:\/\/www.notaoficial.com\/s\/wp-json\/wp\/v2\/users\/2"}],"replies":[{"embeddable":true,"href":"https:\/\/www.notaoficial.com\/s\/wp-json\/wp\/v2\/comments?post=11380"}],"version-history":[{"count":1,"href":"https:\/\/www.notaoficial.com\/s\/wp-json\/wp\/v2\/posts\/11380\/revisions"}],"predecessor-version":[{"id":11389,"href":"https:\/\/www.notaoficial.com\/s\/wp-json\/wp\/v2\/posts\/11380\/revisions\/11389"}],"wp:featuredmedia":[{"embeddable":true,"href":"https:\/\/www.notaoficial.com\/s\/wp-json\/wp\/v2\/media\/11388"}],"wp:attachment":[{"href":"https:\/\/www.notaoficial.com\/s\/wp-json\/wp\/v2\/media?parent=11380"}],"wp:term":[{"taxonomy":"category","embeddable":true,"href":"https:\/\/www.notaoficial.com\/s\/wp-json\/wp\/v2\/categories?post=11380"},{"taxonomy":"post_tag","embeddable":true,"href":"https:\/\/www.notaoficial.com\/s\/wp-json\/wp\/v2\/tags?post=11380"}],"curies":[{"name":"wp","href":"https:\/\/api.w.org\/{rel}","templated":true}]}}