{"id":11381,"date":"2022-05-19T23:24:37","date_gmt":"2022-05-20T03:24:37","guid":{"rendered":"https:\/\/www.notaoficial.com\/s\/?p=11381"},"modified":"2022-05-19T23:24:37","modified_gmt":"2022-05-20T03:24:37","slug":"venezuela-film-hub-anuncia-su-seleccion-para-el-marche-du-film","status":"publish","type":"post","link":"https:\/\/www.notaoficial.com\/s\/2022\/05\/19\/venezuela-film-hub-anuncia-su-seleccion-para-el-marche-du-film\/","title":{"rendered":"Venezuela Film Hub anuncia su selecci\u00f3n para el March\u00e9 du Film"},"content":{"rendered":"<p dir=\"ltr\">El \u00e9xito de la convocatoria realizada por la agencia global The Visionist Advisers (TVA) \/ Venezuela Film Hub (VFH) logr\u00f3 m\u00e1s de 140 proyectos a ser presentados en el March\u00e9 du Film del Festival de Cannes, del 17 al 25 de mayo de 2022. VFH anunci\u00f3 que todos los proyectos inscritos ser\u00e1n parte del Cat\u00e1logo Oficial del VFH, en la primera edici\u00f3n de este hecho in\u00e9dito para Venezuela.<\/p>\n<p>&nbsp;<\/p>\n<p dir=\"ltr\">El Venezuela Film Hub fue creado por Valeska Hern\u00e1ndez y su agencia The Visionist Advisers (TVA). VFH\u00a0se prepara para su participaci\u00f3n en el March\u00e9 du Film en mayo de este a\u00f1o, en alianza con cineastas e instituciones de la industria y se posiciona a partir<\/p>\n<p dir=\"ltr\">de 2022 como una plataforma pionera para la amplificaci\u00f3n del cine venezolano.<\/p>\n<p>&nbsp;<\/p>\n<p dir=\"ltr\">TVA logr\u00f3 ubicar el stand del Venezuela Film hub (VFH), en el pasillo principal del Palais des Festivals, que ser\u00e1 el\u00a0centro de operaciones del\u00a0VFH\u00a0&#8211; donde los cineastas, aliados y participantes presentar\u00e1n sus proyectos ante expertos de la industria del cine internacional. Como parte del alcance, el VFH organizar\u00e1 reuniones\u00a0one to one, proyecciones de pel\u00edculas venezolanas en salas del march\u00e9, reuniones con potenciales distribuidores \/ vendedores, actividades especiales para presentar proyectos en desarrollo con expertos del cine internacional y una campa\u00f1a inspirada en el m\u00e9todo [RE]Concept creado por TVA, dedicado a Venezuela.<\/p>\n<p dir=\"ltr\">\n<p dir=\"ltr\">\u201cVFH nace como un proyecto dedicado a la [RE]Proyecci\u00f3n de Venezuela.\u00a0 Desde nuestro stand ubicado estrat\u00e9gicamente en el \u00e1rea de mayor tr\u00e1fico de asistentes del Palais des Festivals y el March\u00e9 du Film en Cannes &#8211; garantizamos la visibilidad del pa\u00eds, sus proyectos cinematogr\u00e1ficos y talento.\u201d coment\u00f3 Valeska Hern\u00e1ndez.<\/p>\n<p>&nbsp;<\/p>\n<p dir=\"ltr\">La inauguraci\u00f3n del VFH se llevar\u00e1 a cabo con el evento \u201c[RE]Discover Venezuela\u201d el 19 de mayo en el Restaurant La Plage, Cannes con la realizaci\u00f3n de un c\u00f3ctel donde se resaltar\u00e1 la hist\u00f3rica presencia del pa\u00eds en el March\u00e9, el cual contar\u00e1 con la presencia de la Directora de Orquesta Glass Marcano, j\u00f3ven venezolana que conquist\u00f3 a Francia con su talento extraordinario, y otros invitados musicales. As\u00ed mismo estar\u00e1n presentes invitados de la Quinzaine des R\u00e9alisateurs, destacados expertos de la industria cinematogr\u00e1fica internacional, y representantes de las alianzas estrat\u00e9gicas logradas por The Visionist Advisers (TVA).<\/p>\n<p>&nbsp;<\/p>\n<p dir=\"ltr\">Proyectos seleccionados en esta primera edici\u00f3n del VFH<\/p>\n<p>&nbsp;<\/p>\n<p dir=\"ltr\">El jurado seleccionador VFH lo conformaron importantes figuras de la industria cinematogr\u00e1fica venezolana como Antonio Llerandi, Carmen La Roche, Atahualpa Lichy, Maurizio Liberatoscioli, Alfonso Molina, Marilda Vera, Juan Carlos Lossada, Malena Roncayolo, Karin Valencillos, Diana Lichy, Ana Cristina Henr\u00edquez, Alejandro Izquierdo, Carlos Tabares y Alejandra Fonseca. El panel expres\u00f3 su satisfacci\u00f3n con la calidad observada entre los proyectos recibidos, demostrando una vez m\u00e1s que en Venezuela s\u00ed hay cine y que existe mucho talento.<\/p>\n<p>&nbsp;<\/p>\n<p dir=\"ltr\">La gran mayor\u00eda de los proyectos inscritos, no cuentan con agente de ventas o distribuidor y se encuentran en b\u00fasqueda de financiamiento. Por esta raz\u00f3n, el VFH se presenta como una importante plataforma para el posicionamiento de las producciones de cineastas venezolanos, en el centro de negocios m\u00e1s importante para la industria f\u00edlmica internacional.<\/p>\n<p dir=\"ltr\">\n<p dir=\"ltr\">\u00abEn los guiones, desarrollo de proyectos, b\u00fasqueda de postproducci\u00f3n y pel\u00edculas terminadas, el cine venezolano promete una rica producci\u00f3n y perfila de manera segura su internacionalizaci\u00f3n\u00bb, afirm\u00f3 Atahualpa Lichy.<\/p>\n<p>&nbsp;<\/p>\n<p dir=\"ltr\">El proyecto ganador del Premio VFH este a\u00f1o es la pel\u00edcula \u00abMi t\u00eda Gilma\u00bb de Alexandra Henao. VFH cubrir\u00e1 sus gastos de traslado y alojamiento para asistir al March\u00e9 du Film en Cannes.<\/p>\n<p>&nbsp;<\/p>\n<p dir=\"ltr\">Proyectos seleccionados<\/p>\n<p>&nbsp;<\/p>\n<p dir=\"ltr\">En la categor\u00eda de Pel\u00edculas terminadas<\/p>\n<p dir=\"ltr\">Selecci\u00f3n Oficial:<\/p>\n<p dir=\"ltr\">&#8211; Mi T\u00eda Gilma de Alexandra Henao<\/p>\n<p dir=\"ltr\">&#8211; One Way de Carlos Malav\u00e9<\/p>\n<p dir=\"ltr\">\n<p dir=\"ltr\">Menci\u00f3n del jurado:<\/p>\n<p dir=\"ltr\">&#8211; Direcci\u00f3n Opuesta de Alejandro Bellame<\/p>\n<p dir=\"ltr\">&#8211; Kaporito, el guardi\u00e1n de la monta\u00f1a de Viveca Ba\u00efz Julian<\/p>\n<p dir=\"ltr\">&#8211; La prisi\u00f3n de mi padre de Iv\u00e1n Simonovis Pert\u00ed\u00f1ez<\/p>\n<p dir=\"ltr\">\n<p dir=\"ltr\">Menci\u00f3n VFH:<\/p>\n<p dir=\"ltr\">Un pa\u00eds llamado el pez que fuma de Alejandro Pic\u00f3<\/p>\n<p dir=\"ltr\">Yo y las bestias de Nico Manzano<\/p>\n<p>&nbsp;<\/p>\n<p dir=\"ltr\">En la categor\u00eda de proyectos \u00abWork-in-progress\u00bb y en Desarrollo:<\/p>\n<p dir=\"ltr\">Selecci\u00f3n Oficial:<\/p>\n<p dir=\"ltr\">&#8211; Tierra Adentro de Fina Torres<\/p>\n<p dir=\"ltr\">&#8211; Fe Dorada de Pablo Bayley<\/p>\n<p dir=\"ltr\">&#8211; Sim\u00f3n de Diego Vicentini<\/p>\n<p dir=\"ltr\">&#8211; Hijos de la Revoluci\u00f3n de Carlos Caridad Montero<\/p>\n<p dir=\"ltr\">&#8211; Bala perdida de Juan Vicente Manrique<\/p>\n<p dir=\"ltr\">&#8211; De aqu\u00ed se fueron a la luna de Joe Torres<\/p>\n<p dir=\"ltr\">&#8211; Boca de Drag\u00f3n de Belen Orsini<\/p>\n<p dir=\"ltr\">&#8211; Mutar\u00e9 como animal de monte de H\u00e9ctor Silva N\u00fa\u00f1ez<\/p>\n<p dir=\"ltr\">&#8211; Mizael de Alejandro Bellame<\/p>\n<p dir=\"ltr\">&#8211; La duda de Solveig Hoogesteijn<\/p>\n<p dir=\"ltr\">\n<p dir=\"ltr\">Menci\u00f3n del jurado:<\/p>\n<p dir=\"ltr\">&#8211; El llano en r\u00e1fagas de Carlos G\u00f3mez de la Espriella<\/p>\n<p dir=\"ltr\">&#8211; Littles Squares de Leonard Zelig<\/p>\n<p dir=\"ltr\">&#8211; La chica del alquiler de Carlos Caridad Montero<\/p>\n<p dir=\"ltr\">&#8211; Los sin nombre de Valeria Valentina Bol\u00edvar<\/p>\n<p dir=\"ltr\">&#8211; Los herederos de Pablo de la Barra<\/p>\n<p dir=\"ltr\">Menci\u00f3n VFH:<br \/>\nVuelve a la vida de Luis Carlos Hueck y Alfredo Hueck<\/p>\n<p dir=\"ltr\">Visceral de C\u00e9sar Manzano<\/p>\n<p dir=\"ltr\">El salto de los \u00e1ngeles de Jos\u00e9 Miguel Zamora Figuera<\/p>\n<p dir=\"ltr\">Tiempo de cosecha de Flavio Pedota<\/p>\n<p dir=\"ltr\">Los heroes del 41 de H\u00e9ctor Palma Troconis y Jorge Luis S\u00e1nchez<\/p>\n<p dir=\"ltr\">Relatos de Luis Carlos Hueck y Jorge Mart\u00ednez<\/p>\n<p dir=\"ltr\">\n<p dir=\"ltr\">En la categor\u00eda de Guiones:<\/p>\n<p dir=\"ltr\">Selecci\u00f3n Oficial:<\/p>\n<p dir=\"ltr\">&#8211; El hombre bala de H\u00e9ctor Orbegozo Rivera<\/p>\n<p dir=\"ltr\">&#8211; El mal nunca muere de Albi de Abreu<\/p>\n<p dir=\"ltr\">&#8211; Dear Universe de Prakriti Maduro<\/p>\n<p dir=\"ltr\">&#8211; El Lamento de Javier Chac\u00f3n<\/p>\n<p dir=\"ltr\">&#8211; Seibior y el canto de la sirena de Arturo Vasquez Gontscharenko<\/p>\n<p dir=\"ltr\">&#8211; La muerte no tiene due\u00f1o de Jorge Thielen Armand<\/p>\n<p>&nbsp;<\/p>\n<p dir=\"ltr\">Menci\u00f3n del jurado:<\/p>\n<p dir=\"ltr\">&#8211; Kuru Kuru de Rafael Marziano<\/p>\n<p dir=\"ltr\">&#8211; Aquel lugar sin nombre de Camilo Jos\u00e9 Villasmil Rangel<\/p>\n<p dir=\"ltr\">&#8211; Los Rompetumbas de Sebastian Gamboa y Manuel Amit Gonzalez<\/p>\n<p dir=\"ltr\">&#8211; Carnicero666$ de Ysidro Sor\u00e9 y Marielvy D&#8217;Apollo<\/p>\n<p dir=\"ltr\">&#8211; El vac\u00edo de Alejandro Bellame y Armando Coll<\/p>\n<p dir=\"ltr\">&#8211; La Historia de Mucununca de Carlos Jos\u00e9 Leon<\/p>\n<p dir=\"ltr\">&#8211; M\u00fasico por accidente de Edio Raven<\/p>\n<p dir=\"ltr\">&#8211; Volver a L\u00eddice de L\u00eddice Abreu<\/p>\n<p dir=\"ltr\">&#8211; Adele Hugo la miserable de Isabel Baz\u00f3 Rodr\u00edguez<\/p>\n<p dir=\"ltr\">&#8211; Ligeras de equipaje de Joaneska Grossl Melean<\/p>\n<p dir=\"ltr\">&#8211; Locutorio de Carlos Reyes<\/p>\n<p>&nbsp;<\/p>\n<p dir=\"ltr\">En la categor\u00eda de Cortometrajes:<br \/>\n&#8211; Sex Assistant de Andr\u00e9s Gonz\u00e1lez Majul<\/p>\n<p dir=\"ltr\">&#8211; \u2018Sukujula Tei\u2019 de David Hern\u00e1ndez Palmar<\/p>\n<p dir=\"ltr\">&#8211; I Suoni del Tempo de Jeissy Trompiz<\/p>\n<p dir=\"ltr\">&#8211; Pa\u00eds improvisto de Alfredo Hueck<\/p>\n<p dir=\"ltr\">&#8211; Golpe de vida de Luis y Andr\u00e9s Rodr\u00edguez<\/p>\n<p dir=\"ltr\">&#8211; Hamleyed de Pedro Blanco-Uribe<\/p>\n<p dir=\"ltr\">&#8211; Cazador de atardeceres de Lennin Chirinos<\/p>\n<p dir=\"ltr\">&#8211; Nada de otro mundo de John M\u00e1rquez<\/p>\n<p dir=\"ltr\">&#8211; La radio de Carlos Novella<\/p>\n<p dir=\"ltr\">&#8211; Gregorio de Daniel Matos<\/p>\n","protected":false},"excerpt":{"rendered":"<p>El \u00e9xito de la convocatoria realizada por la agencia global The Visionist Advisers (TVA) \/ Venezuela Film Hub (VFH) logr\u00f3 m\u00e1s de 140 proyectos a ser presentados en el March\u00e9 du Film del Festival de Cannes, del 17 al 25 de mayo de 2022. VFH anunci\u00f3 que todos los proyectos inscritos ser\u00e1n parte del Cat\u00e1logo [&hellip;]<\/p>\n","protected":false},"author":2,"featured_media":11390,"comment_status":"closed","ping_status":"open","sticky":false,"template":"","format":"standard","meta":[],"categories":[93,146,2],"tags":[15,9734],"wppr_data":{"cwp_meta_box_check":"No"},"_links":{"self":[{"href":"https:\/\/www.notaoficial.com\/s\/wp-json\/wp\/v2\/posts\/11381"}],"collection":[{"href":"https:\/\/www.notaoficial.com\/s\/wp-json\/wp\/v2\/posts"}],"about":[{"href":"https:\/\/www.notaoficial.com\/s\/wp-json\/wp\/v2\/types\/post"}],"author":[{"embeddable":true,"href":"https:\/\/www.notaoficial.com\/s\/wp-json\/wp\/v2\/users\/2"}],"replies":[{"embeddable":true,"href":"https:\/\/www.notaoficial.com\/s\/wp-json\/wp\/v2\/comments?post=11381"}],"version-history":[{"count":1,"href":"https:\/\/www.notaoficial.com\/s\/wp-json\/wp\/v2\/posts\/11381\/revisions"}],"predecessor-version":[{"id":11391,"href":"https:\/\/www.notaoficial.com\/s\/wp-json\/wp\/v2\/posts\/11381\/revisions\/11391"}],"wp:featuredmedia":[{"embeddable":true,"href":"https:\/\/www.notaoficial.com\/s\/wp-json\/wp\/v2\/media\/11390"}],"wp:attachment":[{"href":"https:\/\/www.notaoficial.com\/s\/wp-json\/wp\/v2\/media?parent=11381"}],"wp:term":[{"taxonomy":"category","embeddable":true,"href":"https:\/\/www.notaoficial.com\/s\/wp-json\/wp\/v2\/categories?post=11381"},{"taxonomy":"post_tag","embeddable":true,"href":"https:\/\/www.notaoficial.com\/s\/wp-json\/wp\/v2\/tags?post=11381"}],"curies":[{"name":"wp","href":"https:\/\/api.w.org\/{rel}","templated":true}]}}