{"id":11554,"date":"2022-06-02T23:41:22","date_gmt":"2022-06-03T03:41:22","guid":{"rendered":"https:\/\/www.notaoficial.com\/s\/?p=11554"},"modified":"2022-06-02T23:41:22","modified_gmt":"2022-06-03T03:41:22","slug":"un-fin-de-semana-dos-directores-luis-felipe-baca-arbulu","status":"publish","type":"post","link":"https:\/\/www.notaoficial.com\/s\/2022\/06\/02\/un-fin-de-semana-dos-directores-luis-felipe-baca-arbulu\/","title":{"rendered":"Un fin de semana, dos directores"},"content":{"rendered":"<p>Por Luis Felipe Baca Arbulu<\/p>\n<p>Este fin de semana el p\u00fablico venezolano podr\u00e1 disfrutar de dos de los mejores directores de orquesta del mundo: <b>el maestro venezolano Christian V\u00e1squez, quien dirigir\u00e1 a la Orquesta Sinf\u00f3nica Juan Jos\u00e9 Landaeta, el s\u00e1bado 12 de marzo a las 4:00 pm<\/b>; y al Maestro chileno, <b>Paolo Bortolameolli, quien alzar\u00e1 su batuta para conducir a la Orquesta Sinf\u00f3nica Sim\u00f3n Bol\u00edvar, el domingo 13 de marzo a las 11:00 AM. <\/b>El escenario para ambos conciertos ser\u00e1 la Sala Sim\u00f3n Bol\u00edvar del Centro Nacional de Acci\u00f3n Social por la M\u00fasica (CNASPM). Las entradas est\u00e1n a la venta en www.goliiive.com y en las taquillas del CNASPM.<\/p>\n<p>El Maestro Christian V\u00e1squez se\u00a0reencuentra con el p\u00fablico venezolano y\u00a0con sus compa\u00f1eros de <i>El Sistema<\/i>, luego\u00a0de dos a\u00f1os alejado del pa\u00eds por la\u00a0pandemia. El emotivo reencuentro se\u00a0materializa con la Orquesta Sinf\u00f3nica Juan\u00a0Jos\u00e9 Landaeta, de la cual es titular, para interpretar un repertorio variado y exigente\u00a0en cuanto a escuelas y estilos, que incluir\u00e1\u00a0la <b><i>Obertura Las H\u00e9bridas <\/i><\/b>de Felix\u00a0Mendelssohn. Luego tendr\u00e1 lugar el\u00a0<b><i>Gran Rond\u00f3 de Concierto \u00abKrakowiak\u00bb\u00a0<\/i><\/b><b><i>para piano y Orquesta <\/i><\/b>de FrederickChopin, contando con la participaci\u00f3n de la renombrada pianista polaca Anna Miernik como solista. Finalmente cerrar\u00e1n con la <b><i>Sinfon\u00eda\u00a0<\/i><\/b><\/p>\n<p>Por Luis Felipe Baca Arbulu<\/p>\n<p><b><i>N\u00ba <\/i><\/b><b><i>1 en Do menor <\/i><\/b>de Johannes Brahms.<\/p>\n<p>Por su parte, el maestro Paolo\u00a0Bortolameoli, siempre a gusto en\u00a0Venezuela, conducir\u00e1 a la Orquesta\u00a0Sinf\u00f3nica Sim\u00f3n Bol\u00edvar, con la cual ha\u00a0creado un v\u00ednculo amistoso.<\/p>\n<p>El chileno,\u00a0quien es director asociado de la\u00a0Filarm\u00f3nica de Los \u00c1ngeles, trae un\u00a0programa diverso en culturas que incluye <b><i>El\u00a0<\/i><\/b><b><i>Sal\u00f3n M\u00e9xico <\/i><\/b>de Aaron Copland, <b><i>Danzas\u00a0<\/i><\/b><b><i>Galantas <\/i><\/b>de Zoltan Kodaly y <b><i>El Mandar\u00edn\u00a0<\/i><\/b><b><i>Maravilloso <\/i><\/b>de Bela Bart\u00f3k. Su visita forma\u00a0parte de la programaci\u00f3n del Conservatorio\u00a0Itinerante Inocente Carre\u00f1o, que cuenta\u00a0con el valioso apoyo de la Hilti Foundation.<\/p>\n<p><b>La alegr\u00eda de Christian V\u00e1squez\u00a0<\/b><\/p>\n<p>Christian V\u00e1squez se siente muy alegre por estar de regreso en su pa\u00eds y tiene grandes expectativas: <i>\u201cEstoy contento y emocionado por estar de vuelta en Venezuela trabajando con mi familia de El Sistema, con la Orquesta Sinf\u00f3nica Juan Jos\u00e9 Landaeta. Estamos muy motivados, la hemos pasado bien, todos est\u00e1n tocando excelente y los ensayos fluyen much\u00edsimo\u201d. <\/i>Sobre el repertorio, apunta: <i>\u201cLa Sinfon\u00eda <\/i><i>N\u00ba <\/i><i>1 de Brahms, es una obra t\u00e9cnicamente dif\u00edcil para cada fila, pero a la vez rica en melod\u00edas y sonoridades; el Gran Rond\u00f3 de Concierto \u00abKrakowiak\u00bb de Chopin, se ejecutar\u00e1 con una gran pianista polaca como Anna Miernik, es primera vez que trabajo con ella, y me complace poder unir talentos, adem\u00e1s la orquesta est\u00e1 asimilando todas las obras de una forma muy profesional\u201d.\u00a0<\/i><\/p>\n<p>Por Luis Felipe Baca Arbulu<\/p>\n<p>La maestra Anna Miernik, tambi\u00e9n se expresa con emoci\u00f3n ante el encuentro: \u201c<i>Me encanta El Sistema, lo conozco desde hace muchos a\u00f1os y es muy reconocido en Europa. Me gustar\u00eda que existiera un sistema similar en Polonia (\u2026) Yo intento no tener expectativas con los conciertos, pero si me preguntan, aunque no es primera vez que vengo, siempre lo hago con la misma alegr\u00eda y emoci\u00f3n, me honra tocar con una de las orquestas de este hermoso Sistema y con un gran director, as\u00ed como interpretar repertorio de mi pa\u00eds, sobre todo cuando es una obra no tan conocida y de uno de los compositores m\u00e1s famosos como Chopin<\/i>. La visita de Miernik, es posible gracias a la Embajada de Polonia en Venezuela, esta virtuosa suma un recorrido profesional por 37 pa\u00edses.<\/p>\n<p><b>Bortolameolli excelso pedagogo musical\u00a0<\/b><\/p>\n<p>El maestro Bortolameoli tambi\u00e9n viene a dar clases magistrales a los j\u00f3venes directores de <i>El Sistema<\/i>, con quienes tiene un v\u00ednculo especial. Enluis Montes Olivar fue su director asistente con la Filarm\u00f3nica de Los \u00c1ngeles. El repertorio que ofrecer\u00e1 junto a la Orquesta Sinf\u00f3nica Sim\u00f3n Bol\u00edvar reviste valor especial por ser obras que no son tocadas con tanta frecuencia y promueven la interconexi\u00f3n cultural. <b><i>El Sal\u00f3n M\u00e9xico <\/i><\/b>de Aaron Copland se basa netamente en el folclor mexicano, haciendo un cambio dr\u00e1stico de estilo con las <b><i>Danzas Galantas <\/i><\/b>del h\u00fangaro Zoltan Kodaly. En cambio <b><i>El Mandar\u00edn Maravilloso <\/i><\/b>es un ballet compuesto por Bart\u00f3k entre 1918 y 1924, basado en una historia de Melchior Lengyel.<\/p>\n<p><a href=\"https:\/\/www.google.com\/url?sa=t&amp;rct=j&amp;q=&amp;esrc=s&amp;source=web&amp;cd=&amp;cad=rja&amp;uact=8&amp;ved=2ahUKEwjLutWirpD4AhWoqXIEHbGDAG8QFnoECA4QAQ&amp;url=https%3A%2F%2Felsistema.org.ve%2F&amp;usg=AOvVaw2qp9y93zd8ojvcUvN1XosE\">El Sistema Nacional de Orquestas y Coros Juveniles e Infantiles de Venezuela<\/a>, cuyo \u00f3rgano rector es la Fundaci\u00f3n Musical Sim\u00f3n Bol\u00edvar, es un ente adscrito al Ministerio del Poder Popular para el Despacho de la Presidencia y Seguimiento de la Gesti\u00f3n de Gobierno de la Rep\u00fablica Bolivariana de Venezuela.<\/p>\n<p>Por Luis Felipe Baca Arbulu<\/p>\n","protected":false},"excerpt":{"rendered":"<p>Por Luis Felipe Baca Arbulu Este fin de semana el p\u00fablico venezolano podr\u00e1 disfrutar de dos de los mejores directores de orquesta del mundo: el maestro venezolano Christian V\u00e1squez, quien dirigir\u00e1 a la Orquesta Sinf\u00f3nica Juan Jos\u00e9 Landaeta, el s\u00e1bado 12 de marzo a las 4:00 pm; y al Maestro chileno, Paolo Bortolameolli, quien alzar\u00e1 [&hellip;]<\/p>\n","protected":false},"author":2,"featured_media":11561,"comment_status":"closed","ping_status":"open","sticky":false,"template":"","format":"standard","meta":[],"categories":[463,146,2],"tags":[9700,1339],"wppr_data":{"cwp_meta_box_check":"No"},"_links":{"self":[{"href":"https:\/\/www.notaoficial.com\/s\/wp-json\/wp\/v2\/posts\/11554"}],"collection":[{"href":"https:\/\/www.notaoficial.com\/s\/wp-json\/wp\/v2\/posts"}],"about":[{"href":"https:\/\/www.notaoficial.com\/s\/wp-json\/wp\/v2\/types\/post"}],"author":[{"embeddable":true,"href":"https:\/\/www.notaoficial.com\/s\/wp-json\/wp\/v2\/users\/2"}],"replies":[{"embeddable":true,"href":"https:\/\/www.notaoficial.com\/s\/wp-json\/wp\/v2\/comments?post=11554"}],"version-history":[{"count":1,"href":"https:\/\/www.notaoficial.com\/s\/wp-json\/wp\/v2\/posts\/11554\/revisions"}],"predecessor-version":[{"id":11562,"href":"https:\/\/www.notaoficial.com\/s\/wp-json\/wp\/v2\/posts\/11554\/revisions\/11562"}],"wp:featuredmedia":[{"embeddable":true,"href":"https:\/\/www.notaoficial.com\/s\/wp-json\/wp\/v2\/media\/11561"}],"wp:attachment":[{"href":"https:\/\/www.notaoficial.com\/s\/wp-json\/wp\/v2\/media?parent=11554"}],"wp:term":[{"taxonomy":"category","embeddable":true,"href":"https:\/\/www.notaoficial.com\/s\/wp-json\/wp\/v2\/categories?post=11554"},{"taxonomy":"post_tag","embeddable":true,"href":"https:\/\/www.notaoficial.com\/s\/wp-json\/wp\/v2\/tags?post=11554"}],"curies":[{"name":"wp","href":"https:\/\/api.w.org\/{rel}","templated":true}]}}