{"id":11595,"date":"2022-06-06T07:06:46","date_gmt":"2022-06-06T11:06:46","guid":{"rendered":"https:\/\/www.notaoficial.com\/s\/?p=11595"},"modified":"2022-06-07T07:13:27","modified_gmt":"2022-06-07T11:13:27","slug":"flavio-pedro-antonio-cnn-en-espanol-tendra-una-amplia-cobertura-de-la-ix-cumbre-de-las-americas","status":"publish","type":"post","link":"https:\/\/www.notaoficial.com\/s\/2022\/06\/06\/flavio-pedro-antonio-cnn-en-espanol-tendra-una-amplia-cobertura-de-la-ix-cumbre-de-las-americas\/","title":{"rendered":"CNN en Espa\u00f1ol tendr\u00e1 una amplia cobertura de la IX Cumbre de las Am\u00e9ricas"},"content":{"rendered":"<p>Por Flavio Pedro Antonio<\/p>\n<div>CNN en Espa\u00f1ol estar\u00e1 presente en la IX Cumbre de las Am\u00e9ricas desde la ciudad de Los \u00c1ngeles, California, con un gran equipo de periodistas y corresponsales.<br \/>\nBajo el lema \u201cConstruyendo un futuro sostenible, resiliente y equitativo\u201d, los presidentes latinoamericanos discutir\u00e1n temas econ\u00f3micos, de seguridad, la pandemia de covid-19 y la crisis clim\u00e1tica.<br \/>\nCon posiciones estrat\u00e9gicas tanto en el Centro de Convenciones como en el Hotel Intercontinental, <strong><em>Directo USA<\/em><\/strong>, con la conducci\u00f3n de Juan Carlos L\u00f3pez, y <strong><em>Conclusiones<\/em><\/strong>, con Fernando del Rinc\u00f3n, se transmitir\u00e1n en vivo y en directo desde Los \u00c1ngeles a partir del mi\u00e9rcoles 8 de junio.<br \/>\nJuan Carlos L\u00f3pez, corresponsal en jefe de CNN en Espa\u00f1ol en la ciudad de Washington, D.C., conversar\u00e1 con Antony Blinken, Secretario de Estado de los Estados Unidos, mientras que Fernando del Rinc\u00f3n entrevistar\u00e1 a los presidentes; Laurentino Cortizo de Panam\u00e1 y Guillermo Lasso de Ecuador. As\u00ed mismo, Gabriela Fr\u00edas entrevistar\u00e1 a participantes del mundo de los negocios y las tendencias tecnol\u00f3gicas.<br \/>\nAdem\u00e1s, CNN en Espa\u00f1ol tendr\u00e1 el \u201cCNN Red Room\u201d en el que Alejandra Oraa y el equipo digital tendr\u00e1n la cobertura minuto a minuto con entrevistas a los protagonistas de la cita hemisf\u00e9rica. No solo eso, tambi\u00e9n estar\u00e1 disponible un <a href=\"https:\/\/dlbgroup.us19.list-manage.com\/track\/click?u=03a778994fe8fcbe5ef3b83c1&amp;id=f9edb79d4a&amp;e=da624281a0\" target=\"_blank\" rel=\"noopener\" data-saferedirecturl=\"https:\/\/www.google.com\/url?q=https:\/\/dlbgroup.us19.list-manage.com\/track\/click?u%3D03a778994fe8fcbe5ef3b83c1%26id%3Df9edb79d4a%26e%3Dda624281a0&amp;source=gmail&amp;ust=1654685730986000&amp;usg=AOvVaw154xVM9Ozn_c_YnIUPWQET\">micrositio<\/a> en el que la audiencia podr\u00e1 saber lo m\u00e1s reciente del evento.\n<\/div>\n<div><strong>Sobre CNN en Espa\u00f1ol<\/strong><br \/>\nLa cadena de noticias CNN en Espa\u00f1ol es responsable de varias plataformas multimedia dirigidas a audiencias de habla hispana en todo el mundo, que llega a 62 millones de hogares incluyendo CNN en Espa\u00f1ol 24 horas de noticias por cable para Estados Unidos, M\u00e9xico, y Centro y Sudam\u00e9rica. Esto unido a CNNEspanol.com, CNN en Espa\u00f1ol Radio, CNN en Espa\u00f1ol en Twitter, Facebook e Instagram. La marca CNN en Espa\u00f1ol brinda una experiencia en m\u00faltiples plataformas a los hispanoparlantes en las Am\u00e9ricas.<\/div>\n<p>Por Flavio Pedro Antonio<\/p>\n","protected":false},"excerpt":{"rendered":"<p>Por Flavio Pedro Antonio CNN en Espa\u00f1ol estar\u00e1 presente en la IX Cumbre de las Am\u00e9ricas desde la ciudad de Los \u00c1ngeles, California, con un gran equipo de periodistas y corresponsales. Bajo el lema \u201cConstruyendo un futuro sostenible, resiliente y equitativo\u201d, los presidentes latinoamericanos discutir\u00e1n temas econ\u00f3micos, de seguridad, la pandemia de covid-19 y la [&hellip;]<\/p>\n","protected":false},"author":2,"featured_media":11597,"comment_status":"closed","ping_status":"open","sticky":false,"template":"","format":"standard","meta":[],"categories":[4,146,2],"tags":[2318,9761,9697],"wppr_data":{"cwp_meta_box_check":"No"},"_links":{"self":[{"href":"https:\/\/www.notaoficial.com\/s\/wp-json\/wp\/v2\/posts\/11595"}],"collection":[{"href":"https:\/\/www.notaoficial.com\/s\/wp-json\/wp\/v2\/posts"}],"about":[{"href":"https:\/\/www.notaoficial.com\/s\/wp-json\/wp\/v2\/types\/post"}],"author":[{"embeddable":true,"href":"https:\/\/www.notaoficial.com\/s\/wp-json\/wp\/v2\/users\/2"}],"replies":[{"embeddable":true,"href":"https:\/\/www.notaoficial.com\/s\/wp-json\/wp\/v2\/comments?post=11595"}],"version-history":[{"count":2,"href":"https:\/\/www.notaoficial.com\/s\/wp-json\/wp\/v2\/posts\/11595\/revisions"}],"predecessor-version":[{"id":11599,"href":"https:\/\/www.notaoficial.com\/s\/wp-json\/wp\/v2\/posts\/11595\/revisions\/11599"}],"wp:featuredmedia":[{"embeddable":true,"href":"https:\/\/www.notaoficial.com\/s\/wp-json\/wp\/v2\/media\/11597"}],"wp:attachment":[{"href":"https:\/\/www.notaoficial.com\/s\/wp-json\/wp\/v2\/media?parent=11595"}],"wp:term":[{"taxonomy":"category","embeddable":true,"href":"https:\/\/www.notaoficial.com\/s\/wp-json\/wp\/v2\/categories?post=11595"},{"taxonomy":"post_tag","embeddable":true,"href":"https:\/\/www.notaoficial.com\/s\/wp-json\/wp\/v2\/tags?post=11595"}],"curies":[{"name":"wp","href":"https:\/\/api.w.org\/{rel}","templated":true}]}}