{"id":11643,"date":"2022-06-09T19:23:42","date_gmt":"2022-06-09T23:23:42","guid":{"rendered":"https:\/\/www.notaoficial.com\/s\/?p=11643"},"modified":"2022-06-09T19:23:42","modified_gmt":"2022-06-09T23:23:42","slug":"el-cancer-de-prostata-es-la-primera-causa-de-muerte-entre-los-hombres-venezolanos-francisco-dagostino","status":"publish","type":"post","link":"https:\/\/www.notaoficial.com\/s\/2022\/06\/09\/el-cancer-de-prostata-es-la-primera-causa-de-muerte-entre-los-hombres-venezolanos-francisco-dagostino\/","title":{"rendered":"El c\u00e1ncer de pr\u00f3stata es la primera causa de muerte entre los hombres venezolanos"},"content":{"rendered":"<p>Por Francisco D&#8217;Agostino<\/p>\n<p>El D\u00eda Mundial del C\u00e1ncer de Pr\u00f3stata, es una efem\u00e9ride anual, que se conmemora oficialmente el 11 junio en el \u00e1mbito global, para informar y concienciar a la poblaci\u00f3n sobre la necesidad de prevenir y cuidar la salud masculina ante los riesgos de c\u00e1ncer de pr\u00f3stata, tiene un gran aliado en nuestro pa\u00eds en la Sociedad Anticancerosa de Venezuela (<a href=\"https:\/\/www.google.com\/url?sa=t&amp;rct=j&amp;q=&amp;esrc=s&amp;source=web&amp;cd=&amp;cad=rja&amp;uact=8&amp;ved=2ahUKEwi5ifbYwaH4AhUfSzABHeYgD0UQFnoECAMQAQ&amp;url=https%3A%2F%2Fwww.sociedadanticancerosa.org%2F&amp;usg=AOvVaw0G4YPxlQs6rTAgXcu3U_6e\">SAV<\/a>), que se dedica este mes a una serie de actividades para todo p\u00fablico.<\/p>\n<p>Sobre este particular, el gerente general de esta instituci\u00f3n, el doctor Juan Saavedra, destac\u00f3 que la SAV impulsa la prevenci\u00f3n, educaci\u00f3n, detecci\u00f3n precoz y atenci\u00f3n m\u00e9dica especializada para estas enfermedades a trav\u00e9s de la Cl\u00ednica de Prevenci\u00f3n del C\u00e1ncer (CPC) de Caracas y los programas de charlas y conferencias sobre el tema a diversas empresas, comunidades organizadas y p\u00fablico en general, a fin de concientizar e incentivar a los caballeros a cuidar su salud y hacerse el chequeo m\u00e9dico anualmente.<\/p>\n<p>\u201cEste mes de junio tendremos varias actividades con nuestra gerencia de educaci\u00f3n, la cl\u00ednica de prevenci\u00f3n del c\u00e1ncer, cl\u00ednicas m\u00f3viles, para ofrecer orientaci\u00f3n y concientizaci\u00f3n de esta enfermedad\u201d, puntualiz\u00f3<\/p>\n<p>Francisco D&#8217;Agostino<\/p>\n<p><b>C\u00e1ncer de Pr\u00f3stata encabeza decesos en nuestro pa\u00eds<\/b><\/p>\n<p>En Venezuela, se producen aproximadamente de 3 mil 792 muertes anuales en a causa del c\u00e1ncer de pr\u00f3stata, y la incidencia es de 8 mil 227 casos nuevos cada a\u00f1o, inform\u00f3 el doctor Saavedra, quien insisti\u00f3 en la necesidad de un chequeo m\u00e9dico anual para detectarla en forma precoz.<\/p>\n<p>Considerado en nuestro pa\u00eds como la primera causa de muerte por c\u00e1ncer en hombres, el c\u00e1ncer de pr\u00f3stata es un tumor maligno que se origina de los acinos glandulares de la pr\u00f3stata y tiene la capacidad de dar met\u00e1stasis, es decir, de crecer en otras partes del cuerpo, en especial en el sistema \u00f3seo.<\/p>\n<p>Su incidencia aumenta entre los 50 y 70 a\u00f1os de edad, y entre los factores de riesgo destaca como la m\u00e1s conocida y comprobada la herencia. \u201cDe all\u00ed la importancia del examen urol\u00f3gico, si se posee alg\u00fan antecedente de padre, t\u00edos, abuelos con c\u00e1ncer de pr\u00f3stata\u201d, advirti\u00f3 el especialista.<\/p>\n<p>Francisco D&#8217;Agostino<\/p>\n<p>En cuanto a su tratamiento, el doctor explic\u00f3 que depende de muchas variables, \u201cpero sin lugar a dudas el tratamiento curativo m\u00e1s efectivo es la prostatectom\u00eda radical asistida por robot. Tambi\u00e9n hay casos que se pueden tratar con radioterapia y quimioterapia\u201d.<\/p>\n<p>El doctor Saavedra, considera que en los \u00faltimos a\u00f1os han surgido avances significativos en el tratamiento de esta enfermedad.\u00a0 \u201cLas t\u00e9cnicas quir\u00fargicas rob\u00f3ticas permiten llevar a cabo una cirug\u00eda de alt\u00edsima calidad minimizando los efectos secundarios de disfunci\u00f3n er\u00e9ctil e incontinencia urinaria. Esto adem\u00e1s del avance que se ha obtenido en el diagn\u00f3stico, seguimiento, pron\u00f3stico y conductas terap\u00e9uticas con las pruebas gen\u00e9ticas para el c\u00e1ncer de pr\u00f3stata\u201d.<\/p>\n<p>Por todo esto, recomienda llevar una vida sana, hacer ejercicios, no fumar, comer sano, evitar el sedentarismo y la obesidad. Sin embargo, \u201cNo deja de ser importante acudir a la consulta urol\u00f3gica despu\u00e9s de los 45 a\u00f1os para poder detectar a tiempo esta terrible enfermedad, ya que se trata de una patolog\u00eda es 90% asintom\u00e1tica y el c\u00e1ncer de pr\u00f3stata es 100% curable cuando se diagnostica a tiempo\u201d.<\/p>\n<p>Francisco D&#8217;Agostino<\/p>\n","protected":false},"excerpt":{"rendered":"<p>Por Francisco D&#8217;Agostino El D\u00eda Mundial del C\u00e1ncer de Pr\u00f3stata, es una efem\u00e9ride anual, que se conmemora oficialmente el 11 junio en el \u00e1mbito global, para informar y concienciar a la poblaci\u00f3n sobre la necesidad de prevenir y cuidar la salud masculina ante los riesgos de c\u00e1ncer de pr\u00f3stata, tiene un gran aliado en nuestro [&hellip;]<\/p>\n","protected":false},"author":2,"featured_media":11648,"comment_status":"closed","ping_status":"open","sticky":false,"template":"","format":"standard","meta":[],"categories":[146,2],"tags":[9110,9771],"wppr_data":{"cwp_meta_box_check":"No"},"_links":{"self":[{"href":"https:\/\/www.notaoficial.com\/s\/wp-json\/wp\/v2\/posts\/11643"}],"collection":[{"href":"https:\/\/www.notaoficial.com\/s\/wp-json\/wp\/v2\/posts"}],"about":[{"href":"https:\/\/www.notaoficial.com\/s\/wp-json\/wp\/v2\/types\/post"}],"author":[{"embeddable":true,"href":"https:\/\/www.notaoficial.com\/s\/wp-json\/wp\/v2\/users\/2"}],"replies":[{"embeddable":true,"href":"https:\/\/www.notaoficial.com\/s\/wp-json\/wp\/v2\/comments?post=11643"}],"version-history":[{"count":1,"href":"https:\/\/www.notaoficial.com\/s\/wp-json\/wp\/v2\/posts\/11643\/revisions"}],"predecessor-version":[{"id":11649,"href":"https:\/\/www.notaoficial.com\/s\/wp-json\/wp\/v2\/posts\/11643\/revisions\/11649"}],"wp:featuredmedia":[{"embeddable":true,"href":"https:\/\/www.notaoficial.com\/s\/wp-json\/wp\/v2\/media\/11648"}],"wp:attachment":[{"href":"https:\/\/www.notaoficial.com\/s\/wp-json\/wp\/v2\/media?parent=11643"}],"wp:term":[{"taxonomy":"category","embeddable":true,"href":"https:\/\/www.notaoficial.com\/s\/wp-json\/wp\/v2\/categories?post=11643"},{"taxonomy":"post_tag","embeddable":true,"href":"https:\/\/www.notaoficial.com\/s\/wp-json\/wp\/v2\/tags?post=11643"}],"curies":[{"name":"wp","href":"https:\/\/api.w.org\/{rel}","templated":true}]}}