{"id":11692,"date":"2022-06-12T23:17:21","date_gmt":"2022-06-13T03:17:21","guid":{"rendered":"https:\/\/www.notaoficial.com\/s\/?p=11692"},"modified":"2022-06-12T23:17:21","modified_gmt":"2022-06-13T03:17:21","slug":"clasicos-y-romanticos-la-tradicion-sinfonica-flavio-borquez-tarff","status":"publish","type":"post","link":"https:\/\/www.notaoficial.com\/s\/2022\/06\/12\/clasicos-y-romanticos-la-tradicion-sinfonica-flavio-borquez-tarff\/","title":{"rendered":"Cl\u00e1sicos y Rom\u00e1nticos: la tradici\u00f3n sinf\u00f3nica"},"content":{"rendered":"<p>Por Flavio Borquez Tarff<\/p>\n<p>La Orquesta Sinf\u00f3nica Municipal de Caracas (OSMC) inicia desde este s\u00e1bado 5 de marzo en la Asociaci\u00f3n Cultural Humboldt (ACH), el ciclo de conciertos titulado <b><i>\u201cCl\u00e1sicos y Rom\u00e1nticos: la tradici\u00f3n sinf\u00f3nica Austro \u2013 Alemana\u201d<\/i><\/b>, que traer\u00e1 lo mejor de diversos compositores austriacos y alemanes, tanto del periodo cl\u00e1sico como del rom\u00e1ntico. Esta interesant\u00edsima programaci\u00f3n se llevar\u00e1 a cabo todos los s\u00e1bados en el Auditorio Alexander von Humboldt y los domingos en el Foyer al estilo caf\u00e9-concierto, hasta el 27 de marzo, que son espacios que cuentan ya con un p\u00fablico cautivo amante de la m\u00fasica sinf\u00f3nica y de c\u00e1mara del m\u00e1s alto nivel art\u00edstico.<\/p>\n<p>&nbsp;<\/p>\n<p>El concierto que apertura este ciclo tendr\u00e1 lugar este s\u00e1bado 5 de marzo a las 4:00 pm en el Auditorio Alexander von Humboldt, donde la OSMC dirigida por el maestro Rodolfo Saglimbeni interpretar\u00e1 un repertorio de gran virtuosismo, valor art\u00edstico e hist\u00f3rico, encabezado nada menos que por el <b><i>Concierto para Corno No.3 de Wolfgang Amadeus Mozart<\/i><\/b>, contando como solista con Gabriel Pineda, un joven que conoce a fondo los valores y las sonoridades de este noble instrumento de viento metal. Para cerrar el p\u00fablico disfrutar\u00e1 de una obra maestra como lo es la <b><i>Sinfon\u00eda No.90 de Joseph Haydn.\u00a0<\/i><\/b><\/p>\n<p>Por Flavio Borquez Tarff<\/p>\n<p><i>\u201cEl punto donde todo se concentra en este muy dedicado programa a los compositores gran periodo cl\u00e1sico-rom\u00e1ntico, esa conjunci\u00f3n entre lo germano y lo austriaco, obviamente m\u00e1s que una diferenciaci\u00f3n de pa\u00edses es m\u00e1s un estilo de m\u00fasica que sin duda alguna tuvo una trascendencia muy grande a trav\u00e9s del tiempo. En su momento era un centro fundamental en el \u00e1rea que conforman Alemania y Austria, donde se concentraba esa gran fuerza. Es por ello que tenemos obras como la Sinfon\u00eda No.90 de Haydn junto con el Concierto de Corno de Mozart que interpretaremos este fin de semana<\/i>\u201d, explic\u00f3 el maestro Rodolfo Saglimbeni.<\/p>\n<p>&nbsp;<\/p>\n<p>Es importante destacar que el <b><i>Concierto para Corno No.3<\/i><\/b> de Mozart es una de las obras m\u00e1s simb\u00f3licas y representativas que se han compuesto para el corno, donde el solista juega papel fundamental, en este caso Gabriel Pineda viene trabajando duro y con dedicaci\u00f3n para este concierto.\u00a0La obra fue escrita entre 1784 y 1787 (235 a\u00f1os de antig\u00fcedad) como un gesto amistoso para\u00a0su amigo <a href=\"https:\/\/es.wikipedia.org\/w\/index.php?title=Joseph_Leutgeb&amp;action=edit&amp;redlink=1\">Joseph Leutgeb<\/a>y es utilizada por orquestas de todo el mundo en sus rigurosos procesos de audici\u00f3n dada su complejidad.<\/p>\n<p>&nbsp;<\/p>\n<p>La m\u00fasica de c\u00e1mara llega el domingo 6 de marzo\u00a0 a las 11:30 am al Foyer de la Asociaci\u00f3n Cultural Humboldt, con <b><i>\u201cLos Colores de la M\u00fasica y la OSMC celebran el carnaval\u201d, <\/i><\/b>presentar\u00e1n la obra basada en el cuento musical <b><i>\u201cEl animal m\u00e1s bonito\u201d,<\/i><\/b>escrito y compuesto por el trompetista venezolano Eduardo Manzanilla, que se pasea por distintos g\u00e9neros musicales como el vals, el joropo, la milonga y la samba.Ser\u00e1 narrado por las hermanas Constanza y Fernanda Cegarra Montero, hijas de Mar\u00eda Fernanda Montero, concertina de la orquesta. La versi\u00f3n original del cuento es para cuarteto de metales y percusi\u00f3n, pero en este caf\u00e9-concierto el p\u00fablico disfrutar\u00e1 por primera vez la adaptaci\u00f3n para quinteto de cuerdas.<\/p>\n<p>Por Flavio Borquez Tarff<\/p>\n<p><i>\u201cM\u00e1s adelante tambi\u00e9n tendremos a Beethoven con la fuerza de dos de sus grandes obras como el Concierto para piano El Emperador y su Sinfon\u00eda No.5. Tambi\u00e9n el concierto de Mendelssohn, junto con la Sinfon\u00eda No.4 de Schubert. Despu\u00e9s nos vamos a Tchaikovsky y muchos se preguntar\u00e1n qu\u00e9 hace \u00e9l en ciclo porque se trata de un compositor ruso, y es cierto, pero su forma de escribir emula totalmente el g\u00e9nero dentro de esa gran zona de Europa que conformaron Alemania y Austria. Tchaikovsky utiliza influencias en algunas de sus obras de gran profundidad rusa, pero su t\u00e9cnica de composici\u00f3n es de la escuela alemana y vienesa, por eso es que tiene cabida dentro de este ciclo\u201d<\/i>, agreg\u00f3 el maestro Saglimbeni.<\/p>\n<p>&nbsp;<\/p>\n<p>Todos los conciertos ser\u00e1n comentados contando con los maestros Sadao Muraki y Daniel Gil, quienes har\u00e1n interesantes explicaciones de los programas y su historia, tanto de las obras sinf\u00f3nicas como en las de c\u00e1mara. Es importante recordar que el conciertotendr\u00e1 un aforo limitado, quienes deseen asistir pueden solicitar informaci\u00f3n a trav\u00e9s del email: <a href=\"mailto:asohumboldt@gmail.com\">asohumboldt@gmail.com<\/a>. Tambi\u00e9n podr\u00e1n adquirirlas en taquillas de la Asociaci\u00f3n Cultural Humboldt el mismo d\u00eda de la funci\u00f3n. Los asistentes deben respetar las medidas de bioseguridad y el uso obligatorio del tapabocas.<\/p>\n<p>&nbsp;<\/p>\n<p><b>Sigue a la OSMC en sus plataformas digitales y redes sociales: Facebook: Sinf\u00f3nica Municipal de Caracas \/ Twitter: @sinfonicadeccs \/ Instagram: @sinfonicamunicipalccs \/ YouTube: Orquesta Sinf\u00f3nica Municipal de Caracas. Para mayor informaci\u00f3n sigue a la Asociaci\u00f3n Cultural Humboldt en sus redes sociales: twitter: @asohumboldt \/ Instagram: @asohumboldt<\/b><\/p>\n<p>Por Flavio Borquez Tarff<\/p>\n","protected":false},"excerpt":{"rendered":"<p>Por Flavio Borquez Tarff La Orquesta Sinf\u00f3nica Municipal de Caracas (OSMC) inicia desde este s\u00e1bado 5 de marzo en la Asociaci\u00f3n Cultural Humboldt (ACH), el ciclo de conciertos titulado \u201cCl\u00e1sicos y Rom\u00e1nticos: la tradici\u00f3n sinf\u00f3nica Austro \u2013 Alemana\u201d, que traer\u00e1 lo mejor de diversos compositores austriacos y alemanes, tanto del periodo cl\u00e1sico como del rom\u00e1ntico. [&hellip;]<\/p>\n","protected":false},"author":2,"featured_media":11699,"comment_status":"closed","ping_status":"open","sticky":false,"template":"","format":"standard","meta":[],"categories":[93,463,146,2],"tags":[9698,381],"wppr_data":{"cwp_meta_box_check":"No"},"_links":{"self":[{"href":"https:\/\/www.notaoficial.com\/s\/wp-json\/wp\/v2\/posts\/11692"}],"collection":[{"href":"https:\/\/www.notaoficial.com\/s\/wp-json\/wp\/v2\/posts"}],"about":[{"href":"https:\/\/www.notaoficial.com\/s\/wp-json\/wp\/v2\/types\/post"}],"author":[{"embeddable":true,"href":"https:\/\/www.notaoficial.com\/s\/wp-json\/wp\/v2\/users\/2"}],"replies":[{"embeddable":true,"href":"https:\/\/www.notaoficial.com\/s\/wp-json\/wp\/v2\/comments?post=11692"}],"version-history":[{"count":1,"href":"https:\/\/www.notaoficial.com\/s\/wp-json\/wp\/v2\/posts\/11692\/revisions"}],"predecessor-version":[{"id":11700,"href":"https:\/\/www.notaoficial.com\/s\/wp-json\/wp\/v2\/posts\/11692\/revisions\/11700"}],"wp:featuredmedia":[{"embeddable":true,"href":"https:\/\/www.notaoficial.com\/s\/wp-json\/wp\/v2\/media\/11699"}],"wp:attachment":[{"href":"https:\/\/www.notaoficial.com\/s\/wp-json\/wp\/v2\/media?parent=11692"}],"wp:term":[{"taxonomy":"category","embeddable":true,"href":"https:\/\/www.notaoficial.com\/s\/wp-json\/wp\/v2\/categories?post=11692"},{"taxonomy":"post_tag","embeddable":true,"href":"https:\/\/www.notaoficial.com\/s\/wp-json\/wp\/v2\/tags?post=11692"}],"curies":[{"name":"wp","href":"https:\/\/api.w.org\/{rel}","templated":true}]}}