{"id":11846,"date":"2022-06-27T23:43:47","date_gmt":"2022-06-28T03:43:47","guid":{"rendered":"https:\/\/www.notaoficial.com\/s\/?p=11846"},"modified":"2022-06-27T23:43:47","modified_gmt":"2022-06-28T03:43:47","slug":"muestra-colectiva-de-50-artistas-contemporaneos","status":"publish","type":"post","link":"https:\/\/www.notaoficial.com\/s\/2022\/06\/27\/muestra-colectiva-de-50-artistas-contemporaneos\/","title":{"rendered":"Muestra colectiva de 50 artistas contempor\u00e1neos"},"content":{"rendered":"<p>La muestra re\u00fane una selecci\u00f3n de obras de un grupo de 50 artistas contempor\u00e1neos\u00a0e incluye diversas disciplinas como la cer\u00e1mica, fotograf\u00eda, collage, pintura, escultura, arte sonoro, instalaci\u00f3n gustativa, performances y multimedia (Video, Software art, NFT, Net art, Gif, Animaci\u00f3n).<\/p>\n<p>Entre los artistas que participan en esta exposici\u00f3n se incluyen:\u00a0<strong>Noem\u00ed M\u00e1rquez<\/strong>,\u00a0<strong>Samuel Baroni<\/strong>,<strong>\u00a0Valerie Brathwaite<\/strong>,\u00a0Abraham Araujo, Adriano Russell, Anghy Rond\u00f3n\u00a0Garc\u00eda,\u00a0Arturo Quintero,\u00a0Camila Curiel,\u00a0Carlos Enriquez-Gonzalez, Claudia Ammirata,\u00a0De:on,\u00a0Diana Carvallo,\u00a0Elena Saraceni,\u00a0Elsy Zavarce, Enmanuel Mastroianni,\u00a0Federico Blank,\u00a0Flama,\u00a0Gioconda Berr\u00edos,\u00a0Giovanni Paseri,\u00a0Guiomar Gamero,\u00a0Ionee Waterhouse, Isabel Ron-Pedrique, Jean Nouel, Jonathan Lara, Jorge Dom\u00ednguez Dubuc, Juan Henr\u00edquez,\u00a0Leizer Oliveros,\u00a0Lisu Vega,\u00a0Lourdes Pe\u00f1aranda,\u00a0Luis G\u00f3mez R,\u00a0Manuel Leb\u00f3n,\u00a0Magaly Otaola,\u00a0Maria Bilbao\u00b7Herrera,\u00a0\u00a0Mar\u00eda Gabriela Parra,\u00a0Maria Ver\u00f3nica Machado,\u00a0\u00a0Marithe Govea-Meoz,\u00a0Mauricio Ceppi,\u00a0Mery Guevara,\u00a0M\u00f3nica Trejo,\u00a0Muu Blanco,\u00a0Pablo Haiek, Rafael Castillo Zapata,\u00a0Ra\u00fal Cardozo,\u00a0Sabrina Montiel-Soto,\u00a0Salvador Guida,\u00a0Sesk,\u00a0Tutty Garc\u00eda,\u00a0V+J\u00a0 Valentina Izaguirre + Juan Delcan,\u00a0Yuri Liscano.<\/p>\n<p>\u201cEn la metodolog\u00eda cl\u00e1sica de las ciencias, las Variables Inesperadas son el resultado de las hip\u00f3tesis sobre la estructura del mito y el imaginario, son explicativas del origen de una construcci\u00f3n mental acerca de la realidad expresada por el lenguaje. Es as\u00ed, de alg\u00fan modo, un paradigma de conocimiento. Un modo de responder a la incertidumbre de lo ignorado. Las variables son un s\u00edmbolo y una representaci\u00f3n, por lo tanto, una abstracci\u00f3n que adquiere un valor no constante\u201d, seg\u00fan afirman Maria Teresa Govea-Meoz y Lourdes Pe\u00f1aranda en el texto que acompa\u00f1a la muestra.<\/p>\n<p>En palabras de las curadoras, la exposici\u00f3n \u201cpropone un di\u00e1logo con el entorno, con factores externos que convergen y determinan \u00e1mbitos de relaci\u00f3n susceptibles a la continua transformaci\u00f3n de las experiencias, potenciando y accionando comunicativamente la tarea de manifestarse. Es una invitaci\u00f3n a detenerse para poder contemplar las diferentes cosmovisiones, de estos 50 artistas, constituyendo las visiones que la muestra plantea, la tarea de transformar la mirada para un hacer creativo, claves para la comprensi\u00f3n de la realidad desde la perspectiva del artista contempor\u00e1neo, el arte es medio activo para propagar las identidades a trav\u00e9s de la materia que se convierte en soporte de experiencias universales\u201d<\/p>\n<p><strong>\u201cVariables Inesperadas\u201d<\/strong>\u00a0ser\u00e1 inaugurada el 11 de marzo a las 4 pm, y permanecer\u00e1 en exhibici\u00f3n hasta el 07 de mayo de 2022 en La Caja del Centro Cultural Chacao, en la Avenida Tamanaco, El Rosal, Caracas; en horario de jueves a domingo de 11 am a 4 pm; y podr\u00e1 ser apreciada tambi\u00e9n de manera virtual a trav\u00e9s de las cuentas de Instagram @fundaciongoveameoz y @elcomite9. Esta exposici\u00f3n cuenta con el patrocinio y la alianza estrat\u00e9gica de Wendy &amp; Raul Meoz, Alief, Teletour, Espacio Articulado, Canal Gallery Space Art, Alterno, Jojoto Producciones y\u00a0 Amaranto<\/p>\n<p>Cabe destacar que en el marco de la inauguraci\u00f3n de la exposici\u00f3n, se presentar\u00e1 la \u201cEXPERIENCIA VISUAL SONORA\u201d el 11 de marzo de 2022 a las 7 pm, muestra que reunir\u00e1 exponentes del arte audiovisual y la m\u00fasica electr\u00f3nica en una producci\u00f3n conjunta de El Comit\u00e9, La Fundaci\u00f3n Govea Meoz y Xpace.<\/p>\n<p>__________________________________<\/p>\n<p><strong>Fundaci\u00f3n Govea-Meoz<\/strong><\/p>\n<p>La Fundaci\u00f3n Govea Meoz\u00a0 tiene como objetivo impulsar y\u00a0difundir el arte contempor\u00e1neo en todos sus \u00e1mbitos y fases, la producci\u00f3n de eventos, la promoci\u00f3n de los artistas visuales, del arte emergente y las innovaciones. Generar proyectos de manera individual y colectiva para los\u00a0creadores en general, ofrecer asesor\u00eda y gesti\u00f3n en desarrollo de proyectos culturales para artistas independientes, asociaciones civiles, instituciones educativas, dependencias gubernamentales, espacios dedicados a difusi\u00f3n del arte y la cultura, organizaci\u00f3n de cursos, talleres, actividades pedag\u00f3gicas y organizaci\u00f3n de eventos culturales de todas las artes a nivel nacional e internacional.\u00a0\u00a0Fundada desde 2011 y conformada por Ana Teresa Meoz de Govea, Presidente, Maria Teresa Govea Meoz, Directora,\u00a0 Miguel Govea Meoz, Subdirector, Adriana Govea Meoz\u00a0 Legal.<\/p>\n<p><strong>EL COMIT\u00c9<\/strong><\/p>\n<p>Es un equipo de trabajo creativo y de acci\u00f3n que ejecutar\u00e1 y pondr\u00e1 en movimiento los planes de los proyectos en material cultural. Compuesto por profesionales de la especialidad a desarrollar, as\u00ed como personas representantes de instituciones afines a la cultura para as\u00ed generar un impacto positivo\u00a0en la sociedad.\u00a0El comit\u00e9 est\u00e1 conformado por Tutty Garc\u00eda Benfele, Maria Teresa Govea Meoz y Luis E. Ruiz Losada.<\/p>\n","protected":false},"excerpt":{"rendered":"<p>La muestra re\u00fane una selecci\u00f3n de obras de un grupo de 50 artistas contempor\u00e1neos\u00a0e incluye diversas disciplinas como la cer\u00e1mica, fotograf\u00eda, collage, pintura, escultura, arte sonoro, instalaci\u00f3n gustativa, performances y multimedia (Video, Software art, NFT, Net art, Gif, Animaci\u00f3n). Entre los artistas que participan en esta exposici\u00f3n se incluyen:\u00a0Noem\u00ed M\u00e1rquez,\u00a0Samuel Baroni,\u00a0Valerie Brathwaite,\u00a0Abraham Araujo, Adriano Russell, [&hellip;]<\/p>\n","protected":false},"author":2,"featured_media":11855,"comment_status":"closed","ping_status":"open","sticky":false,"template":"","format":"standard","meta":[],"categories":[93,2],"tags":[1371,919],"wppr_data":{"cwp_meta_box_check":"No"},"_links":{"self":[{"href":"https:\/\/www.notaoficial.com\/s\/wp-json\/wp\/v2\/posts\/11846"}],"collection":[{"href":"https:\/\/www.notaoficial.com\/s\/wp-json\/wp\/v2\/posts"}],"about":[{"href":"https:\/\/www.notaoficial.com\/s\/wp-json\/wp\/v2\/types\/post"}],"author":[{"embeddable":true,"href":"https:\/\/www.notaoficial.com\/s\/wp-json\/wp\/v2\/users\/2"}],"replies":[{"embeddable":true,"href":"https:\/\/www.notaoficial.com\/s\/wp-json\/wp\/v2\/comments?post=11846"}],"version-history":[{"count":1,"href":"https:\/\/www.notaoficial.com\/s\/wp-json\/wp\/v2\/posts\/11846\/revisions"}],"predecessor-version":[{"id":11856,"href":"https:\/\/www.notaoficial.com\/s\/wp-json\/wp\/v2\/posts\/11846\/revisions\/11856"}],"wp:featuredmedia":[{"embeddable":true,"href":"https:\/\/www.notaoficial.com\/s\/wp-json\/wp\/v2\/media\/11855"}],"wp:attachment":[{"href":"https:\/\/www.notaoficial.com\/s\/wp-json\/wp\/v2\/media?parent=11846"}],"wp:term":[{"taxonomy":"category","embeddable":true,"href":"https:\/\/www.notaoficial.com\/s\/wp-json\/wp\/v2\/categories?post=11846"},{"taxonomy":"post_tag","embeddable":true,"href":"https:\/\/www.notaoficial.com\/s\/wp-json\/wp\/v2\/tags?post=11846"}],"curies":[{"name":"wp","href":"https:\/\/api.w.org\/{rel}","templated":true}]}}