{"id":11864,"date":"2022-06-28T23:43:49","date_gmt":"2022-06-29T03:43:49","guid":{"rendered":"https:\/\/www.notaoficial.com\/s\/?p=11864"},"modified":"2022-06-28T23:43:49","modified_gmt":"2022-06-29T03:43:49","slug":"emprender-no-debe-significar-abandonar-el-cuidado-de-la-salud-luis-felipe-baca-arbulu","status":"publish","type":"post","link":"https:\/\/www.notaoficial.com\/s\/2022\/06\/28\/emprender-no-debe-significar-abandonar-el-cuidado-de-la-salud-luis-felipe-baca-arbulu\/","title":{"rendered":"Emprender no debe significar abandonar el cuidado de la salud"},"content":{"rendered":"<p>Por Luis Felipe Baca Arbulu<\/p>\n<p>En los dos a\u00f1os que han transcurrido de pandemia por COVID-19, tanto en Venezuela como a escala mundial, si bien se ha hecho evidente la p\u00e9rdida de muchos empleos, tambi\u00e9n ha surgido la necesidad de repensar el estatus de dependencia laboral, permitiendo el surgimiento de muchos emprendimientos.<\/p>\n<p>Al consultar a quienes trabajan por cuenta propia sobre las bondades de los nuevos retos, es com\u00fan que uno de los pocos aspectos que lamentan perder con su independencia laboral es el dejar de contar con un <b>seguro colectivo<\/b> pagado por el empleador. Es as\u00ed como al tener que reducir gastos por no contar con ingresos fijos, los emprendedores se sienten imposibilitados de contar con el seguro de Hospitalizaci\u00f3n, Cirug\u00eda y Maternidad, mejor conocido como (HCM).<\/p>\n<p>Ante esta realidad, Ida Perpetuini, gerente de Negocios Masivos de Seguros Venezuela, comenta que independizarse no debe significar abandonar el cuidado de la salud. Explica que \u201ccuando se es empleado, el ausentismo por temas de salud le afecta principalmente al empleador. Mientras que si eres un emprendedor, no estar en condiciones de trabajar afecta directamente tu bolsillo y los ingresos familiares\u201d.<\/p>\n<p>Por Luis Felipe Baca Arbulu<\/p>\n<p>Por esta raz\u00f3n, Seguros Venezuela ha venido perfeccionando la <b>p\u00f3liza de Accidentes Personales<\/b> (AP), con la cual ofrece una alternativa asequible y \u00fatil dirigida a aquellas personas que quieren estar amparadas ante alguna eventualidad de salud, Muerte Accidental o Incapacidad Total y Permanente por Accidente.<\/p>\n<p>\u201cSeg\u00fan la modalidad elegida, la p\u00f3liza puede abarcar diversos servicios. La opci\u00f3n b\u00e1sica incluye <b>Orientaci\u00f3n M\u00e9dica Telef\u00f3nica<\/b> (OMT) ilimitada para usar a cualquier hora, los 365 d\u00edas del a\u00f1o, y <b>Atenci\u00f3n M\u00e9dica Domiciliaria<\/b> (AMD), que tiene una cobertura a escala nacional e incluye asistencia m\u00e9dica <i>in situ<\/i>, traslado en ambulancia a un centro m\u00e9dico si el paciente lo amerita\u201d, se\u00f1al\u00f3 Perpetuini.<\/p>\n<p>La <b>p\u00f3liza de Accidentes Personales<\/b> puede adquirirse con los servicios de Gastos M\u00e9dicos, Entrega de Medicamentos, Renta Diaria por Hospitalizaci\u00f3n, Gastos Funerarios e incluso con Atenci\u00f3n M\u00e9dica Primaria (AMP), para consultas m\u00e9dicas en diversas especialidades.<\/p>\n<p>Por Luis Felipe Baca Arbulu<\/p>\n<p>\u201cContamos, por ejemplo, con una modalidad de <b>Bienestar Integral<\/b>, que a la cobertura por Accidentes Personales se le suman los servicios de Odontolog\u00eda, Dermatolog\u00eda, Psicolog\u00eda, Nutrici\u00f3n y Fisioterapia\u201d.<\/p>\n<p>Y para los casos en que la persona quiera incluir a sus hijos, ofrecemos la combinaci\u00f3n de p\u00f3liza de <b>Accidentes Personales con Entrega de Medicamentos y Pediatr\u00eda<\/b>.<\/p>\n<p><b>Uso inmediato<\/b><\/p>\n<p>\u201cOtra buena noticia es que para disfrutar de esta <b>p\u00f3liza de Accidentes Personales<\/b> no hay plazos de espera. Una vez adquirida, ya puedes solicitar cualquiera de los servicios que la integran. Por eso estamos seguros que es una alternativa viable cuando todos buscan hacer la mejor inversi\u00f3n de sus recursos. La pandemia despert\u00f3 una mayor conciencia por cuidar la salud y tomar decisiones preventivas\u201d, asever\u00f3 la representante de <a href=\"https:\/\/www.segurosvenezuela.com\/\">Seguros Venezuela<\/a>.<\/p>\n<p>Finalmente, indic\u00f3 que se ha habilitado un canal exclusivo de WhatsApp (0412-3683576) para atender solicitudes e informaci\u00f3n, \u201cpara explicar los alcances de cada p\u00f3liza, los servicios y orientar a las personas sobre aquello que m\u00e1s le conviene de manera individual o por grupo familiar\u201d, indic\u00f3 la gerente.<\/p>\n<p>Por Luis Felipe Baca Arbulu<\/p>\n","protected":false},"excerpt":{"rendered":"<p>Por Luis Felipe Baca Arbulu En los dos a\u00f1os que han transcurrido de pandemia por COVID-19, tanto en Venezuela como a escala mundial, si bien se ha hecho evidente la p\u00e9rdida de muchos empleos, tambi\u00e9n ha surgido la necesidad de repensar el estatus de dependencia laboral, permitiendo el surgimiento de muchos emprendimientos. Al consultar a [&hellip;]<\/p>\n","protected":false},"author":2,"featured_media":11871,"comment_status":"closed","ping_status":"open","sticky":false,"template":"","format":"standard","meta":[],"categories":[93,146,2],"tags":[9700,6459],"wppr_data":{"cwp_meta_box_check":"No"},"_links":{"self":[{"href":"https:\/\/www.notaoficial.com\/s\/wp-json\/wp\/v2\/posts\/11864"}],"collection":[{"href":"https:\/\/www.notaoficial.com\/s\/wp-json\/wp\/v2\/posts"}],"about":[{"href":"https:\/\/www.notaoficial.com\/s\/wp-json\/wp\/v2\/types\/post"}],"author":[{"embeddable":true,"href":"https:\/\/www.notaoficial.com\/s\/wp-json\/wp\/v2\/users\/2"}],"replies":[{"embeddable":true,"href":"https:\/\/www.notaoficial.com\/s\/wp-json\/wp\/v2\/comments?post=11864"}],"version-history":[{"count":1,"href":"https:\/\/www.notaoficial.com\/s\/wp-json\/wp\/v2\/posts\/11864\/revisions"}],"predecessor-version":[{"id":11872,"href":"https:\/\/www.notaoficial.com\/s\/wp-json\/wp\/v2\/posts\/11864\/revisions\/11872"}],"wp:featuredmedia":[{"embeddable":true,"href":"https:\/\/www.notaoficial.com\/s\/wp-json\/wp\/v2\/media\/11871"}],"wp:attachment":[{"href":"https:\/\/www.notaoficial.com\/s\/wp-json\/wp\/v2\/media?parent=11864"}],"wp:term":[{"taxonomy":"category","embeddable":true,"href":"https:\/\/www.notaoficial.com\/s\/wp-json\/wp\/v2\/categories?post=11864"},{"taxonomy":"post_tag","embeddable":true,"href":"https:\/\/www.notaoficial.com\/s\/wp-json\/wp\/v2\/tags?post=11864"}],"curies":[{"name":"wp","href":"https:\/\/api.w.org\/{rel}","templated":true}]}}