{"id":11874,"date":"2022-06-29T23:57:41","date_gmt":"2022-06-30T03:57:41","guid":{"rendered":"https:\/\/www.notaoficial.com\/s\/?p=11874"},"modified":"2022-06-29T23:57:41","modified_gmt":"2022-06-30T03:57:41","slug":"meriendas-saludables-en-vacaciones-con-cereales-pilos-y-nectares-natulac-francisco-dagostino","status":"publish","type":"post","link":"https:\/\/www.notaoficial.com\/s\/2022\/06\/29\/meriendas-saludables-en-vacaciones-con-cereales-pilos-y-nectares-natulac-francisco-dagostino\/","title":{"rendered":"Meriendas saludables en vacaciones con cereales Pilos y n\u00e9ctares Natulac"},"content":{"rendered":"<p>Por Francisco D&#8217;Agostino<\/p>\n<p>Encontrar meriendas saludables y divertidas para los ni\u00f1os en esta \u00e9poca de vacaciones es todo un reto para los padres. Lo ideal es disfrutarlas a media ma\u00f1ana o media tarde, ya que estas son necesarias para mantener la energ\u00eda del cuerpo y la actividad del metabolismo.<\/p>\n<p>Los n\u00e9ctares de frutas Natulac son una excelente opci\u00f3n de fuentes de energ\u00eda, pues aportan fibra y otros bionutrientes, as\u00ed como su alto contenido de vitamina C, el cual ayuda a reforzar el sistema inmunol\u00f3gico.<\/p>\n<p>Estos contienen un elevado porcentaje de pulpa de frutas, son libres de colorantes y conservantes y est\u00e1n disponibles en presentaciones de Tetra Classic de 150 cm\u00b3, con orificio y pitillo tipo bast\u00f3n; el Tetra Prisma de 250 cm3, disponible en versi\u00f3n de 3 unidades; y el envase de aluminio de 340 cm3.<\/p>\n<p><strong>La mejor combinaci\u00f3n<\/strong><\/p>\n<p>Estos n\u00e9ctares son el acompa\u00f1ante ideal de los cereales Pilos de Naturicos, con su robustecida f\u00f3rmula nutricional y textura crocante, la cual resulta divertida para el paladar de los ni\u00f1os, gracias al relleno de estas galletas con crema de chocolate y coco, con su forma atractiva de almohaditas.<\/p>\n<p>Sus sabores Choco Pilos y Coco Pilos, enriquecidos con vitaminas A, C, B1, B2, B6 hierro y zinc, son elaborados en un 80% con ingredientes de producci\u00f3n nacional y han logrado un balance en cuanto su valor nutricional gracias a la <a href=\"https:\/\/www.natulac.com\/\">combinaci\u00f3n<\/a> de harina de arroz, ma\u00edz y avena.<\/p>\n<p>Vienen en dos presentaciones de 40 gramos en bolsas peque\u00f1as, una porci\u00f3n ideal para merendar; y tambi\u00e9n otra de 220 gramos en estuche, ambas elaboradas con protocolos de calidad, desde la selecci\u00f3n de la materia prima hasta el empaquetado final.<\/p>\n<p>En las cuenta de Instagram @natulacoficial y @naturicos_vzla, los consumidores pueden encontrar tips saludables, recetas para disfrutar en casa en esta temporada vacacional y m\u00e1s informaci\u00f3n sobre toda la variedad de productos que Industrias Maros C.A. e Industrias Anros C.A., ofrecen a las familias venezolanas.<\/p>\n<p>Por Francisco D&#8217;Agostino<\/p>\n","protected":false},"excerpt":{"rendered":"<p>Por Francisco D&#8217;Agostino Encontrar meriendas saludables y divertidas para los ni\u00f1os en esta \u00e9poca de vacaciones es todo un reto para los padres. Lo ideal es disfrutarlas a media ma\u00f1ana o media tarde, ya que estas son necesarias para mantener la energ\u00eda del cuerpo y la actividad del metabolismo. Los n\u00e9ctares de frutas Natulac son [&hellip;]<\/p>\n","protected":false},"author":2,"featured_media":11875,"comment_status":"closed","ping_status":"open","sticky":false,"template":"","format":"standard","meta":[],"categories":[93,146,2],"tags":[9110,1164,6371],"wppr_data":{"cwp_meta_box_check":"No"},"_links":{"self":[{"href":"https:\/\/www.notaoficial.com\/s\/wp-json\/wp\/v2\/posts\/11874"}],"collection":[{"href":"https:\/\/www.notaoficial.com\/s\/wp-json\/wp\/v2\/posts"}],"about":[{"href":"https:\/\/www.notaoficial.com\/s\/wp-json\/wp\/v2\/types\/post"}],"author":[{"embeddable":true,"href":"https:\/\/www.notaoficial.com\/s\/wp-json\/wp\/v2\/users\/2"}],"replies":[{"embeddable":true,"href":"https:\/\/www.notaoficial.com\/s\/wp-json\/wp\/v2\/comments?post=11874"}],"version-history":[{"count":1,"href":"https:\/\/www.notaoficial.com\/s\/wp-json\/wp\/v2\/posts\/11874\/revisions"}],"predecessor-version":[{"id":11876,"href":"https:\/\/www.notaoficial.com\/s\/wp-json\/wp\/v2\/posts\/11874\/revisions\/11876"}],"wp:featuredmedia":[{"embeddable":true,"href":"https:\/\/www.notaoficial.com\/s\/wp-json\/wp\/v2\/media\/11875"}],"wp:attachment":[{"href":"https:\/\/www.notaoficial.com\/s\/wp-json\/wp\/v2\/media?parent=11874"}],"wp:term":[{"taxonomy":"category","embeddable":true,"href":"https:\/\/www.notaoficial.com\/s\/wp-json\/wp\/v2\/categories?post=11874"},{"taxonomy":"post_tag","embeddable":true,"href":"https:\/\/www.notaoficial.com\/s\/wp-json\/wp\/v2\/tags?post=11874"}],"curies":[{"name":"wp","href":"https:\/\/api.w.org\/{rel}","templated":true}]}}