{"id":11884,"date":"2022-06-30T00:08:20","date_gmt":"2022-06-30T04:08:20","guid":{"rendered":"https:\/\/www.notaoficial.com\/s\/?p=11884"},"modified":"2022-06-30T00:08:20","modified_gmt":"2022-06-30T04:08:20","slug":"representantes-destacaron-contribucion-historica-de-la-agenda-regional-de-genero-y-plantearon-avanzar-hacia-una-sociedad-del-cuidado-en-america-latina-y-el-caribe-luis-felipe-baca-arbulu","status":"publish","type":"post","link":"https:\/\/www.notaoficial.com\/s\/2022\/06\/30\/representantes-destacaron-contribucion-historica-de-la-agenda-regional-de-genero-y-plantearon-avanzar-hacia-una-sociedad-del-cuidado-en-america-latina-y-el-caribe-luis-felipe-baca-arbulu\/","title":{"rendered":"Representantes destacaron contribuci\u00f3n hist\u00f3rica de la Agenda Regional de G\u00e9nero y plantearon avanzar hacia una sociedad del cuidado en Am\u00e9rica Latina y el Caribe"},"content":{"rendered":"<p>Por Luis Felipe Baca Arbulu<\/p>\n<p>Vicepresidentas, Cancilleres, Ministras de la Mujer y otras autoridades, junto a representantes de organismos internacionales y de la sociedad civil, en particular de organizaciones de mujeres y feministas, destacaron hoy la contribuci\u00f3n de la Agenda Regional de G\u00e9nero -forjada en los \u00faltimos 45 a\u00f1os- a las pol\u00edticas de igualdad de g\u00e9nero y de autonom\u00eda de las mujeres en Am\u00e9rica Latina y el Caribe y coincidieron en la necesidad de avanzar hacia una sociedad del cuidado, durante la jornada de cierre de la <a href=\"https:\/\/www.cepal.org\/es\/eventos\/reunion-extraordinaria-la-mesa-directiva-la-conferencia-regional-la-mujer-america-latina\" data-saferedirecturl=\"https:\/\/www.google.com\/url?q=https:\/\/www.cepal.org\/es\/eventos\/reunion-extraordinaria-la-mesa-directiva-la-conferencia-regional-la-mujer-america-latina&amp;source=gmail&amp;ust=1656647644325000&amp;usg=AOvVaw0F1_6RB1GlfoM5ydbmfptl\"><strong>Reuni\u00f3n Extraordinaria de la Mesa Directiva de la Conferencia Regional sobre la Mujer de Am\u00e9rica Latina y el Caribe<\/strong><\/a> celebrada en la sede central de la CEPAL en Santiago de Chile.<\/p>\n<p>El encuentro de dos d\u00edas, organizado de forma h\u00edbrida por la Comisi\u00f3n Econ\u00f3mica para Am\u00e9rica Latina y el Caribe (CEPAL) en coordinaci\u00f3n con la Entidad de las Naciones Unidas para la Igualdad de G\u00e9nero y el Empoderamiento de las Mujeres (ONU Mujeres), tuvo como objetivo revisar los preparativos de la XV Conferencia Regional sobre la Mujer de Am\u00e9rica Latina y el Caribe, el principal foro intergubernamental sobre los derechos de las mujeres y la igualdad de g\u00e9nero en la regi\u00f3n, que se reunir\u00e1 en Argentina del 7 al 11 de noviembre bajo el tema de \u201cLa sociedad del cuidado: horizonte para una recuperaci\u00f3n sostenible con igualdad de g\u00e9nero\u201d.<\/p>\n<p>La jornada de clausura cont\u00f3 con una sesi\u00f3n de conmemoraci\u00f3n de los 45 a\u00f1os de la Primera Conferencia Regional sobre la Integraci\u00f3n de la Mujer en el Desarrollo Econ\u00f3mico y Social de Am\u00e9rica Latina, celebrada en La Habana, Cuba, y del comienzo de la construcci\u00f3n de la Agenda Regional de G\u00e9nero. Esta se dividi\u00f3 en dos paneles de alto nivel, el primero sobre \u201cContribuci\u00f3n de la Agenda Regional de G\u00e9nero a las pol\u00edticas de igualdad de g\u00e9nero y autonom\u00eda de las mujeres en Am\u00e9rica Latina y el Caribe\u201d y el segundo sobre \u201cAlianzas, logros y desaf\u00edos para el avance de la Agenda Regional de G\u00e9nero\u201d.<\/p>\n<p>Las y los representantes saludaron los avances, reconocieron el aporte de los movimientos de mujeres y feministas, reiteraron la necesidad de desatar los nudos estructurales de la desigualdad de g\u00e9nero y subrayaron la urgencia de evitar retrocesos, acelerar el paso hacia un estilo de desarrollo que ponga en el centro la sostenibilidad de la vida y traducir los compromisos en materia de igualdad de g\u00e9nero y autonom\u00eda econ\u00f3mica, f\u00edsica y pol\u00edtica de las mujeres en acciones concretas, medibles y con presupuestos adecuados.<\/p>\n<p>Por Luis Felipe Baca Arbulu<\/p>\n<p>Las autoridades resaltaron que, tras la primera conferencia realizada en 1977 en Cuba, Am\u00e9rica Latina y el Caribe se constituy\u00f3 en la \u00fanica regi\u00f3n del mundo con un espacio donde los gobiernos, el sistema de las Naciones Unidas y la sociedad civil se encuentran para impulsar una Agenda Regional de G\u00e9nero ambiciosa, profunda e integral.<\/p>\n<p>Las y los expositores advirtieron numerosos desaf\u00edos para seguir consolidando la Agenda Regional de G\u00e9nero y avanzar hacia una sociedad del cuidado, especialmente en un momento de m\u00faltiples crisis, donde urge enfrentar los impactos inmediatos de la pandemia y de la guerra en Ucrania, as\u00ed como las consecuencias negativas del cambio clim\u00e1tico y los desastres que recaen de forma desproporcionada sobre las mujeres en toda su diversidad.<\/p>\n<p>La Agenda Regional de G\u00e9nero comprende los compromisos con la autonom\u00eda y los derechos de las mujeres que los Gobiernos de la regi\u00f3n aprobaron en las <a href=\"https:\/\/www.cepal.org\/es\/organos-subsidiarios\/conferencia-regional-la-mujer-america-latina-caribe\" data-saferedirecturl=\"https:\/\/www.google.com\/url?q=https:\/\/www.cepal.org\/es\/organos-subsidiarios\/conferencia-regional-la-mujer-america-latina-caribe&amp;source=gmail&amp;ust=1656647644325000&amp;usg=AOvVaw0nGujR86FkX4UrEhUabgXC\"><strong>Conferencias Regionales sobre la Mujer de Am\u00e9rica Latina y el Caribe<\/strong><\/a> -que se convoca cada tres a\u00f1os- y tambi\u00e9n se nutre de la capacidad, la fuerza y la creatividad de las mujeres de la regi\u00f3n y de las organizaciones de mujeres y feministas.<\/p>\n<p>Antonia Orellana, Ministra de la Mujer y la Equidad de G\u00e9nero de Chile, en su calidad de Presidenta de la Mesa Directiva de la Conferencia Regional sobre la Mujer de Am\u00e9rica Latina y el Caribe, celebr\u00f3 el espacio de encuentro y de intercambio de experiencias que la Conferencia ha significado para los pa\u00edses de la regi\u00f3n y lo que ha articulado en t\u00e9rminos normativos. La funcionaria chilena ratific\u00f3 el compromiso del Gobierno del Presidente Gabriel Boric de \u201cimplementar un enfoque de g\u00e9nero y feminista en todas las pol\u00edticas p\u00fablicas\u201d del pa\u00eds y asegur\u00f3 que \u201cnos interesa poner en primer orden el tema de los cuidados. Al poner la sociedad del cuidado, el cuidado de la vida y del planeta en el centro, tenemos la oportunidad de relegitimar la democracia y ampliar nuestra concepci\u00f3n de lo que implica el Estado de derecho\u201d.<\/p>\n<p>Ana G\u00fcezmes, Directora de la Divisi\u00f3n de Asuntos de G\u00e9nero de la CEPAL, explic\u00f3 que un componente central de la Agenda Regional de G\u00e9nero es la autonom\u00eda de las mujeres y que el eje para la pr\u00f3xima Conferencia est\u00e1 puesto en la sociedad del cuidado. \u201cSabemos que no es posible lograr la igualdad de g\u00e9nero y la autonom\u00eda de las mujeres sin una redistribuci\u00f3n del tiempo, del poder y de los recursos. Las mujeres no podemos esperar m\u00e1s. No nos es posible seguir sobrellevando la desproporcionada carga del trabajo de cuidados que recae en nosotras\u201d, dijo y remarc\u00f3 que \u201ces fundamental reafirmar el papel central que tiene el Estado en el proceso de construccio\u00ecn de la sociedad del cuidado, mediante acciones que tengan como horizonte la universalizacio\u00ecn de servicios de calidad, la coordinacio\u00ecn e intersectorialidad de las poli\u00ecticas, la sostenibilidad financiera y la corresponsabilidad\u201d.<\/p>\n<p>Por Luis Felipe Baca Arbulu<\/p>\n<p>Finalmente, Mar\u00eda-Noel Vaeza, Directora Regional para las Am\u00e9ricas y el Caribe de ONU Mujeres, poniendo en valor este \u00e1mbito expres\u00f3: <strong>\u201c<\/strong>Esperemos que en la Conferencia Regional sobre la Mujer se consolide la agenda de la sociedad del cuidado y que la Declaraci\u00f3n permita contar con un compromiso firme para avanzar con pol\u00edticas y sistemas integrales de cuidado, adecuadamente costeados y con presupuesto\u201d y reafirm\u00f3 su confianza en este espacio intergubernamental: \u201cHemos atestiguado en diversas ocasiones que con el compromiso firme y decidido de los Ministerios de la Mujer, como entes rectores dentro de los Estados, en coordinaci\u00f3n con la sociedad civil y con el apoyo de las agencias del Sistema de las Naciones Unidas, podemos lograr vencer los obst\u00e1culos para lograr la igualdad de g\u00e9nero y poner en marcha iniciativas conjuntas que logren un impacto significativo, con resultados concretos en la vida de las mujeres\u00bb.<\/p>\n<p>En la sesi\u00f3n conmemorativa participaron Antonia Urrejola, Ministra de Relaciones Exteriores de Chile; Marta Luc\u00eda Ram\u00edrez, Vicepresidenta y Ministra de Relaciones Exteriores de Colombia; Beatriz Argim\u00f3n, Vicepresidenta del Uruguay (por video); Antonia Orellana, Ministra de la Mujer y la Equidad de G\u00e9nero de Chile; Elizabeth G\u00f3mez Alcorta, Ministra de las Mujeres, G\u00e9neros y Diversidad de la Argentina; Osmayda Hern\u00e1ndez, Miembro del Secretariado Nacional de la Federaci\u00f3n de Mujeres Cubanas de Cuba; Alicia B\u00e1rcena, ex Secretaria Ejecutiva de la CEPAL (virtual); Enrique V. Iglesias, ex Secretario Ejecutivo de la CEPAL (por video); y Nadine Gasman, Presidenta del Instituto Nacional de las Mujeres (INMUJERES) de M\u00e9xico (virtual).<\/p>\n<p>A ellos se sumaron Adis King, Ministra de Desarrollo y Empoderamiento Juvenil, J\u00f3venes en Riesgo, Asuntos de G\u00e9nero, Seguridad de Personas Mayores y Dominiqueses con Discapacidades de Dominica; Dean Jonas, Ministro de Transformaci\u00f3n Social, Desarrollo de Recursos Humanos y Econom\u00eda Azul de Antigua y Barbuda (virtual); Diana Miloslavich, Ministra de la Mujer y Poblaciones Vulnerables del Per\u00fa (virtual); Irene Montero, Ministra de Igualdad del Gobierno de Espa\u00f1a (virtual); y Juan Carlos Holgu\u00edn, Ministro de Relaciones Exteriores y Movilidad Humana del Ecuador (por video).<\/p>\n<p>Intervinieron tambi\u00e9n Mar\u00eda Noel Vaeza, Directora Regional para las Am\u00e9ricas y el Caribe de ONU Mujeres; Gladys Acosta Vargas, Presidenta del Comit\u00e9 para la Eliminaci\u00f3n de la Discriminaci\u00f3n contra la Mujer (por video); Alejandra Mora Mora, Secretaria Ejecutiva de la Comisi\u00f3n Interamericana de Mujeres (CIM) de la Organizaci\u00f3n de los Estados Americanos (OEA) (virtual); Virginia Vargas, cofundadora del Centro de la Mujer Peruana Flora Trist\u00e1n del Per\u00fa; Ayesha Constable, fundadora de J\u00f3venes por la Acci\u00f3n contra el Cambio Clim\u00e1tico de Jamaica (virtual); y Paola Y\u00e1\u00f1ez, Coordinadora General de la Red de Mujeres Afrolatinoamericanas, Afrocaribe\u00f1as y de la Di\u00e1spora, entre otras representantes.<\/p>\n<p>La Reuni\u00f3n Extraordinaria de la Mesa Directiva cont\u00f3 con la participaci\u00f3n presencial y virtual de Ministras de la Mujer, altas autoridades de los Mecanismos para el Adelanto de las Mujeres y delegaciones de 32 Estados miembros de la CEPAL y de tres miembros asociados, adem\u00e1s de representantes de 16 agencias, fondos y programas del Sistema de las Naciones Unidas, seis Coordinadores Residentes y una funcionaria de la Oficina de las Naciones Unidas de Coordinaci\u00f3n del Desarrollo, as\u00ed como representantes de 15 organizaciones intergubernamentales y de 87 de la sociedad civil, m\u00e1s dos ex Secretarios Ejecutivos de la CEPAL: Alicia B\u00e1rcena y Enrique V. Iglesias.<\/p>\n<p>Por Luis Felipe Baca Arbulu<\/p>\n","protected":false},"excerpt":{"rendered":"<p>Por Luis Felipe Baca Arbulu Vicepresidentas, Cancilleres, Ministras de la Mujer y otras autoridades, junto a representantes de organismos internacionales y de la sociedad civil, en particular de organizaciones de mujeres y feministas, destacaron hoy la contribuci\u00f3n de la Agenda Regional de G\u00e9nero -forjada en los \u00faltimos 45 a\u00f1os- a las pol\u00edticas de igualdad de [&hellip;]<\/p>\n","protected":false},"author":2,"featured_media":11886,"comment_status":"closed","ping_status":"open","sticky":false,"template":"","format":"standard","meta":[],"categories":[93,146,2],"tags":[9795,9796,9794],"wppr_data":{"cwp_meta_box_check":"No"},"_links":{"self":[{"href":"https:\/\/www.notaoficial.com\/s\/wp-json\/wp\/v2\/posts\/11884"}],"collection":[{"href":"https:\/\/www.notaoficial.com\/s\/wp-json\/wp\/v2\/posts"}],"about":[{"href":"https:\/\/www.notaoficial.com\/s\/wp-json\/wp\/v2\/types\/post"}],"author":[{"embeddable":true,"href":"https:\/\/www.notaoficial.com\/s\/wp-json\/wp\/v2\/users\/2"}],"replies":[{"embeddable":true,"href":"https:\/\/www.notaoficial.com\/s\/wp-json\/wp\/v2\/comments?post=11884"}],"version-history":[{"count":1,"href":"https:\/\/www.notaoficial.com\/s\/wp-json\/wp\/v2\/posts\/11884\/revisions"}],"predecessor-version":[{"id":11887,"href":"https:\/\/www.notaoficial.com\/s\/wp-json\/wp\/v2\/posts\/11884\/revisions\/11887"}],"wp:featuredmedia":[{"embeddable":true,"href":"https:\/\/www.notaoficial.com\/s\/wp-json\/wp\/v2\/media\/11886"}],"wp:attachment":[{"href":"https:\/\/www.notaoficial.com\/s\/wp-json\/wp\/v2\/media?parent=11884"}],"wp:term":[{"taxonomy":"category","embeddable":true,"href":"https:\/\/www.notaoficial.com\/s\/wp-json\/wp\/v2\/categories?post=11884"},{"taxonomy":"post_tag","embeddable":true,"href":"https:\/\/www.notaoficial.com\/s\/wp-json\/wp\/v2\/tags?post=11884"}],"curies":[{"name":"wp","href":"https:\/\/api.w.org\/{rel}","templated":true}]}}