{"id":11890,"date":"2022-06-30T23:02:07","date_gmt":"2022-07-01T03:02:07","guid":{"rendered":"https:\/\/www.notaoficial.com\/s\/?p=11890"},"modified":"2022-06-30T23:02:07","modified_gmt":"2022-07-01T03:02:07","slug":"el-mercado-del-fitness-atrae-la-mirada-de-inversores-francisco-dagostino","status":"publish","type":"post","link":"https:\/\/www.notaoficial.com\/s\/2022\/06\/30\/el-mercado-del-fitness-atrae-la-mirada-de-inversores-francisco-dagostino\/","title":{"rendered":"El mercado del fitness atrae la mirada de inversores"},"content":{"rendered":"<p>Por Francisco D&#8217;Agostino<\/p>\n<p>El <a href=\"https:\/\/www.google.com\/url?sa=t&amp;rct=j&amp;q=&amp;esrc=s&amp;source=web&amp;cd=&amp;cad=rja&amp;uact=8&amp;ved=2ahUKEwiQv53V2db4AhWBRDABHRcEB9sQFnoECAcQAQ&amp;url=http%3A%2F%2Fwww.goldsgym.com.ve%2F&amp;usg=AOvVaw1LbMknWAuN6znmW2s8iKJ-\"><b>futuro del mercado fitness<\/b><\/a> en el mundo traer\u00e1 consigo la entrada de nuevos jugadores a este sector, especialmente de inversionistas y emprendedores quienes han visto en la pandemia el grado de exposici\u00f3n, la importancia y los beneficios que el ejercicio f\u00edsico podr\u00eda aportarle a la comunidad si lo adoptan como h\u00e1bito.<\/p>\n<p>As\u00ed lo expres\u00f3 <b>Guillermo V\u00e9lez<\/b>, director de la revista argentina Mercado Fitness, quien asegura que hoy con menos usuarios las operadoras fitness que quedaron en pie lograron ser m\u00e1s eficientes y m\u00e1s rentables. Aunque no duda del resurgimiento post pandemia destaca nuevos actores y nuevos retos para el personal trainer que debe atender a un usuario que no conoce el gimnasio.<\/p>\n<p>\u201cHay una correlaci\u00f3n directa entre el ingreso per c\u00e1pita, el nivel de alfabetizaci\u00f3n y el consumo de este tipo de servicio. A grandes rasgos cuanto mayor es el ingreso y el nivel acad\u00e9mico, mayor es el chance de ser usuario de una instalaci\u00f3n de fitness o de deporte privado\u201d.<\/p>\n<p>Por Francisco D&#8217;Agostino<\/p>\n<p><b>No todo fue negativo en pandemia<\/b><\/p>\n<p>Para V\u00e9lez si bien es cierto que los operadores tienen menos usuarios respecto a los que se ten\u00edan previo a la pandemia, advierten que ahora tienen estructuras de costos m\u00e1s livianas y m\u00e1s optimas y en un mont\u00f3n de aspectos gracias a la tecnolog\u00eda. \u201cAhora con una estructura de costos m\u00e1s reducida y aun cuando facturan menos, son igual o m\u00e1s rentables\u201d.<\/p>\n<p>Como valor positivo que ha puesto en evidencia la pandemia est\u00e1 la salud. \u201cEs un bien valorado por las personas y se ha dado a conocer la importancia los beneficios del ejercicio f\u00edsico y de una alimentaci\u00f3n saludable, para enfrentar virus como el que tuvimos y cualquier otro\u201d.<\/p>\n<p>Como resultado de esta acci\u00f3n se\u00f1ala que \u201chay muchos usuarios nuevos, que no ten\u00edan experiencia de ning\u00fan tipo, ni en el \u00e1mbito de los gimnasios ni en ning\u00fan deporte y esta es la gente que de alguna manera te plantea desaf\u00edos.\u201d<\/p>\n<p>Por Francisco D&#8217;Agostino<\/p>\n<p><b>El reto del servicio personalizado y divertido<\/b><\/p>\n<p>Otro elemento que considera positivo es el uso de la tecnolog\u00eda como una herramienta y no un fin en si mismo. \u201cTodav\u00eda dentro de la industria fitness muchos profesionales sienten la amenaza de ser remplazados por la tecnolog\u00eda\u201d.<\/p>\n<p>\u201cEl reto es saber tratar con un usuario que no tiene experiencia, gestionar su relaci\u00f3n con el ejercicio f\u00edsico. Ello requiere de nosotros un servicio mucho m\u00e1s profesional, m\u00e1s personalizado y utilizar la tecnolog\u00eda para ofrecerles a este usuario experiencias atractivas, probablemente con un componente social, de m\u00e1s diversi\u00f3n, que permita mantenerlos involucrados en el ejercicio f\u00edsico con mejores niveles de adherencia y genere como consecuencia una mejora en algunos de sus indicadores de salud\u201d.<\/p>\n<p>Para V\u00e9lez es necesario que la industria deje de vender un servicio despersonalizado. \u201cA pesar de utilizar la tecnolog\u00eda, debemos humanizarnos mucho m\u00e1s.\u00a0 Las personas deben conseguir en nuestras instalaciones, en los servicios, lo que vino a buscar y lo que se le prometi\u00f3 en el momento en el que hizo la suscripci\u00f3n, la membres\u00eda o la inscripci\u00f3n\u201d.<\/p>\n<p>\u201cTenemos como profesionales del sector que ocuparnos en que a nadie se le cruce la idea de comparar la experiencia de ejercicio en una tele o en el m\u00f3vil, o el de una plaza, con la de un gimnasio porque no es la misma. Y no deber\u00eda ser parecida, aunque a veces lo es, porque se ofrece un mal servicio\u201d.<\/p>\n<p>Expone que es el servicio personalizado, divertido y gratificante el que har\u00e1 que persona elija un entorno privado, cerrado y supervisado para sumergirse en el mundo del ejercicio f\u00edsico.<\/p>\n<p>Culmina se\u00f1alando que la falta de movimiento y de ejercicio f\u00edsico es cada vez m\u00e1s com\u00fan en un entorno post industrial, tecnol\u00f3gico y digital, en el cual nos enfermamos por no movernos y por comer de m\u00e1s.<\/p>\n<p>Por Francisco D&#8217;Agostino<\/p>\n","protected":false},"excerpt":{"rendered":"<p>Por Francisco D&#8217;Agostino El futuro del mercado fitness en el mundo traer\u00e1 consigo la entrada de nuevos jugadores a este sector, especialmente de inversionistas y emprendedores quienes han visto en la pandemia el grado de exposici\u00f3n, la importancia y los beneficios que el ejercicio f\u00edsico podr\u00eda aportarle a la comunidad si lo adoptan como h\u00e1bito. [&hellip;]<\/p>\n","protected":false},"author":2,"featured_media":11894,"comment_status":"closed","ping_status":"open","sticky":false,"template":"","format":"standard","meta":[],"categories":[93,2],"tags":[9110,845],"wppr_data":{"cwp_meta_box_check":"No"},"_links":{"self":[{"href":"https:\/\/www.notaoficial.com\/s\/wp-json\/wp\/v2\/posts\/11890"}],"collection":[{"href":"https:\/\/www.notaoficial.com\/s\/wp-json\/wp\/v2\/posts"}],"about":[{"href":"https:\/\/www.notaoficial.com\/s\/wp-json\/wp\/v2\/types\/post"}],"author":[{"embeddable":true,"href":"https:\/\/www.notaoficial.com\/s\/wp-json\/wp\/v2\/users\/2"}],"replies":[{"embeddable":true,"href":"https:\/\/www.notaoficial.com\/s\/wp-json\/wp\/v2\/comments?post=11890"}],"version-history":[{"count":1,"href":"https:\/\/www.notaoficial.com\/s\/wp-json\/wp\/v2\/posts\/11890\/revisions"}],"predecessor-version":[{"id":11895,"href":"https:\/\/www.notaoficial.com\/s\/wp-json\/wp\/v2\/posts\/11890\/revisions\/11895"}],"wp:featuredmedia":[{"embeddable":true,"href":"https:\/\/www.notaoficial.com\/s\/wp-json\/wp\/v2\/media\/11894"}],"wp:attachment":[{"href":"https:\/\/www.notaoficial.com\/s\/wp-json\/wp\/v2\/media?parent=11890"}],"wp:term":[{"taxonomy":"category","embeddable":true,"href":"https:\/\/www.notaoficial.com\/s\/wp-json\/wp\/v2\/categories?post=11890"},{"taxonomy":"post_tag","embeddable":true,"href":"https:\/\/www.notaoficial.com\/s\/wp-json\/wp\/v2\/tags?post=11890"}],"curies":[{"name":"wp","href":"https:\/\/api.w.org\/{rel}","templated":true}]}}