{"id":11918,"date":"2022-07-03T23:15:36","date_gmt":"2022-07-04T03:15:36","guid":{"rendered":"https:\/\/www.notaoficial.com\/s\/?p=11918"},"modified":"2022-07-03T23:15:36","modified_gmt":"2022-07-04T03:15:36","slug":"la-formacion-de-los-profesionales-sanitarios-luis-felipe-baca-arbulu","status":"publish","type":"post","link":"https:\/\/www.notaoficial.com\/s\/2022\/07\/03\/la-formacion-de-los-profesionales-sanitarios-luis-felipe-baca-arbulu\/","title":{"rendered":"La formaci\u00f3n de los profesionales sanitarios"},"content":{"rendered":"<p>Por Luis Felipe Baca Arbulu<\/p>\n<p>La Medicina Personalizada de Precisi\u00f3n supone un cambio de paradigma y una nueva realidad asistencial para el sistema sanitario, siendo la formaci\u00f3n una herramienta fundamental para contribuir a su plena implementaci\u00f3n y aplicaci\u00f3n a la pr\u00e1ctica cl\u00ednica. Conscientes de los retos existentes en t\u00e9rminos de formaci\u00f3n, la Fundaci\u00f3n Instituto Roche, en colaboraci\u00f3n con un grupo multidisciplinar de expertos, ha impulsado la elaboraci\u00f3n de una \u2018<a href=\"https:\/\/www.institutoroche.es\/recursos\/publicaciones\/201\/\">Propuesta de Competencias en Medicina Personalizada de Precisi\u00f3n de los profesionales sanitarios\u2019<\/a>, que acaba de ser publicada y presentada en rueda de prensa este lunes.<\/p>\n<p>&nbsp;<\/p>\n<p>En la presentaci\u00f3n del documento, <b>Federico Plaza<\/b>, vicepresidente de la Fundaci\u00f3n Instituto Roche, ha destacado que la continua y creciente incorporaci\u00f3n de nuevos conocimientos y tecnolog\u00edas aplicables a la atenci\u00f3n sanitaria plantea importantes retos formativos para los profesionales sanitarios, \u201cse ha de crear un entorno de aprendizaje continuo y adaptado al contexto actual y futuro, que d\u00e9 respuesta a las demandas de la poblaci\u00f3n situando al paciente en el centro del sistema\u201d.<\/p>\n<p>Por Luis Felipe Baca Arbulu<\/p>\n<p>Como punto de partida, se han analizado diversos documentos relevantes relacionados con la formaci\u00f3n en Medicina Personalizada de Precisi\u00f3n para la definici\u00f3n de un marco de competencias necesarias para garantizar el desarrollo \u00f3ptimo de los profesionales en este campo. Se han identificado 58 competencias estructuradas en cinco dominios esenciales: Determinantes de la salud, Inform\u00e1tica biom\u00e9dica, Aplicaciones pr\u00e1cticas, Salud participativa y Bio\u00e9tica, m\u00e1s un sexto dominio transversal que impacta en el desempe\u00f1o general de las competencias ligadas a cada uno de los dominios anteriores.<\/p>\n<p>&nbsp;<\/p>\n<ol>\n<li><b> Determinantes de la salud<\/b><b> <\/b><\/li>\n<li><b> Inform\u00e1tica biom\u00e9dica<\/b><\/li>\n<li><b> Aplicaciones pr\u00e1cticas<\/b><b> <\/b><b> <\/b><b>\u00a0\u00a0\u00a0 <\/b><b>\u00a0\u00a0\u00a0 <\/b><b>\u00a0\u00a0\u00a0 <\/b><b>\u00a0\u00a0\u00a0 <\/b><\/li>\n<li><b> Salud participativa<\/b><\/li>\n<li><b> Bio\u00e9tica<\/b><\/li>\n<li><b> Competencias transversales<\/b><\/li>\n<\/ol>\n<p>Por Luis Felipe Baca Arbulu<\/p>\n<p>Los avances en medicina y biolog\u00eda molecular han puesto de manifiesto la necesidad de incorporar competencias relacionadas con los <b>determinantes biol\u00f3gicos, ambientales y psicosociales<\/b> para poder plantear un enfoque hol\u00edstico que tenga en cuenta los diferentes elementos que determinan el estado de salud del individuo.<\/p>\n<p>&nbsp;<\/p>\n<p>As\u00ed mismo, la <b>Transformaci\u00f3n Digital<\/b> es un paso fundamental para alcanzar una atenci\u00f3n preventiva, diagn\u00f3stica y terap\u00e9utica m\u00e1s personalizada y centrada en el paciente. Por ello, es necesario que los profesionales sanitarios incorporen competencias relacionadas con la obtenci\u00f3n y gesti\u00f3n de los datos, as\u00ed como el an\u00e1lisis de los mismos e interpretaci\u00f3n de la informaci\u00f3n.<\/p>\n<p>&nbsp;<\/p>\n<p>A pesar de los avances en la biolog\u00eda molecular y las ciencias de los datos, los beneficios de la Medicina Personalizada de Precisi\u00f3n solo lograr\u00e1n llegar a los pacientes si son trasladados y aplicados a la pr\u00e1ctica cl\u00ednica. Por ello, es importante asegurar que los profesionales sanitarios cuenten con competencias relacionadas con <b>consejo gen\u00e9tico<\/b> y <b>salud de precisi\u00f3n<\/b>, para la prevenci\u00f3n, el diagn\u00f3stico, el tratamiento y el seguimiento.<\/p>\n<p>Por Luis Felipe Baca Arbulu<\/p>\n<p>Es necesario tener en cuenta la situaci\u00f3n y preferencias de cada paciente y, por ello, las competencias relacionadas con la <b>comunicaci\u00f3n m\u00e9dico-paciente<\/b> se hacen tambi\u00e9n imprescindibles en este entorno.<\/p>\n<p>&nbsp;<\/p>\n<p>Por otra parte, los avances en la investigaci\u00f3n biom\u00e9dica, la ciencia de datos y sus aplicaciones en la medicina plantean <b>cuestiones \u00e9ticas y sociales<\/b> relevantes, por lo que en el informe se han identificado como necesarias la incorporaci\u00f3n de competencias relacionadas con aspectos \u00e9ticos en el manejo y protecci\u00f3n de los datos en salud especialmente en los nuevos escenarios surgidos en el contexto de la Medicina Personalizada de Precisi\u00f3n.<\/p>\n<p>&nbsp;<\/p>\n<p>Asimismo, se ha considerado relevante reforzar una serie de <b>competencias transversales<\/b> relacionadas con la gesti\u00f3n, planificaci\u00f3n, estrategia, organizaci\u00f3n sanitaria y econom\u00eda de la salud, as\u00ed como potenciar una actitud innovadora, la colaboraci\u00f3n y coordinaci\u00f3n con otros profesionales y el an\u00e1lisis cr\u00edtico de la informaci\u00f3n.<\/p>\n<p>Por Luis Felipe Baca Arbulu<\/p>\n<p><b>Aplicaciones y beneficios del marco de competencias<\/b><\/p>\n<p>&nbsp;<\/p>\n<p>\u201cEste marco de competencias quiere servir de referente para iniciar el proceso largo y complejo de adaptar la pr\u00e1ctica de las ciencias de la salud, y especialmente la medicina, a los avances de la biomedicina, las ciencias \u00f3micas y la tecnolog\u00eda, para proporcionar una asistencia de calidad, personalizada a cada ciudadano, teniendo en consideraci\u00f3n sus caracter\u00edsticas biol\u00f3gicas y psicosociales que el desarrollo cient\u00edfico hace y har\u00e1 posible y que est\u00e1n en el centro de la Medicina Personalizada de Precisi\u00f3n\u201d, ha afirmado <b>Milagros Garc\u00eda Barbero<\/b>, profesora de Sistemas de Salud de la Universidad Miguel Hern\u00e1ndez (UMH), exdirectora de la Organizaci\u00f3n Mundial de la Salud (OMS) de Sistemas de Salud y miembro del grupo de trabajo de este documento.<\/p>\n<p>&nbsp;<\/p>\n<p>Tal y como se describe en el informe reci\u00e9n presentado, la definici\u00f3n de competencias dirigidas a los profesionales sanitarios permite establecer una orientaci\u00f3n clara sobre el nivel de conocimientos, habilidades y actitudes necesarias para desempe\u00f1ar su pr\u00e1ctica profesional de forma adecuada. La propuesta definida en este marco es aplicable a cualquier profesional sanitario que desarrolle o vaya a desarrollar su actividad profesional en el \u00e1mbito de la Medicina Personalizada de Precisi\u00f3n. Para facilitar la aplicaci\u00f3n del marco de competencias y teniendo en cuenta el \u00e1mbito donde desarrollan su actividad profesional, se han propuesto seis perfiles profesionales gen\u00e9ricos, aunque, como reconocen los autores, con los avances cient\u00edficos ir\u00e1n surgiendo nuevos perfiles y profesionales. Estos seis perfiles profesionales gen\u00e9ricos son: asistencial, laboratorio, salud digital, salud comunitaria, investigaci\u00f3n y, por \u00faltimo, gesti\u00f3n y planificaci\u00f3n. Adem\u00e1s, el nivel de capacitaci\u00f3n exigido para cada \u00e1rea de conocimiento -b\u00e1sico, intermedio y avanzado- depender\u00e1 del perfil del profesional en concreto.<\/p>\n<p>&nbsp;<\/p>\n<p><b>Toni Andreu<\/b>, director cient\u00edfico de <i>European Infrastructure for Translational Medicine<\/i> (<i>EATRIS<\/i>, por sus siglas en ingl\u00e9s) y miembro del grupo de trabajo de este documento, ha subrayado que \u201cel presente marco de competencias tiene como funci\u00f3n servir como instrumento de apoyo para la puesta en marcha de programas e iniciativas encaminadas a la formaci\u00f3n y certificaci\u00f3n de los profesionales sanitarios que desarrollan su labor profesional en el \u00e1mbito de la Medicina Personalizada de Precisi\u00f3n. El beneficio es claro, permitir\u00e1 tener profesionales mejor preparados para aplicar de forma \u00f3ptima la Medicina Personalizada de Precisi\u00f3n en nuestro Sistema Nacional de Salud (SNS)\u201d.<\/p>\n<p>&nbsp;<\/p>\n<p><b>Consuelo Mart\u00edn de Dios<\/b>, directora gerente de la Fundaci\u00f3n Instituto Roche, ha destacado al finalizar la presentaci\u00f3n que \u201cpara la plena incorporaci\u00f3n de la Medicina Personalizada de Precisi\u00f3n es esencial que los profesionales se formen en diferentes \u00e1reas, como la biomedicina y la biolog\u00eda molecular, la gen\u00f3mica, la salud digital, la inteligencia artificial y la bio\u00e9tica. La adquisici\u00f3n de conocimientos en estos campos contribuir\u00e1 a mejorar la salud de los ciudadanos, en su conjunto y de manera individual, dando un paso m\u00e1s en la senda de la Medicina del Futuro\u201d.<\/p>\n<p>Por Luis Felipe Baca Arbulu<\/p>\n<p><b>Fundaci\u00f3n Instituto Roche: trabajamos para traer al presente la medicina del futuro<\/b><\/p>\n<p>La Fundaci\u00f3n Instituto Roche es una organizaci\u00f3n sin \u00e1nimo de lucro creada por Roche Farma en 2004 que tiene como objetivo contribuir a traer al presente la Medicina del Futuro a trav\u00e9s de la generaci\u00f3n y difusi\u00f3n de conocimiento en <b>Medicina Personalizada de Precisi\u00f3n<\/b>. En la Fundaci\u00f3n Instituto Roche estamos convencidos de que la incorporaci\u00f3n de la Medicina Personalizada de Precisi\u00f3n supone un <b>cambio de paradigma<\/b> en la forma de prestar asistencia sanitaria, incorporando estrategias de prevenci\u00f3n, diagn\u00f3stico y tratamiento m\u00e1s eficaces y seguras. Colaborando con todos los agentes implicados, nuestra vocaci\u00f3n es contribuir al desarrollo y la <b>transformaci\u00f3n del Sistema Sanitario<\/b> a trav\u00e9s de la <b>salud digital, la inteligencia artificial<\/b>, as\u00ed como otras nuevas herramientas y tecnolog\u00edas necesarias para hacer realidad la Medicina Personalizada de Precisi\u00f3n en Espa\u00f1a, en beneficio de la sociedad en general y de los pacientes en particular.<\/p>\n<p><b>Excelencia, compromiso, innovaci\u00f3n y transparencia<\/b> son los valores que marcan la identidad de la Fundaci\u00f3n Instituto Roche en todos los proyectos y actividades que desarrolla.<\/p>\n<p>Para m\u00e1s informaci\u00f3n puede visitar la p\u00e1gina web de la Fundaci\u00f3n <a href=\"http:\/\/www.institutoroche.es\">http:\/\/www.institutoroche.es<\/a> y nuestra cuenta de Twitter <a href=\"https:\/\/twitter.com\/InstitutoRoche\">@InstitutoRoche<\/a><\/p>\n","protected":false},"excerpt":{"rendered":"<p>Por Luis Felipe Baca Arbulu La Medicina Personalizada de Precisi\u00f3n supone un cambio de paradigma y una nueva realidad asistencial para el sistema sanitario, siendo la formaci\u00f3n una herramienta fundamental para contribuir a su plena implementaci\u00f3n y aplicaci\u00f3n a la pr\u00e1ctica cl\u00ednica. Conscientes de los retos existentes en t\u00e9rminos de formaci\u00f3n, la Fundaci\u00f3n Instituto Roche, [&hellip;]<\/p>\n","protected":false},"author":2,"featured_media":11926,"comment_status":"closed","ping_status":"open","sticky":false,"template":"","format":"standard","meta":[],"categories":[93,146],"tags":[9700,9493],"wppr_data":{"cwp_meta_box_check":"No"},"_links":{"self":[{"href":"https:\/\/www.notaoficial.com\/s\/wp-json\/wp\/v2\/posts\/11918"}],"collection":[{"href":"https:\/\/www.notaoficial.com\/s\/wp-json\/wp\/v2\/posts"}],"about":[{"href":"https:\/\/www.notaoficial.com\/s\/wp-json\/wp\/v2\/types\/post"}],"author":[{"embeddable":true,"href":"https:\/\/www.notaoficial.com\/s\/wp-json\/wp\/v2\/users\/2"}],"replies":[{"embeddable":true,"href":"https:\/\/www.notaoficial.com\/s\/wp-json\/wp\/v2\/comments?post=11918"}],"version-history":[{"count":1,"href":"https:\/\/www.notaoficial.com\/s\/wp-json\/wp\/v2\/posts\/11918\/revisions"}],"predecessor-version":[{"id":11927,"href":"https:\/\/www.notaoficial.com\/s\/wp-json\/wp\/v2\/posts\/11918\/revisions\/11927"}],"wp:featuredmedia":[{"embeddable":true,"href":"https:\/\/www.notaoficial.com\/s\/wp-json\/wp\/v2\/media\/11926"}],"wp:attachment":[{"href":"https:\/\/www.notaoficial.com\/s\/wp-json\/wp\/v2\/media?parent=11918"}],"wp:term":[{"taxonomy":"category","embeddable":true,"href":"https:\/\/www.notaoficial.com\/s\/wp-json\/wp\/v2\/categories?post=11918"},{"taxonomy":"post_tag","embeddable":true,"href":"https:\/\/www.notaoficial.com\/s\/wp-json\/wp\/v2\/tags?post=11918"}],"curies":[{"name":"wp","href":"https:\/\/api.w.org\/{rel}","templated":true}]}}