{"id":11919,"date":"2022-07-03T23:19:07","date_gmt":"2022-07-04T03:19:07","guid":{"rendered":"https:\/\/www.notaoficial.com\/s\/?p=11919"},"modified":"2022-07-03T23:19:07","modified_gmt":"2022-07-04T03:19:07","slug":"determinantes-que-condicionan-los-resultados-en-salud","status":"publish","type":"post","link":"https:\/\/www.notaoficial.com\/s\/2022\/07\/03\/determinantes-que-condicionan-los-resultados-en-salud\/","title":{"rendered":"Determinantes que condicionan los resultados en salud"},"content":{"rendered":"<p>Las personas con menos recursos viven y mueren en situaciones m\u00e1s desfavorables. En concreto, aquellas personas que han tenido un menor acceso a la educaci\u00f3n, una ocupaci\u00f3n laboral m\u00e1s baja o menores ingresos, usualmente tienen una mayor prevalencia de la mayor\u00eda de problemas de salud y son m\u00e1s proclives a fallecer en edades m\u00e1s tempranas. Estas son algunas de las conclusiones que se extraen del documento \u2018Por una salud no determinada. Una Hoja de Ruta hacia la equidad en salud\u2019, elaborado por la Fundaci\u00f3n Gaspar Casal con el respaldo de la compa\u00f1\u00eda biom\u00e9dica MSD.<\/p>\n<p>&nbsp;<\/p>\n<p>El objetivo de esta publicaci\u00f3n \u2013 que se ha presentado este martes 14 de junio en el Congreso de los Diputados- es poner de manifiesto la importancia que tienen los determinantes sociales en el estado de salud de las personas y establecer los pasos que deber\u00edan implementarse para paliar la inequidad en salud que estos generan.<\/p>\n<p>&nbsp;<\/p>\n<p>En este encuentro han participado Rosa Romero, presidenta de la Comisi\u00f3n de Sanidad y Consumo del Congreso de los Diputados; Ana Argelich, presidenta y directora general de MSD Espa\u00f1a; Juan del Llano, director de la Fundaci\u00f3n Gaspar Casal; Roberto Nu\u00f1o, director de Formaci\u00f3n e Investigaci\u00f3n de la Fundaci\u00f3n Gaspar Casal; Mar\u00eda Luisa Carcedo, diputada por el PSOE y exministra de Sanidad; Ildefonso Hern\u00e1ndez, catedr\u00e1tico de Salud P\u00fablica en la Universidad Miguel Hern\u00e1ndez de Alicante y Manuel Arellano, vicepresidente de la Plataforma de Organizaciones de Pacientes (POP). La clausura del acto ha corrido a cargo de Ana Pastor, diputada, miembro de la Comisi\u00f3n de Sanidad y Consumo por el Partido Popular y exministra de Sanidad y Alicia del Llano, responsable de Asuntos P\u00fablicos de la Fundaci\u00f3n Gaspar Casal.<\/p>\n<p>&nbsp;<\/p>\n<p>Dentro del documento, para evaluar las principales causas o determinantes que tienen impacto en el estado de salud, se han analizado estudios transversales y revisiones bibliogr\u00e1ficas para estipular cu\u00e1les repercut\u00edan sobre el estado de salud. De los datos se desprende que el lugar de residencia; la raza etnia u origen; la ocupaci\u00f3n; el sexo\/g\u00e9nero; la religi\u00f3n; el nivel educativo; el estatus socioecon\u00f3mico; el capital o apoyo social y la diversidad afectivo-sexual y de g\u00e9nero, influyen en el estado de salud de las personas.<\/p>\n<p>&nbsp;<\/p>\n<p>Con esta informaci\u00f3n como base, los autores del documento han desarrollado una \u2018Hoja de Ruta\u2019 que tiene como objetivo plantear iniciativas encaminadas a reducir estas inequidades. Para atajar esta desigualdad, se aboga por llevar a cabo un abordaje multisectorial en cuanto a la formaci\u00f3n y concienciaci\u00f3n en determinantes sociales de salud; aumentar el registro de datos y evidencias que apoyen con solidez las conclusiones recogidas en esta publicaci\u00f3n y la implementaci\u00f3n de pol\u00edticas efectivas que tengan como meta prevenir la enfermedad, as\u00ed como proteger y recuperar la salud.<\/p>\n<p>&nbsp;<\/p>\n<p>\u201cNuestras vidas, nuestros trabajos, nuestras viviendas, la geograf\u00eda, la educaci\u00f3n, la renta, la raza, el g\u00e9nero, la orientaci\u00f3n sexual, el acceso a la sanidad\u2026 impactan en la salud y determinan la cantidad y la calidad de vida por vivir. Son los determinantes sociales de la salud. En la Fundaci\u00f3n Gaspar Casal, como expertos en salud p\u00fablica, nos hemos propuesto generar conocimiento en torno a esta disciplina para asegurar una \u2018salud no determinada\u2019 en la cual mejoremos, entre todos, la equidad para los pacientes\u201d, ha subrayado Juan del Llano, director de la Fundaci\u00f3n Gaspar Casal.<\/p>\n<p>&nbsp;<\/p>\n<p>Por su parte, durante la presentaci\u00f3n de este documento, Ana Argelich, presidenta y directora general de MSD en Espa\u00f1a, ha destacado que en la elaboraci\u00f3n del informe \u201chan trabajado algunos de los mayores expertos en Salud P\u00fablica y Determinantes Sociales de la Salud de este pa\u00eds\u201d. La revisi\u00f3n de la literatura \u201cnos ha dado datos que evidencian que podemos lograr mayor equidad y reducir la brecha de desigualdad que existe en el acceso a la salud. La colaboraci\u00f3n p\u00fablico-privada es esencial, como ha puesto de manifiesto la pandemia. Es la v\u00eda para seguir avanzando, de manera sostenible, en eliminar desigualdades y contribuir a una sociedad m\u00e1s saludable y con mejor calidad de vida\u201d, ha a\u00f1adido.<\/p>\n<p>&nbsp;<\/p>\n<p><b>Acerca de la Fundaci\u00f3n Gaspar Casal<\/b><\/p>\n<p>La Fundaci\u00f3n Gaspar Casal (FGC) es un think tank de inter\u00e9s general, sin \u00e1nimo de lucro e independiente, con un firme prop\u00f3sito social dedicado desde 1997 a la Formaci\u00f3n, Investigaci\u00f3n, Difusi\u00f3n y Asuntos P\u00fablicos en el sector de la salud. Entre sus fines prioritarios destaca el fomento y la promoci\u00f3n de la salud a trav\u00e9s de actividades y desarrollo de programas de formaci\u00f3n y de investigaci\u00f3n aplicada a los problemas sanitarios y sociales m\u00e1s importantes de nuestra sociedad. Su labor se fundamenta en el rigor cient\u00edfico-t\u00e9cnico y la independencia en los proyectos llevados a cabo, buscando, siempre, el m\u00e1ximo impacto social y utilidad p\u00fablica. M\u00e1s informaci\u00f3n en <a href=\"https:\/\/fundaciongasparcasal.org\/\">https:\/\/fundaciongasparcasal.org\/<\/a> y en <a href=\"https:\/\/www.facebook.com\/profile.php?id=100053878190462\">Facebook<\/a>, <a href=\"https:\/\/twitter.com\/fgcasal?s=21\">Twitter<\/a>,\u00a0<a href=\"https:\/\/www.linkedin.com\/company\/fundaci%C3%B3n-gaspar-casal\/\">LinkedIn<\/a>\u00a0e <a href=\"https:\/\/www.instagram.com\/fgcasal\/?igshid=aku6utmd5phe\">Instagram<\/a>.<\/p>\n<p>&nbsp;<\/p>\n<p><b>Acerca de MSD<\/b><\/p>\n<p>En MSD -conocida como Merck &amp; Co., Inc. en Estados Unidos y Canad\u00e1, con sede en Rahway, Nueva Jersey- estamos unidos por nuestra misi\u00f3n de emplear el potencial de la ciencia de vanguardia para salvar y mejorar vidas en todo el mundo. Desde hace m\u00e1s de 130 a\u00f1os, hemos aportado esperanza a trav\u00e9s del desarrollo de importantes medicamentos y vacunas. Aspiramos a ser la compa\u00f1\u00eda l\u00edder de investigaci\u00f3n biofarmac\u00e9utica del mundo y, en la actualidad, estamos a la vanguardia de la investigaci\u00f3n en soluciones innovadoras de salud para avanzar en la prevenci\u00f3n y tratamiento de enfermedades humanas y animales. Fomentamos un espacio de trabajo diverso e inclusivo y trabajamos de forma responsable todos los d\u00edas para conseguir un futuro seguro, sostenible y saludable para todas las personas y comunidades. Para m\u00e1s informaci\u00f3n, visita <a href=\"http:\/\/www.msd.es\/\">http:\/\/www.msd.es<\/a> y encu\u00e9ntranos en <a href=\"https:\/\/twitter.com\/MSDEspana\">Twitter<\/a>,\u00a0<a href=\"https:\/\/www.linkedin.com\/company\/msd-espana\/\">LinkedIn<\/a>\u00a0y\u00a0<a href=\"https:\/\/www.youtube.com\/channel\/UCV9yserTTqp8Q1rF2PWOR1A\">YouTube<\/a>.<\/p>\n","protected":false},"excerpt":{"rendered":"<p>Las personas con menos recursos viven y mueren en situaciones m\u00e1s desfavorables. En concreto, aquellas personas que han tenido un menor acceso a la educaci\u00f3n, una ocupaci\u00f3n laboral m\u00e1s baja o menores ingresos, usualmente tienen una mayor prevalencia de la mayor\u00eda de problemas de salud y son m\u00e1s proclives a fallecer en edades m\u00e1s tempranas. [&hellip;]<\/p>\n","protected":false},"author":2,"featured_media":11928,"comment_status":"closed","ping_status":"open","sticky":false,"template":"","format":"standard","meta":[],"categories":[93,463,146],"tags":[9798,9508],"wppr_data":{"cwp_meta_box_check":"No"},"_links":{"self":[{"href":"https:\/\/www.notaoficial.com\/s\/wp-json\/wp\/v2\/posts\/11919"}],"collection":[{"href":"https:\/\/www.notaoficial.com\/s\/wp-json\/wp\/v2\/posts"}],"about":[{"href":"https:\/\/www.notaoficial.com\/s\/wp-json\/wp\/v2\/types\/post"}],"author":[{"embeddable":true,"href":"https:\/\/www.notaoficial.com\/s\/wp-json\/wp\/v2\/users\/2"}],"replies":[{"embeddable":true,"href":"https:\/\/www.notaoficial.com\/s\/wp-json\/wp\/v2\/comments?post=11919"}],"version-history":[{"count":1,"href":"https:\/\/www.notaoficial.com\/s\/wp-json\/wp\/v2\/posts\/11919\/revisions"}],"predecessor-version":[{"id":11929,"href":"https:\/\/www.notaoficial.com\/s\/wp-json\/wp\/v2\/posts\/11919\/revisions\/11929"}],"wp:featuredmedia":[{"embeddable":true,"href":"https:\/\/www.notaoficial.com\/s\/wp-json\/wp\/v2\/media\/11928"}],"wp:attachment":[{"href":"https:\/\/www.notaoficial.com\/s\/wp-json\/wp\/v2\/media?parent=11919"}],"wp:term":[{"taxonomy":"category","embeddable":true,"href":"https:\/\/www.notaoficial.com\/s\/wp-json\/wp\/v2\/categories?post=11919"},{"taxonomy":"post_tag","embeddable":true,"href":"https:\/\/www.notaoficial.com\/s\/wp-json\/wp\/v2\/tags?post=11919"}],"curies":[{"name":"wp","href":"https:\/\/api.w.org\/{rel}","templated":true}]}}