{"id":12018,"date":"2022-07-10T23:28:38","date_gmt":"2022-07-11T03:28:38","guid":{"rendered":"https:\/\/www.notaoficial.com\/s\/?p=12018"},"modified":"2022-07-11T23:31:57","modified_gmt":"2022-07-12T03:31:57","slug":"nuevos-horizontes-para-el-tratamiento-del-dolor-asociado-a-las-patologias-reumaticas","status":"publish","type":"post","link":"https:\/\/www.notaoficial.com\/s\/2022\/07\/10\/nuevos-horizontes-para-el-tratamiento-del-dolor-asociado-a-las-patologias-reumaticas\/","title":{"rendered":"Nuevos horizontes para el tratamiento del dolor asociado a las patolog\u00edas reum\u00e1ticas"},"content":{"rendered":"<p>Se estima que una de cada cuatro personas mayores de 20 a\u00f1os en Espa\u00f1a padece alguna patolog\u00eda reum\u00e1tica, lo que supone que cerca de 11 millones de espa\u00f1oles convivan con sus s\u00edntomas y con dolor a diario2. Bajo el t\u00edtulo \u2018Reumeet: la patolog\u00eda inflamatoria y su relaci\u00f3n con el metabolismo \u00f3seo\u2019, expertos de primer nivel en este \u00e1rea se han reunido en una jornada que cuenta con la colaboraci\u00f3n de la farmac\u00e9utica Gr\u00fcnenthal para analizar los \u00faltimos avances y mejorar as\u00ed la calidad de vida de estos pacientes.<\/p>\n<p>La jornada, coordinada por la Dra. Susana Gerechter, especialista en Reumatolog\u00eda del complejo hospitalario Ruber Juan Bravo, ha estado protagonizada por recientes estudios que han demostrado que la inflamaci\u00f3n y sus mediadores est\u00e1n implicados en el desarrollo de osteoporosis y c\u00f3mo la inhibici\u00f3n o atenuaci\u00f3n del proceso inflamatorio puede proporcionar alternativas efectivas para el manejo de esta patolog\u00eda. Seg\u00fan ha asegurado la coordinadora del evento: \u201cReumeet ha supuesto un enfoque novedoso al relacionar por primera vez la implicaci\u00f3n de las patolog\u00edas inflamatorias en otras patolog\u00edas metab\u00f3licas \u00f3seas\u201d.<\/p>\n<p>De esta forma, la Dr. Gerechter ha defendido que este evento supone \u201cabrir nuevos horizontes en la especialidad, en concreto dirigidos a los especialistas junior\u201d y ha destacado la importancia de reunir a diferentes especialistas en Reumatolog\u00eda para compartir conocimientos.<\/p>\n<p>En el acto tambi\u00e9n ha participado Ana Esquivias, directora de Medical Affairs de Gr\u00fcnenthal Iberia; quien ha destacado la importancia de mejorar el manejo de las patolog\u00edas reum\u00e1ticas, que tanta incidencia tienen en nuestro pa\u00eds: \u201cComo especialistas en el campo del dolor, en Gr\u00fcnenthal creemos que es crucial conocer la realidad actual de estas patolog\u00edas y c\u00f3mo su abordaje ayuda en la mejora de la calidad de vida de los pacientes que las sufren\u201d.<\/p>\n<p>En las enfermedades reum\u00e1ticas, \u201ces imprescindible el manejo del metabolismo \u00f3seo\u201d, ha reconocido la Dra. Gerechter, destacando que \u201c\u00faltimamente la supervivencia de los pacientes con estas patolog\u00edas es muy alta y la p\u00e9rdida de densidad \u00f3sea puede tener repercusiones graves sobre su calidad de vida\u201c. Por ello, en el tratamiento y diagn\u00f3stico de las mismas, \u201ces fundamental hacer un abordaje hol\u00edstico del paciente\u201d.<\/p>\n<p><b>Sobre las enfermedades reum\u00e1ticas<\/b><\/p>\n<p>El manejo de las patolog\u00edas reum\u00e1ticas es uno de los retos a los que se enfrentan los profesionales de esta especialidad. Se trata de aquellas que afectan al aparato locomotor y, entre ellas, se incluyen m\u00e1s de 200 enfermedades distintas, que pueden afectar a pacientes de todas las edades.<\/p>\n<p>De ellas, como ha explicado la doctora del Hospital perteneciente al Grupo Quir\u00f3nsalud, \u201clas m\u00e1s comunes son la artrosis, patolog\u00edas inflamatorias como la artritis reumatoide o el lupus eritematoso sist\u00e9mico, o enfermedades degenerativas como la osteoporosis y la lumbalgia\u201d.<\/p>\n<p>Las enfermedades reum\u00e1ticas son, seg\u00fan la Fundaci\u00f3n Espa\u00f1ola de Reumatolog\u00eda, la segunda causa de consulta, tras las infecciones respiratorias agudas, en Atenci\u00f3n Primaria, la primera causa de incapacidad en nuestro medio, y las que m\u00e1s deterioran la calidad de vida de los pacientes, por encima de las enfermedades de pulm\u00f3n y coraz\u00f3n. Es por ello que el papel de los profesionales de la Reumatolog\u00eda es clave, siendo la especialidad que m\u00e1s avances en diagn\u00f3stico y tratamiento ha experimentado en los \u00faltimos a\u00f1os<\/p>\n","protected":false},"excerpt":{"rendered":"<p>Se estima que una de cada cuatro personas mayores de 20 a\u00f1os en Espa\u00f1a padece alguna patolog\u00eda reum\u00e1tica, lo que supone que cerca de 11 millones de espa\u00f1oles convivan con sus s\u00edntomas y con dolor a diario2. Bajo el t\u00edtulo \u2018Reumeet: la patolog\u00eda inflamatoria y su relaci\u00f3n con el metabolismo \u00f3seo\u2019, expertos de primer nivel [&hellip;]<\/p>\n","protected":false},"author":2,"featured_media":12019,"comment_status":"closed","ping_status":"open","sticky":false,"template":"","format":"standard","meta":[],"categories":[93,146,2],"tags":[9544,9619,847],"wppr_data":{"cwp_meta_box_check":"No"},"_links":{"self":[{"href":"https:\/\/www.notaoficial.com\/s\/wp-json\/wp\/v2\/posts\/12018"}],"collection":[{"href":"https:\/\/www.notaoficial.com\/s\/wp-json\/wp\/v2\/posts"}],"about":[{"href":"https:\/\/www.notaoficial.com\/s\/wp-json\/wp\/v2\/types\/post"}],"author":[{"embeddable":true,"href":"https:\/\/www.notaoficial.com\/s\/wp-json\/wp\/v2\/users\/2"}],"replies":[{"embeddable":true,"href":"https:\/\/www.notaoficial.com\/s\/wp-json\/wp\/v2\/comments?post=12018"}],"version-history":[{"count":1,"href":"https:\/\/www.notaoficial.com\/s\/wp-json\/wp\/v2\/posts\/12018\/revisions"}],"predecessor-version":[{"id":12020,"href":"https:\/\/www.notaoficial.com\/s\/wp-json\/wp\/v2\/posts\/12018\/revisions\/12020"}],"wp:featuredmedia":[{"embeddable":true,"href":"https:\/\/www.notaoficial.com\/s\/wp-json\/wp\/v2\/media\/12019"}],"wp:attachment":[{"href":"https:\/\/www.notaoficial.com\/s\/wp-json\/wp\/v2\/media?parent=12018"}],"wp:term":[{"taxonomy":"category","embeddable":true,"href":"https:\/\/www.notaoficial.com\/s\/wp-json\/wp\/v2\/categories?post=12018"},{"taxonomy":"post_tag","embeddable":true,"href":"https:\/\/www.notaoficial.com\/s\/wp-json\/wp\/v2\/tags?post=12018"}],"curies":[{"name":"wp","href":"https:\/\/api.w.org\/{rel}","templated":true}]}}