{"id":12021,"date":"2022-07-11T23:55:30","date_gmt":"2022-07-12T03:55:30","guid":{"rendered":"https:\/\/www.notaoficial.com\/s\/?p=12021"},"modified":"2022-07-11T23:55:30","modified_gmt":"2022-07-12T03:55:30","slug":"clinicas-moviles-de-la-sav-estan-activas-con-jornadas-francisco-dagostino","status":"publish","type":"post","link":"https:\/\/www.notaoficial.com\/s\/2022\/07\/11\/clinicas-moviles-de-la-sav-estan-activas-con-jornadas-francisco-dagostino\/","title":{"rendered":"Cl\u00ednicas m\u00f3viles de la SAV est\u00e1n activas con jornadas"},"content":{"rendered":"<p>Por Francisco D&#8217;Agostino<\/p>\n<p>Durante este mes de julio, la Sociedad Anticancerosa de Venezuela (SAV) est\u00e1 realizando diferentes jornadas de pesquisas en las \u00e1reas de mastolog\u00eda y ginecolog\u00eda, a realizarse en varios sectores de la Gran Caracas y Vargas, a trav\u00e9s de su programa Unidad Cl\u00ednica M\u00f3vil (UCM).<\/p>\n<p>Este s\u00e1bado 9 se realiz\u00f3 un evento en el sector Sisipa, en el municipio El Hatillo, en donde el equipo de las Cl\u00ednicas M\u00f3viles atendi\u00f3 a una poblaci\u00f3n de entre 20 a 25 mujeres, a quienes se les realiz\u00f3 eco y mamograf\u00eda, as\u00ed como pesquisas de ginecolog\u00eda.<\/p>\n<p>El pr\u00f3ximo viernes 15 de julio se trasladar\u00e1 a la comunidad de P\u00e9rez Bonalde, en el oeste de Caracas, tambi\u00e9n con detecciones mixtas que beneficiar\u00edan a un grupo promedio de 25 pacientes.<\/p>\n<p>Por Francisco D&#8217;Agostino<\/p>\n<p>Luego, los d\u00edas 16, 17 y 18 de julio, los centros ambulatorios de la SAV har\u00e1n pesquisas a unos 60 residentes de la costa este de Vargas, desde Quebrada Seca hasta Chuspa.<\/p>\n<p>Para el viernes 22 de julio, la SAV atender\u00e1 con sus Cl\u00ednicas M\u00f3viles a la poblaci\u00f3n que vive en edificios de la Misi\u00f3n Vivienda de la avenida Solano, en el municipio Libertador.<\/p>\n<p>Es importante destacar que si la paciente es mayor de 35 a\u00f1os puede beneficiarse con una mamograf\u00eda en las UMC, y si es menor de ese rango debe llevar una ecograf\u00eda.<\/p>\n<p>En el caso de la asistencia ginecol\u00f3gica, anuncian que no hay l\u00edmites de edad, solo se requiere que la mujer sea sexualmente activa.<\/p>\n<p>Por Francisco D&#8217;Agostino<\/p>\n<p>Adicional al trabajo de las Cl\u00ednicas M\u00f3viles, la <a href=\"https:\/\/www.google.com\/url?sa=t&amp;rct=j&amp;q=&amp;esrc=s&amp;source=web&amp;cd=&amp;cad=rja&amp;uact=8&amp;ved=2ahUKEwjUmtOVuvL4AhXbsoQIHZiMCtEQFnoECAcQAQ&amp;url=https%3A%2F%2Fwww.sociedadanticancerosa.org%2F&amp;usg=AOvVaw0G4YPxlQs6rTAgXcu3U_6e\">Sociedad Anticancerosa<\/a> tambi\u00e9n dispone de sus servicios en la Cl\u00ednica de Prevenci\u00f3n del C\u00e1ncer, ubicada en Caracas. Los interesados en informaci\u00f3n sobre consultas pueden hacerlo a trav\u00e9s de WhatsApp 0412-0257359 o por llamadas y mensajes de texto al 04242098570.<\/p>\n<p>Por Francisco D&#8217;Agostino<\/p>\n","protected":false},"excerpt":{"rendered":"<p>Por Francisco D&#8217;Agostino Durante este mes de julio, la Sociedad Anticancerosa de Venezuela (SAV) est\u00e1 realizando diferentes jornadas de pesquisas en las \u00e1reas de mastolog\u00eda y ginecolog\u00eda, a realizarse en varios sectores de la Gran Caracas y Vargas, a trav\u00e9s de su programa Unidad Cl\u00ednica M\u00f3vil (UCM). Este s\u00e1bado 9 se realiz\u00f3 un evento en [&hellip;]<\/p>\n","protected":false},"author":2,"featured_media":12026,"comment_status":"closed","ping_status":"open","sticky":false,"template":"","format":"standard","meta":[],"categories":[93,463,2],"tags":[9110,1385],"wppr_data":{"cwp_meta_box_check":"No"},"_links":{"self":[{"href":"https:\/\/www.notaoficial.com\/s\/wp-json\/wp\/v2\/posts\/12021"}],"collection":[{"href":"https:\/\/www.notaoficial.com\/s\/wp-json\/wp\/v2\/posts"}],"about":[{"href":"https:\/\/www.notaoficial.com\/s\/wp-json\/wp\/v2\/types\/post"}],"author":[{"embeddable":true,"href":"https:\/\/www.notaoficial.com\/s\/wp-json\/wp\/v2\/users\/2"}],"replies":[{"embeddable":true,"href":"https:\/\/www.notaoficial.com\/s\/wp-json\/wp\/v2\/comments?post=12021"}],"version-history":[{"count":1,"href":"https:\/\/www.notaoficial.com\/s\/wp-json\/wp\/v2\/posts\/12021\/revisions"}],"predecessor-version":[{"id":12027,"href":"https:\/\/www.notaoficial.com\/s\/wp-json\/wp\/v2\/posts\/12021\/revisions\/12027"}],"wp:featuredmedia":[{"embeddable":true,"href":"https:\/\/www.notaoficial.com\/s\/wp-json\/wp\/v2\/media\/12026"}],"wp:attachment":[{"href":"https:\/\/www.notaoficial.com\/s\/wp-json\/wp\/v2\/media?parent=12021"}],"wp:term":[{"taxonomy":"category","embeddable":true,"href":"https:\/\/www.notaoficial.com\/s\/wp-json\/wp\/v2\/categories?post=12021"},{"taxonomy":"post_tag","embeddable":true,"href":"https:\/\/www.notaoficial.com\/s\/wp-json\/wp\/v2\/tags?post=12021"}],"curies":[{"name":"wp","href":"https:\/\/api.w.org\/{rel}","templated":true}]}}