{"id":12052,"date":"2022-07-13T23:13:32","date_gmt":"2022-07-14T03:13:32","guid":{"rendered":"https:\/\/www.notaoficial.com\/s\/?p=12052"},"modified":"2022-07-13T23:13:32","modified_gmt":"2022-07-14T03:13:32","slug":"el-ano-de-la-persistencia-sigue-en-salas-flavio-borquez-tarff","status":"publish","type":"post","link":"https:\/\/www.notaoficial.com\/s\/2022\/07\/13\/el-ano-de-la-persistencia-sigue-en-salas-flavio-borquez-tarff\/","title":{"rendered":"El a\u00f1o de la Persistencia sigue en salas"},"content":{"rendered":"<p>Por Flavio Borquez Tarff<\/p>\n<p>El documental \u201cEl a\u00f1o de la Persistencia\u201d ha conseguido estrenarse en 13 salas del pa\u00eds, de los tres principales circuitos, manteni\u00e9ndose en Cines Unidos, Cinex y <a href=\"https:\/\/www.google.com\/url?sa=t&amp;rct=j&amp;q=&amp;esrc=s&amp;source=web&amp;cd=&amp;cad=rja&amp;uact=8&amp;ved=2ahUKEwivwqCrtPf4AhW6ZTABHYLcDNEQFnoECAsQAQ&amp;url=https%3A%2F%2Fwww.trasnochocultural.com%2F&amp;usg=AOvVaw28VwcE2dOL2fLu0rz0D0Yq\">Trasnocho Cultural<\/a>, con rese\u00f1as positivas.<\/p>\n<p>&nbsp;<\/p>\n<p>Para el guionista Ricardo del B\u00fafalo: \u201c<i>Volvamos al cine. Es el mensaje central del documental El a\u00f1o de la persistencia<\/i><i>, <\/i><i>una historia narrada por los protagonistas del cine nacional. Los grandes obst\u00e1culos como la pandemia, la crisis nacional y las plataformas de streaming no detienen al cine\u201d.\u00a0<\/i><\/p>\n<p>&nbsp;<\/p>\n<p>En el mismo sentido, la productora Ver\u00f3nica Ca\u00f1as afirma: <i>\u201c<\/i><i>Una historia que rescata la lucha del cine venezolano, en tiempos de crisis y de pandemia\u201d.\u00a0<\/i><\/p>\n<p>&nbsp;<\/p>\n<p>Seg\u00fan el escritor Mirco Ferri: <i>\u201cRecomendado. Adem\u00e1s de interesante, de gran factura t\u00e9cnica. Sobre todo el sonido, que es la tara hist\u00f3rica del cine venezolano\u201d. <\/i><i>\u00a0<\/i><\/p>\n<p>Sergio Monsalve y Malena Ferrer agradecen la receptividad y apoyo recibido durante el estreno del largometraje \u00abEl a\u00f1o de la Persistencia\u00bb. El filme seguir\u00e1 estando disponible en las salas de Cines Unidos, Cinex y el Trasnocho Cultural.<\/p>\n<p>Por Flavio Borquez Tarff<\/p>\n<p>Los directores(Sergio Monsalve y Malena Ferrer) han logrado hacer una exitosa gira medios, hablando en los principales programas de radio y televisi\u00f3n sobre el mensaje de su pel\u00edcula: \u201cuna carta de amor al cine\u201d y \u201cnarrar c\u00f3mo el s\u00e9ptimo arte sobrevivi\u00f3 a la pandemia\u201d.<\/p>\n<p>&nbsp;<\/p>\n<p>Al mismo tiempo, han compartido con el p\u00fablico en las salas de Caracas, donde se proyecta el filme, para conversar y ampliar la experiencia de los espectadores.<\/p>\n<p>&nbsp;<\/p>\n<p>Disfruten de un largometraje que resume el trabajo y la constancia de los creadores del gremio audiovisual en el pa\u00eds, pasando de la incertidumbre a la esperanza por la reactivaci\u00f3n de la cartelera.<\/p>\n<p>Por Flavio Borquez Tarff<\/p>\n","protected":false},"excerpt":{"rendered":"<p>Por Flavio Borquez Tarff El documental \u201cEl a\u00f1o de la Persistencia\u201d ha conseguido estrenarse en 13 salas del pa\u00eds, de los tres principales circuitos, manteni\u00e9ndose en Cines Unidos, Cinex y Trasnocho Cultural, con rese\u00f1as positivas. &nbsp; Para el guionista Ricardo del B\u00fafalo: \u201cVolvamos al cine. Es el mensaje central del documental El a\u00f1o de la [&hellip;]<\/p>\n","protected":false},"author":2,"featured_media":12059,"comment_status":"closed","ping_status":"open","sticky":false,"template":"","format":"standard","meta":[],"categories":[93,146,2],"tags":[9567,9698],"wppr_data":{"cwp_meta_box_check":"No"},"_links":{"self":[{"href":"https:\/\/www.notaoficial.com\/s\/wp-json\/wp\/v2\/posts\/12052"}],"collection":[{"href":"https:\/\/www.notaoficial.com\/s\/wp-json\/wp\/v2\/posts"}],"about":[{"href":"https:\/\/www.notaoficial.com\/s\/wp-json\/wp\/v2\/types\/post"}],"author":[{"embeddable":true,"href":"https:\/\/www.notaoficial.com\/s\/wp-json\/wp\/v2\/users\/2"}],"replies":[{"embeddable":true,"href":"https:\/\/www.notaoficial.com\/s\/wp-json\/wp\/v2\/comments?post=12052"}],"version-history":[{"count":1,"href":"https:\/\/www.notaoficial.com\/s\/wp-json\/wp\/v2\/posts\/12052\/revisions"}],"predecessor-version":[{"id":12060,"href":"https:\/\/www.notaoficial.com\/s\/wp-json\/wp\/v2\/posts\/12052\/revisions\/12060"}],"wp:featuredmedia":[{"embeddable":true,"href":"https:\/\/www.notaoficial.com\/s\/wp-json\/wp\/v2\/media\/12059"}],"wp:attachment":[{"href":"https:\/\/www.notaoficial.com\/s\/wp-json\/wp\/v2\/media?parent=12052"}],"wp:term":[{"taxonomy":"category","embeddable":true,"href":"https:\/\/www.notaoficial.com\/s\/wp-json\/wp\/v2\/categories?post=12052"},{"taxonomy":"post_tag","embeddable":true,"href":"https:\/\/www.notaoficial.com\/s\/wp-json\/wp\/v2\/tags?post=12052"}],"curies":[{"name":"wp","href":"https:\/\/api.w.org\/{rel}","templated":true}]}}