{"id":12089,"date":"2022-07-18T09:09:14","date_gmt":"2022-07-18T13:09:14","guid":{"rendered":"https:\/\/www.notaoficial.com\/s\/?p=12089"},"modified":"2022-07-18T09:09:14","modified_gmt":"2022-07-18T13:09:14","slug":"abierto-el-plazo-para-la-inscripcion-flavio-pedro-antonio","status":"publish","type":"post","link":"https:\/\/www.notaoficial.com\/s\/2022\/07\/18\/abierto-el-plazo-para-la-inscripcion-flavio-pedro-antonio\/","title":{"rendered":"Abierto el plazo para la inscripci\u00f3n"},"content":{"rendered":"<p>Por Flavio Pedro Antonio<\/p>\n<p><b>La Fundaci\u00f3n Gr\u00fcnenthal, <\/b>con el aval de la <b>Asociaci\u00f3n Nacional de Informadores de la Salud (ANIS),<\/b> abre el plazo para la presentaci\u00f3n de candidaturas a la <b>XIII Edici\u00f3n de los Premios de Periodismo<\/b>. El <b>primer premio<\/b> en prensa escrita que trate de dolor \/ dolor infantil o que se publique en medios audiovisuales recibir\u00e1 <b>3.000 euros<\/b> y <b>el segundo 1.500<\/b>.<\/p>\n<p>&nbsp;<\/p>\n<p><b>La XIII Edici\u00f3n de los Premios de Periodismo<\/b>, como cada a\u00f1o, est\u00e1 abierta a todos los trabajos period\u00edsticos que aborden el dolor en adultos o ni\u00f1os a trav\u00e9s de un enfoque asistencial, social, socioecon\u00f3mico o de concienciaci\u00f3n.<\/p>\n<p>&nbsp;<\/p>\n<p>Los mismos, podr\u00e1n ser presentados por los autores, los medios o la editorial o a trav\u00e9s de terceras personas o instituciones que cuenten con su consentimiento.<\/p>\n<p>&nbsp;<\/p>\n<p>Estos trabajos deber\u00e1n haber sido publicados o <b>emitidos entre el 25 de octubre de 2021 y el 23 de octubre de 2022.<\/b><\/p>\n<p>Por Flavio Pedro Antonio<\/p>\n<p>El objetivo de estos Premios es reconocer el trabajo realizado por los medios de comunicaci\u00f3n \u2013prensa escrita, digital o audiovisual- y por los periodistas que informan y sensibilizan a la sociedad sobre el dolor en Espa\u00f1a, su diagn\u00f3stico, evoluci\u00f3n. Por este motivo, cuenta con un jurado integrado por profesionales de reconocida trayectoria en el \u00e1mbito del periodismo, la medicina y la representaci\u00f3n de los pacientes que valorar\u00e1n aspectos tan importantes como el rigor, la calidad en la redacci\u00f3n y su originalidad, as\u00ed como la creatividad a la hora de presentar el tema del dolor en sus diferentes dimensiones.<\/p>\n<p>&nbsp;<\/p>\n<p>Los miembros del jurado en esta edici\u00f3n son:<\/p>\n<p>&nbsp;<\/p>\n<ul>\n<li aria-level=\"1\">D. Sergio Alonso Puente, vocal de la Asociaci\u00f3n Nacional de Informadores de la Salud (ANIS)<\/li>\n<li aria-level=\"1\">D\u00f1a. Ana Esquivias Escobar, directora m\u00e9dico de Gr\u00fanenthal y patrona de la Fundaci\u00f3n Gr\u00fcnenthal<\/li>\n<li aria-level=\"1\">D. Jos\u00e9 Manuel Gonz\u00e1lez Huesa, director general de Servimedia<\/li>\n<li aria-level=\"1\">D. Alipio Guti\u00e9rrez S\u00e1nchez, director de contenidos de salud de Telemadrid y Onda Madrid<\/li>\n<li aria-level=\"1\">Dra. D\u00f1a. Mar\u00eda Madariaga Mu\u00f1oz, presidente de la Sociedad Espa\u00f1ola del Dolor (SED)<\/li>\n<li aria-level=\"1\">D. Jordi Mir\u00f3 Mart\u00ednez, director de la C\u00e1tedra de Dolor Infantil Universidad Rovira i Virgili-Fundaci\u00f3n Gr\u00fcnenthal<\/li>\n<li aria-level=\"1\">D\u00f1a. Rosa Moreno D\u00edaz, directora de recursos humanos de Gr\u00fcnenthal y patrona de la Fundaci\u00f3n Gr\u00fcnenthal.<\/li>\n<li aria-level=\"1\">Dra. D\u00f1a. Dolors Navarro, directora de Participaci\u00f3n y Capacitaci\u00f3n de Pacientes del Hospital Sant Joan de Deu<\/li>\n<li aria-level=\"1\">D. Jaume Segal\u00e9s Fern\u00e1ndez, director y presentador de EsSalud en EsRadio<\/li>\n<\/ul>\n<p>Como secretario del Jurado:<\/p>\n<ul>\n<li aria-level=\"1\">D. Juan Quintana Cavanillas, director de la Fundaci\u00f3n Gr\u00fcnenthal<\/li>\n<\/ul>\n<p>Por Flavio Pedro Antonio<\/p>\n<p>Los candidatos, medios de comunicaci\u00f3n o instituciones que deseen participar pueden consultar las bases del concurso y presentar los trabajos en la web <a href=\"https:\/\/www.fundaciongrunenthal.es\/fundacion\/premios-periodismo-edicion\">aqu\u00ed<\/a><\/p>\n<p>&nbsp;<\/p>\n<p>Los nombres de los ganadores se har\u00e1n p\u00fablicos a trav\u00e9s de los medios de comunicaci\u00f3n y los premios se entregar\u00e1n en una ceremonia posterior.<\/p>\n<p>&nbsp;<\/p>\n<p>Desde su creaci\u00f3n en 2009, se han presentado m\u00e1s de 530 candidaturas a las distintas ediciones de estos galardones, y la Fundaci\u00f3n Gr\u00fcnenthal ha otorgado 56 premios.<\/p>\n<p><b>Fundaci\u00f3n Gr\u00fcnenthal<\/b><\/p>\n<p>La Fundaci\u00f3n Gr\u00fcnenthal es una organizaci\u00f3n sin \u00e1nimo de lucro que se cre\u00f3 en el a\u00f1o 2000, con la misi\u00f3n de mejorar la calidad de vida de las personas con dolor mediante el fomento de su abordaje biopsicosocial. Sus principales objetivos son sensibilizar a la sociedad sobre el paciente con dolor, favorecer el desarrollo de iniciativas sanitarias vinculadas a la mejora de la calidad de vida del paciente con dolor y promover el conocimiento sobre el dolor, en los pacientes y en su entorno. M\u00e1s informaci\u00f3n en: <a href=\"http:\/\/www.fundaciongrunenthal.es\">www.fundaciongrunenthal.es<\/a><\/p>\n<p>Por Flavio Pedro Antonio<\/p>\n","protected":false},"excerpt":{"rendered":"<p>Por Flavio Pedro Antonio La Fundaci\u00f3n Gr\u00fcnenthal, con el aval de la Asociaci\u00f3n Nacional de Informadores de la Salud (ANIS), abre el plazo para la presentaci\u00f3n de candidaturas a la XIII Edici\u00f3n de los Premios de Periodismo. El primer premio en prensa escrita que trate de dolor \/ dolor infantil o que se publique en [&hellip;]<\/p>\n","protected":false},"author":2,"featured_media":12094,"comment_status":"closed","ping_status":"open","sticky":false,"template":"","format":"standard","meta":[],"categories":[93,146],"tags":[9697,9619],"wppr_data":{"cwp_meta_box_check":"No"},"_links":{"self":[{"href":"https:\/\/www.notaoficial.com\/s\/wp-json\/wp\/v2\/posts\/12089"}],"collection":[{"href":"https:\/\/www.notaoficial.com\/s\/wp-json\/wp\/v2\/posts"}],"about":[{"href":"https:\/\/www.notaoficial.com\/s\/wp-json\/wp\/v2\/types\/post"}],"author":[{"embeddable":true,"href":"https:\/\/www.notaoficial.com\/s\/wp-json\/wp\/v2\/users\/2"}],"replies":[{"embeddable":true,"href":"https:\/\/www.notaoficial.com\/s\/wp-json\/wp\/v2\/comments?post=12089"}],"version-history":[{"count":1,"href":"https:\/\/www.notaoficial.com\/s\/wp-json\/wp\/v2\/posts\/12089\/revisions"}],"predecessor-version":[{"id":12095,"href":"https:\/\/www.notaoficial.com\/s\/wp-json\/wp\/v2\/posts\/12089\/revisions\/12095"}],"wp:featuredmedia":[{"embeddable":true,"href":"https:\/\/www.notaoficial.com\/s\/wp-json\/wp\/v2\/media\/12094"}],"wp:attachment":[{"href":"https:\/\/www.notaoficial.com\/s\/wp-json\/wp\/v2\/media?parent=12089"}],"wp:term":[{"taxonomy":"category","embeddable":true,"href":"https:\/\/www.notaoficial.com\/s\/wp-json\/wp\/v2\/categories?post=12089"},{"taxonomy":"post_tag","embeddable":true,"href":"https:\/\/www.notaoficial.com\/s\/wp-json\/wp\/v2\/tags?post=12089"}],"curies":[{"name":"wp","href":"https:\/\/api.w.org\/{rel}","templated":true}]}}