{"id":12125,"date":"2022-07-20T09:46:17","date_gmt":"2022-07-20T13:46:17","guid":{"rendered":"https:\/\/www.notaoficial.com\/s\/?p=12125"},"modified":"2022-07-20T09:46:17","modified_gmt":"2022-07-20T13:46:17","slug":"dra-yily-cirujana-plastica-flavio-pedro-antonio","status":"publish","type":"post","link":"https:\/\/www.notaoficial.com\/s\/2022\/07\/20\/dra-yily-cirujana-plastica-flavio-pedro-antonio\/","title":{"rendered":"Dra. Yily, cirujana pl\u00e1stica"},"content":{"rendered":"<p>Por Flavio Pedro Antonio<\/p>\n<p>Con m\u00e1s de 14 a\u00f1os de experiencia en el mundo de la cirug\u00eda pl\u00e1stica, la Dra. Yily de los Santos se siente ahora m\u00e1s que nunca comprometida con el bienestar de cada uno de sus pacientes.<\/p>\n<p>\u201cLos cambios comienzan en el interior de cada coraz\u00f3n, no en el quir\u00f3fano\u201d. Con esta frase, la Dra. Y, como se le conoce en redes sociales, da inicio a una campa\u00f1a en la que promueve la concientizaci\u00f3n frente a la cirug\u00eda pl\u00e1stica. Identificar el tipo, conocer los riesgos y comprometerse con los cuidados, antes y despu\u00e9s, y alimentaci\u00f3n balanceada y ejercicio, son algunas de sus recomendaciones para comenzar.<\/p>\n<p>Como profesional, siempre dispuesta a dar lo mejor para \u201ccambiar la vida de sus pacientes\u201d, la Dra. Yily busca que cualquier procedimiento est\u00e9tico se tome con responsabilidad, ya que no se trata de \u201csoluciones m\u00e1gicas para estar bien\u201d. Cada cirug\u00eda debe realizarse una vez que el paciente se sienta bien con la salud de mente y cuerpo, considerando que la autoestima es una prioridad ante el bistur\u00ed.<br \/>\nPor Flavio Pedro Antonio<\/p>\n<p>La Dra. Y afirma que una cirug\u00eda pl\u00e1stica de cualquier tipo \u2014lipoescultura, tummy tuck, mamoplastia o cirug\u00eda facial, entre otras\u2014, debe ser la consecuencia de la belleza que tiene cada mujer de forma integral. Y que le permitan afianzar su seguridad y bienestar. Tambi\u00e9n insiste en la importancia de establecer un v\u00ednculo de confianza cirujano-paciente para satisfacer las necesidades y expectativas, sin poner en riesgo la salud.<\/p>\n<p>Compromiso, inspiraci\u00f3n y responsabilidad son las palabras con las que la Dra. Yily de los Santos describe su tarea como cirujana pl\u00e1stica. Tras una vida de retos y adversidades, se siente orgullosa de ser dominicana. Habla de su profesi\u00f3n con una sonrisa. A d\u00eda de hoy, su temple la ha llevado a construir una marca personal con la que ha logrado posicionarse como una de las mejores de Rep\u00fablica Dominicana.<\/p>\n<p>Convertirse en una marca pa\u00eds en el mundo es su objetivo a medio plazo, que busca promover el amor propio y servir de inspiraci\u00f3n a las mujeres que se enfrentan a sus deseos de profesionalizarse y cambiar la vida de otros a trav\u00e9s de sus talentos.<\/p>\n<p>@yilyplastica<br \/>\n<a href=\"https:\/\/www.google.com\/url?sa=t&amp;rct=j&amp;q=&amp;esrc=s&amp;source=web&amp;cd=&amp;cad=rja&amp;uact=8&amp;ved=2ahUKEwjW0KuUzYf5AhVbRzABHQvrA44QFnoECAIQAQ&amp;url=https%3A%2F%2Ftwitter.com%2Fyilydelossantos%3Flang%3Des&amp;usg=AOvVaw0Pijja0UNveiEXdwDljFQ3\">@yilydelossantos<\/a><br \/>\nFacebook: Dra Yily De Los Santos<\/p>\n<p>Por Flavio Pedro Antonio<\/p>\n","protected":false},"excerpt":{"rendered":"<p>Por Flavio Pedro Antonio Con m\u00e1s de 14 a\u00f1os de experiencia en el mundo de la cirug\u00eda pl\u00e1stica, la Dra. Yily de los Santos se siente ahora m\u00e1s que nunca comprometida con el bienestar de cada uno de sus pacientes. \u201cLos cambios comienzan en el interior de cada coraz\u00f3n, no en el quir\u00f3fano\u201d. Con esta [&hellip;]<\/p>\n","protected":false},"author":2,"featured_media":12130,"comment_status":"closed","ping_status":"open","sticky":false,"template":"","format":"standard","meta":[],"categories":[93,463,146],"tags":[9697,847],"wppr_data":{"cwp_meta_box_check":"No"},"_links":{"self":[{"href":"https:\/\/www.notaoficial.com\/s\/wp-json\/wp\/v2\/posts\/12125"}],"collection":[{"href":"https:\/\/www.notaoficial.com\/s\/wp-json\/wp\/v2\/posts"}],"about":[{"href":"https:\/\/www.notaoficial.com\/s\/wp-json\/wp\/v2\/types\/post"}],"author":[{"embeddable":true,"href":"https:\/\/www.notaoficial.com\/s\/wp-json\/wp\/v2\/users\/2"}],"replies":[{"embeddable":true,"href":"https:\/\/www.notaoficial.com\/s\/wp-json\/wp\/v2\/comments?post=12125"}],"version-history":[{"count":1,"href":"https:\/\/www.notaoficial.com\/s\/wp-json\/wp\/v2\/posts\/12125\/revisions"}],"predecessor-version":[{"id":12131,"href":"https:\/\/www.notaoficial.com\/s\/wp-json\/wp\/v2\/posts\/12125\/revisions\/12131"}],"wp:featuredmedia":[{"embeddable":true,"href":"https:\/\/www.notaoficial.com\/s\/wp-json\/wp\/v2\/media\/12130"}],"wp:attachment":[{"href":"https:\/\/www.notaoficial.com\/s\/wp-json\/wp\/v2\/media?parent=12125"}],"wp:term":[{"taxonomy":"category","embeddable":true,"href":"https:\/\/www.notaoficial.com\/s\/wp-json\/wp\/v2\/categories?post=12125"},{"taxonomy":"post_tag","embeddable":true,"href":"https:\/\/www.notaoficial.com\/s\/wp-json\/wp\/v2\/tags?post=12125"}],"curies":[{"name":"wp","href":"https:\/\/api.w.org\/{rel}","templated":true}]}}