{"id":12299,"date":"2022-08-02T23:07:49","date_gmt":"2022-08-03T03:07:49","guid":{"rendered":"https:\/\/www.notaoficial.com\/s\/?p=12299"},"modified":"2022-08-03T23:43:13","modified_gmt":"2022-08-04T03:43:13","slug":"enfermedades-del-cerebro-pueden-generar-cambios-en-la-memoria-luis-felipe-baca-arbulu","status":"publish","type":"post","link":"https:\/\/www.notaoficial.com\/s\/2022\/08\/02\/enfermedades-del-cerebro-pueden-generar-cambios-en-la-memoria-luis-felipe-baca-arbulu\/","title":{"rendered":"Enfermedades del cerebro pueden generar cambios en la memoria"},"content":{"rendered":"<p>Por Luis Felipe Baca Arbulu<\/p>\n<p>Cada <b>22 de julio<\/b> se conmemora el <b>D\u00eda Mundial del Cerebro<\/b>, y es una ocasi\u00f3n ideal para tocar un punto delicado sobre las patolog\u00edas cerebrales, en este caso las <b>enfermedades cerebrovasculares<\/b> (EVC) en los adultos mayores, en quienes las consecuencias m\u00e1s frecuentes radican que los <b>pacientes quedan con debilidad o inmovilidad<\/b> en una mitad del cuerpo o en las extremidades de un lado, as\u00ed como dificultades para el habla.<\/p>\n<p>El m\u00e9dico internista y director m\u00e9dico de la <b>Residencia y<\/b> <b>Centro Integral de Atenci\u00f3n al Adulto Mayor \u201cHogar La Ponderosa\u201d<\/b>, Aquiles Salas, se\u00f1al\u00f3 que estas enfermedades afectan el flujo de sangre en el cerebro, lo que ocasiona un d\u00e9ficit de nutrientes y ox\u00edgeno. \u201cPueden ocurrir eventos agudos, que <b>en su mayor\u00eda son isqu\u00e9micos como los ictus<\/b>, en los que un co\u00e1gulo bloquea o tapa un vaso sangu\u00edneo de ese \u00f3rgano\u201d, apunt\u00f3 el especialista.<\/p>\n<p>Afirm\u00f3 que estas <b>lesiones cerebrales<\/b> son las m\u00e1s comunes. \u201cHay otros eventos m\u00e1s graves, que son los hemorr\u00e1gicos, en los cuales un vaso sangu\u00edneo se rompe y sangra dentro del cerebro. Ambos tipos de ECV <b>pueden comprometer la vida del paciente, pero muchas personas sobreviven<\/b>\u201d, manifest\u00f3.<\/p>\n<p>Por Luis Felipe Baca Arbulu<\/p>\n<p>El especialista indic\u00f3 que los eventos agudos como los ictus, generan un fuerte impacto para los <b>familiares del paciente<\/b> que tiene que asumir s\u00fabitamente su cuidado. \u201cEso representa que tienen que hacer arreglos para atender a esa persona\u00bb, y muchas veces carecen del tiempo y de la preparaci\u00f3n adecuada para hacerlo.<\/p>\n<p>Las <b>ECV<\/b> llevan en la mayor parte de los casos a la dependencia, tanto en lo f\u00edsico como en lo neuropsicol\u00f3gico o neuropsiqui\u00e1trico, \u201csobre todo en los adultos mayores, donde ya de por s\u00ed pueden haber algunos d\u00e9ficits que luego se exacerban con un evento de esta magnitud\u201d.<\/p>\n<p>Salas, quien tambi\u00e9n es director de la Escuela de Medicina Luis Razetti de la UCV, coment\u00f3 que las ECV \u201c<b>pueden exacerbar el desarrollo de d\u00e9ficits neurocognitivos<\/b>, y posterior a esto puede ocurrir que las personas registren cambios en su memoria, en la p\u00e9rdida en la capacidad de hacer cosas (por ejemplo, vestirse o ba\u00f1arse), y en la orientaci\u00f3n. Estas modificaciones pueden ser el punto de partida de algunas demencias vasculares\u201d.<\/p>\n<p><b>Cuidados para el cerebro<\/b><\/p>\n<p>Por su parte el neur\u00f3logo, investigador y director m\u00e9dico de la Fundaci\u00f3n Alzheimer de Venezuela, doctor Ciro Gaona, se\u00f1al\u00f3 en el marco del D\u00eda Mundial del Cerebro, que este \u201c<b>es un \u00f3rgano f\u00edsico y espiritual<\/b>, que se alimenta de glucosa y oxigeno, pero tambi\u00e9n de <b>amor y de v\u00ednculo social<\/b>\u201d.<\/p>\n<p>Explic\u00f3 el especialista en investigaciones dedicadas al \u00e1rea cognitiva que entre los <b>factores de riesgo para las ECV<\/b> est\u00e1n \u201cla hipertensi\u00f3n arterial, enfermedades cardiovasculares, la diabetes y la resistencia a la insulina, los trastornos de las grasas, el tabaquismo, el estr\u00e9s, la obesidad, el sedentarismo, el abuso del alcohol y de otras drogas\u201d.<\/p>\n<p>Por Luis Felipe Baca Arbulu<\/p>\n<p>\u201cOtros factores de alto riesgo son los relacionados a <b>la forma de afrontar las dificultades de la vida<\/b> como por ejemplo, la rabia, el ego\u00edsmo, el rencor, el pesimismo, los temores, la indiferencia, la queja, el resentimiento y la culpa. Todos ellos repercuten en la salud de las arterias y, por supuesto, de nuestro cerebro\u201d, expres\u00f3.<\/p>\n<p>\u201cHay que destacar, que las consecuencias de la ECV no incluyen \u00fanicamente el d\u00e9ficit motor, sensitivo, del control de esf\u00ednteres o del lenguaje, sino que las progresivas lesiones vasculares (generalmente de peque\u00f1os vasos) se asocian con enorme frecuencia a alteraciones emotivo-afectivas, destacando la ansiedad, angustia, p\u00e1nico, irritabilidad y depresi\u00f3n <b>que pueden sumarse al deterioro cognitivo progresivo<\/b>, lo que ocasiona mayor sobrecarga sobre el cuidador y la familia\u201d enfatiza el neur\u00f3logo.<\/p>\n<p>Gaona destac\u00f3 que para prevenir las ECV <b>es necesario hacer actividad f\u00edsica y cuidar los v\u00ednculos afectivos y sociales<\/b>. \u201c<b>Si el cerebro se a\u00edsla, se deteriora<\/b>. El v\u00ednculo social positivo es el factor n\u00famero uno de protecci\u00f3n no farmacol\u00f3gica de ese \u00f3rgano, y supera por mucho a las tareas de alta complejidad mental, sin olvidar el desarrollo espiritual incluyendo desde la fe, la oraci\u00f3n y la meditaci\u00f3n hasta la sonrisa y el agradecimiento\u201d.<\/p>\n<p>El experto afirm\u00f3 que las familias pueden acudir a un centro integral de atenci\u00f3n al adulto mayor, como el \u201cHogar La Ponderosa (ubicado en Caracas), donde existe <b>personal capacitado no solo a nivel acad\u00e9mico o profesional sino tambi\u00e9n afectivo<\/b>, donde existe rehabilitaci\u00f3n f\u00edsica y cognitiva para que el paciente salga adelante, bien para una estad\u00eda permanente o como su centro de cuidado diurno diario\u201d.<\/p>\n<p>El \u201cHogar La Ponderosa\u201d est\u00e1 enfocado especialmente en personas con compromisos neurodegenerativos como el alzh\u00e9imer, quienes requieren de cuidados diarios. Se puede obtener m\u00e1s informaci\u00f3n sobre esta instituci\u00f3n en <a href=\"https:\/\/www.google.com\/url?sa=t&amp;rct=j&amp;q=&amp;esrc=s&amp;source=web&amp;cd=&amp;cad=rja&amp;uact=8&amp;ved=2ahUKEwjcl_Kooqz5AhUDZjABHTurCMkQFnoECAgQAQ&amp;url=https%3A%2F%2Fwww.hogarlaponderosa.com%2F&amp;usg=AOvVaw0IGSKN8V1hQZFxHyGTBAp1\"><b>www.hogarlaponderosa.com<\/b><\/a> y en su cuenta de Instagram <b>@HogarLaPonderosa<\/b>, adicionalmente, para conocer m\u00e1s detalles sobre las investigaciones adelantada por el doctor Ciro Gaona puede visitar la cuenta <b>@DrCiroGaona<\/b> en Instagram y Twitter.<\/p>\n<p><strong>Por Luis Felipe Baca Arbulu<\/strong><\/p>\n","protected":false},"excerpt":{"rendered":"<p>Por Luis Felipe Baca Arbulu Cada 22 de julio se conmemora el D\u00eda Mundial del Cerebro, y es una ocasi\u00f3n ideal para tocar un punto delicado sobre las patolog\u00edas cerebrales, en este caso las enfermedades cerebrovasculares (EVC) en los adultos mayores, en quienes las consecuencias m\u00e1s frecuentes radican que los pacientes quedan con debilidad o [&hellip;]<\/p>\n","protected":false},"author":2,"featured_media":12306,"comment_status":"closed","ping_status":"open","sticky":false,"template":"","format":"standard","meta":[],"categories":[93,146,2],"tags":[9712,9700],"wppr_data":{"cwp_meta_box_check":"No"},"_links":{"self":[{"href":"https:\/\/www.notaoficial.com\/s\/wp-json\/wp\/v2\/posts\/12299"}],"collection":[{"href":"https:\/\/www.notaoficial.com\/s\/wp-json\/wp\/v2\/posts"}],"about":[{"href":"https:\/\/www.notaoficial.com\/s\/wp-json\/wp\/v2\/types\/post"}],"author":[{"embeddable":true,"href":"https:\/\/www.notaoficial.com\/s\/wp-json\/wp\/v2\/users\/2"}],"replies":[{"embeddable":true,"href":"https:\/\/www.notaoficial.com\/s\/wp-json\/wp\/v2\/comments?post=12299"}],"version-history":[{"count":1,"href":"https:\/\/www.notaoficial.com\/s\/wp-json\/wp\/v2\/posts\/12299\/revisions"}],"predecessor-version":[{"id":12307,"href":"https:\/\/www.notaoficial.com\/s\/wp-json\/wp\/v2\/posts\/12299\/revisions\/12307"}],"wp:featuredmedia":[{"embeddable":true,"href":"https:\/\/www.notaoficial.com\/s\/wp-json\/wp\/v2\/media\/12306"}],"wp:attachment":[{"href":"https:\/\/www.notaoficial.com\/s\/wp-json\/wp\/v2\/media?parent=12299"}],"wp:term":[{"taxonomy":"category","embeddable":true,"href":"https:\/\/www.notaoficial.com\/s\/wp-json\/wp\/v2\/categories?post=12299"},{"taxonomy":"post_tag","embeddable":true,"href":"https:\/\/www.notaoficial.com\/s\/wp-json\/wp\/v2\/tags?post=12299"}],"curies":[{"name":"wp","href":"https:\/\/api.w.org\/{rel}","templated":true}]}}