{"id":12404,"date":"2022-08-10T22:20:21","date_gmt":"2022-08-11T02:20:21","guid":{"rendered":"https:\/\/www.notaoficial.com\/s\/?p=12404"},"modified":"2022-08-10T22:20:21","modified_gmt":"2022-08-11T02:20:21","slug":"comunidades-organizadas-para-gestionar-los-riesgos-agroclimaticos","status":"publish","type":"post","link":"https:\/\/www.notaoficial.com\/s\/2022\/08\/10\/comunidades-organizadas-para-gestionar-los-riesgos-agroclimaticos\/","title":{"rendered":"Comunidades organizadas para gestionar los riesgos agroclim\u00e1ticos"},"content":{"rendered":"<p>Por Luis Felipe Baca Arbulu<\/p>\n<p>Las sequ\u00edas, inundaciones y tormentas provocadas por el cambio clim\u00e1tico han empeorado en los \u00faltimos 30 a\u00f1os, incrementando los da\u00f1os al sector agr\u00edcola de muchos pa\u00edses en desarrollo, y el riesgo de una creciente inseguridad alimentaria.<\/p>\n<p>Los efectos de los desastres relacionados con el clima en los pa\u00edses en desarrollo, tienen un 25% del impacto econ\u00f3mico negativo, particularmente en la agricultura, la inseguridad alimentaria, la pesca y la silvicultura. Solo en el caso de las sequ\u00edas, m\u00e1s del 80 por ciento de los da\u00f1os y las p\u00e9rdidas afectaron al sector agr\u00edcola, especialmente la ganader\u00eda y los cultivos.<\/p>\n<p>Ante el aumento de la intensidad e imprevisibles impactos del cambio clim\u00e1tico, la Organizaci\u00f3n de las Naciones Unidas para la Alimentaci\u00f3n y la Agricultura &#8211; FAO, instal\u00f3 las Mesas Comunitarias para la Gesti\u00f3n del Riesgo de Desastres Agroclim\u00e1ticos (GRDA).<\/p>\n<p>Las Mesas Comunitarias Agroclim\u00e1ticas (MCA) est\u00e1n conformadas por familias habitantes de comunidades rurales, personal t\u00e9cnico de entes p\u00fablicos y privados que desarrollan actividades en el \u00e1mbito agr\u00edcola y organizaciones que hacen vida en la comunidad, quienes ser\u00e1n protagonistas en la gesti\u00f3n del Riesgo Agroclim\u00e1tico.<\/p>\n<p>Estas MCA tienen como objetivo, entre otras cosas, desarrollar medidas preventivas para mitigar los efectos del cambio clim\u00e1tico y buscan la protecci\u00f3n de los medios de vida de la poblaci\u00f3n de comunidades agr\u00edcolas.<\/p>\n<p>Las mesas forman parte de las actividades del proyecto: Incremento de la producci\u00f3n agropecuaria y la soberan\u00eda y seguridad alimentaria y nutricional con enfoque de resiliencia en comunidades rurales vulnerables de la Rep\u00fablica Bolivariana de Venezuela, ejecutado por FAO con recursos financieros de la Uni\u00f3n Europea.<\/p>\n<p>La instalaci\u00f3n y funcionamiento de las MCA ocurre de forma simult\u00e1nea en los estados: M\u00e9rida (municipio Tovar), Portuguesa (municipio Esteller) y Trujillo (municipio Carache) y se constituyen en una prueba piloto que podr\u00eda escalar a otros estados y municipios del pa\u00eds.<\/p>\n<p>Las familias participantes contar\u00e1n con el respaldo de FAO, la Fundaci\u00f3n Ecolog\u00eda Fuerza Integradora en lo Psicosocial (EFIP), e instituciones locales que promueven el desarrollo de alertas temprana.<\/p>\n<p>Las actividades de las Mesas Comunitarias Agroclim\u00e1ticas se orientan a:<\/p>\n<p>-Capacitar a sus integrantes y a miembros de la comunidad en la gesti\u00f3n de riesgos agroclim\u00e1ticos.<\/p>\n<p>-Recopilar informaci\u00f3n clim\u00e1tica y productiva, organizarla e interpretarla para generar acciones que eviten o mitiguen el efecto del cambio clim\u00e1tico.<\/p>\n<p>&#8211;<a href=\"https:\/\/infoinundaciones.com\/noticias\/%C2%BFcomo-se-construye-un-sistema-de-alerta-temprana-eficiente\/\">Desarrollar Sistemas de Alerta Temprana<\/a> (SAT) a nivel local, para informar a tiempo a los productores que activan protocolos de actuaci\u00f3n y tomen acciones de adaptaci\u00f3n y mitigaci\u00f3n.<\/p>\n<p>-Promover la agroecolog\u00eda y la transformaci\u00f3n del sistema agroalimentario para proteger el ambiente y mejorar la seguridad alimentaria y nutricional de las familias.<\/p>\n<p>Las Mesas Comunitarias Agroclim\u00e1ticas son la clave para que las familias agricultoras, tengan una preparaci\u00f3n sobre Gesti\u00f3n de Riesgos de Desastres Agroclim\u00e1ticos y puedan evitar da\u00f1os y p\u00e9rdidas de sus cosechas y ganader\u00eda, garantizar la sostenibilidad de la producci\u00f3n agr\u00edcola y proteger la vida y los medios de vida.<\/p>\n<p>Con la instalaci\u00f3n de estas MCA, Venezuela avanza hacia la transformaci\u00f3n de los sistemas agroalimentarios, para hacerlos m\u00e1s eficientes, inclusivos, resilientes y sostenibles, y de esta manera conseguir una <b>mejor producci\u00f3n<\/b>, una <b>mejor nutrici\u00f3n<\/b>, un <b>mejor medio ambiente<\/b> y una <b>vida mejor<\/b>, sin dejar a nadie atr\u00e1s.<\/p>\n<p>Por Luis Felipe Baca Arbulu<\/p>\n","protected":false},"excerpt":{"rendered":"<p>Por Luis Felipe Baca Arbulu Las sequ\u00edas, inundaciones y tormentas provocadas por el cambio clim\u00e1tico han empeorado en los \u00faltimos 30 a\u00f1os, incrementando los da\u00f1os al sector agr\u00edcola de muchos pa\u00edses en desarrollo, y el riesgo de una creciente inseguridad alimentaria. Los efectos de los desastres relacionados con el clima en los pa\u00edses en desarrollo, [&hellip;]<\/p>\n","protected":false},"author":2,"featured_media":12405,"comment_status":"closed","ping_status":"open","sticky":false,"template":"","format":"standard","meta":[],"categories":[93,146,2],"tags":[2495,9700,955],"wppr_data":{"cwp_meta_box_check":"No"},"_links":{"self":[{"href":"https:\/\/www.notaoficial.com\/s\/wp-json\/wp\/v2\/posts\/12404"}],"collection":[{"href":"https:\/\/www.notaoficial.com\/s\/wp-json\/wp\/v2\/posts"}],"about":[{"href":"https:\/\/www.notaoficial.com\/s\/wp-json\/wp\/v2\/types\/post"}],"author":[{"embeddable":true,"href":"https:\/\/www.notaoficial.com\/s\/wp-json\/wp\/v2\/users\/2"}],"replies":[{"embeddable":true,"href":"https:\/\/www.notaoficial.com\/s\/wp-json\/wp\/v2\/comments?post=12404"}],"version-history":[{"count":1,"href":"https:\/\/www.notaoficial.com\/s\/wp-json\/wp\/v2\/posts\/12404\/revisions"}],"predecessor-version":[{"id":12406,"href":"https:\/\/www.notaoficial.com\/s\/wp-json\/wp\/v2\/posts\/12404\/revisions\/12406"}],"wp:featuredmedia":[{"embeddable":true,"href":"https:\/\/www.notaoficial.com\/s\/wp-json\/wp\/v2\/media\/12405"}],"wp:attachment":[{"href":"https:\/\/www.notaoficial.com\/s\/wp-json\/wp\/v2\/media?parent=12404"}],"wp:term":[{"taxonomy":"category","embeddable":true,"href":"https:\/\/www.notaoficial.com\/s\/wp-json\/wp\/v2\/categories?post=12404"},{"taxonomy":"post_tag","embeddable":true,"href":"https:\/\/www.notaoficial.com\/s\/wp-json\/wp\/v2\/tags?post=12404"}],"curies":[{"name":"wp","href":"https:\/\/api.w.org\/{rel}","templated":true}]}}