{"id":12407,"date":"2022-08-10T22:23:58","date_gmt":"2022-08-11T02:23:58","guid":{"rendered":"https:\/\/www.notaoficial.com\/s\/?p=12407"},"modified":"2022-08-10T22:23:58","modified_gmt":"2022-08-11T02:23:58","slug":"tito-nieves-lanza-no-soy-junto-a-norbert-velez","status":"publish","type":"post","link":"https:\/\/www.notaoficial.com\/s\/2022\/08\/10\/tito-nieves-lanza-no-soy-junto-a-norbert-velez\/","title":{"rendered":"Tito Nieves lanza \u00abNo Soy\u00bb junto a Norbert V\u00e9lez"},"content":{"rendered":"<p>El mundialmente premiado salsero boricua Tito Nieves est\u00e1 de estreno con su nuevo sencillo \u201cNo Soy\u201d junto a Norbert V\u00e9lez, disponible desde hoy en todas las plataformas digitales.<\/p>\n<p>El tema fue compuesto por Edgardo y Omar Cordero, con arreglos musicales de Ram\u00f3n S\u00e1nchez y producido por Tito Nieves Creation, Inc.<\/p>\n<p>\u00abLa canci\u00f3n trata de esas personas que no son detallistas, pero aman intensamente\u00bb explica el artista que se mantiene entre los artistas m\u00e1s destacados del g\u00e9nero tropical.<\/p>\n<p>Norbert V\u00e9lez se dio a conocer mundialmente por su participaci\u00f3n el el dueto NG2 donde se destac\u00f3 y desarroll\u00f3 como compositor, productor y arreglista y desde el 2019 emprende su proyecto \u201cSesiones Desde La Loma\u201d el cual es productor y funge como animador del programa que tanto ha cautivado a la audiencia.<\/p>\n<p>El v\u00eddeo oficial cont\u00f3 con la participaci\u00f3n del influencer Radel Ortiz y Celibelle L\u00f3pez. El mismo fue filmado en Orlando, Florida bajo la direcci\u00f3n de Freedom Films, producido por Janette Nieves &amp; Tito Nieves Creation, Inc.<\/p>\n<p>Luego de su \u00faltimo estreno \u201cSe\u00f1ora\u201d con miles de visualizaciones en youtube, Tito Nieves quiere impulsar a la juventud en el g\u00e9nero de la salsa.<\/p>\n<p>Reconocido como uno de los salseros m\u00e1s importantes del mundo, Tito Nieves sigue celebrando m\u00e1s de 45 a\u00f1os de carrera con nuevos \u00e9xitos, convirti\u00e9ndose en una leyenda viva de la salsa.<\/p>\n<p>Comenz\u00f3 su carrera en los 70s cantando junto a Orquesta Cimarr\u00f3n, Conjunto Cl\u00e1sico, H\u00e9ctor Lavoe y luego como solista creando grandes hits como \u00abFabricando Fantas\u00edas\u00bb, \u00abI Like It Like That\u00bb, \u00abDe M\u00ed Enam\u00f3rate\u00bb y m\u00e1s.<\/p>\n","protected":false},"excerpt":{"rendered":"<p>El mundialmente premiado salsero boricua Tito Nieves est\u00e1 de estreno con su nuevo sencillo \u201cNo Soy\u201d junto a Norbert V\u00e9lez, disponible desde hoy en todas las plataformas digitales. El tema fue compuesto por Edgardo y Omar Cordero, con arreglos musicales de Ram\u00f3n S\u00e1nchez y producido por Tito Nieves Creation, Inc. \u00abLa canci\u00f3n trata de esas [&hellip;]<\/p>\n","protected":false},"author":2,"featured_media":12408,"comment_status":"closed","ping_status":"open","sticky":false,"template":"","format":"standard","meta":[],"categories":[93,463,146,2],"tags":[381,8852],"wppr_data":{"cwp_meta_box_check":"No"},"_links":{"self":[{"href":"https:\/\/www.notaoficial.com\/s\/wp-json\/wp\/v2\/posts\/12407"}],"collection":[{"href":"https:\/\/www.notaoficial.com\/s\/wp-json\/wp\/v2\/posts"}],"about":[{"href":"https:\/\/www.notaoficial.com\/s\/wp-json\/wp\/v2\/types\/post"}],"author":[{"embeddable":true,"href":"https:\/\/www.notaoficial.com\/s\/wp-json\/wp\/v2\/users\/2"}],"replies":[{"embeddable":true,"href":"https:\/\/www.notaoficial.com\/s\/wp-json\/wp\/v2\/comments?post=12407"}],"version-history":[{"count":1,"href":"https:\/\/www.notaoficial.com\/s\/wp-json\/wp\/v2\/posts\/12407\/revisions"}],"predecessor-version":[{"id":12409,"href":"https:\/\/www.notaoficial.com\/s\/wp-json\/wp\/v2\/posts\/12407\/revisions\/12409"}],"wp:featuredmedia":[{"embeddable":true,"href":"https:\/\/www.notaoficial.com\/s\/wp-json\/wp\/v2\/media\/12408"}],"wp:attachment":[{"href":"https:\/\/www.notaoficial.com\/s\/wp-json\/wp\/v2\/media?parent=12407"}],"wp:term":[{"taxonomy":"category","embeddable":true,"href":"https:\/\/www.notaoficial.com\/s\/wp-json\/wp\/v2\/categories?post=12407"},{"taxonomy":"post_tag","embeddable":true,"href":"https:\/\/www.notaoficial.com\/s\/wp-json\/wp\/v2\/tags?post=12407"}],"curies":[{"name":"wp","href":"https:\/\/api.w.org\/{rel}","templated":true}]}}