{"id":12411,"date":"2022-08-11T23:40:26","date_gmt":"2022-08-12T03:40:26","guid":{"rendered":"https:\/\/www.notaoficial.com\/s\/?p=12411"},"modified":"2022-08-11T23:40:26","modified_gmt":"2022-08-12T03:40:26","slug":"mina-de-oro-recibio-una-ofrenda-musical-flavio-pedro-antonio","status":"publish","type":"post","link":"https:\/\/www.notaoficial.com\/s\/2022\/08\/11\/mina-de-oro-recibio-una-ofrenda-musical-flavio-pedro-antonio\/","title":{"rendered":"Mina de Oro recibi\u00f3 una \u201cOfrenda Musical\u201d"},"content":{"rendered":"<p>Por Flavio Pedro Antonio<\/p>\n<p>El compositor y pianista Jos\u00e9 Agust\u00edn S\u00e1nchez (JAS Compositor) sigue innovando en el uso de la m\u00fasica y del arte como herramienta de sanaci\u00f3n, esta vez, como parte de su gira por el macizo guayan\u00e9s, realiz\u00f3 una ofrenda musical totalmente in\u00e9dita, conformada por un concierto de piano al aire libre y en la mina de oro del Arenal, ubicada en la comunidad ind\u00edgena de Campo Alegre, Gran Sabana, llevando reflexi\u00f3n y no cr\u00edtica a un punto de reconciliaci\u00f3n con la naturaleza. Adem\u00e1s, llev\u00f3 su m\u00fasica a la cima del Tepuy Roraima, siendo la primera expedici\u00f3n art\u00edstica en recorrerlo, dado que todas las anteriores hab\u00edan sido netamente cient\u00edficas. Las etnias locales acogieron al joven maestro y le permitieron el acceso en ambos lugares, siendo la primera persona en subir un piano tanto en dicho sitio dedicado a la miner\u00eda, como al Tepuy conocido como \u201cla madre de todas las aguas\u201d.<\/p>\n<p>&nbsp;<\/p>\n<p>Pero \u00bfpor qu\u00e9 llevar una Ofrenda Musical a una mina de oro? \u00bfQui\u00e9n se atreve a realizar una actividad art\u00edstica en un lugar de miner\u00eda? Jos\u00e9 Agust\u00edn S\u00e1nchez responde en forma reflexiva, porque \u00e9l no fue a criticar, sino a sanar a trav\u00e9s de la m\u00fasica: <i>\u201cHay ruidos que destruyen, pero hay cantos que edifican, sensibilizan y sanan.<\/i> <i>Cuando la m\u00fasica se percibe como un lenguaje que trasciende el entretenimiento, es posible ofrendar una oraci\u00f3n art\u00edstica que pueda representar una acci\u00f3n de amor hacia la naturaleza, un llamado y en esa conexi\u00f3n infinita con el planeta, no somos s\u00f3lo individuos coexistiendo en el planeta, somos humanidad y como tal debemos preguntarnos constantemente \u00bfqu\u00e9 cosas son las que tienen valor y qu\u00e9 estamos dispuestos a hacer cada uno de nosotros para conseguirlas\u201d.<\/i><\/p>\n<p>Por Flavio Pedro Antonio<\/p>\n<p>Antes de la actividad en la mina de oro del Arenal, JAS ven\u00eda de realizar otras presentaciones en el origen del mundo: el macizo guayan\u00e9s, que incluy\u00f3 una expedici\u00f3n hist\u00f3rica a la cima del tepuy Roraima, para hacer una serie de ofrendas musicales en las que por primera vez en la historia, tanto Inparques como las comunidades ind\u00edgenas de Kumarakapay y Paratepuy, permitieron que se subiera a este templo natural un piano el\u00e9ctrico. La proeza tom\u00f3 9 d\u00edas (3 subiendo, 4 en la cima y 2 bajando), contando con tecnolog\u00eda de punta para que el instrumento fuera alimentado por un panel solar, ya que el silencio del Roraima es primordial y no pod\u00eda ser violentada por plantas el\u00e9ctricas.<\/p>\n<p>&nbsp;<\/p>\n<p><i>\u201cEn la expedici\u00f3n musical al Roraima quisimos documentar los sonidos del lugar, ya que dado el calentamiento global estamos perdiendo las sonoridades pr\u00edstinas, sabemos que hay microclimas en extinci\u00f3n en la tierra, entonces quer\u00edamos tener en registro de c\u00f3mo suena el tepuy en 2022, para saber c\u00f3mo es su canto y cu\u00e1l es su mensaje. En la cima realizamos 5 ofrendas musicales: en la Ventana del Cielo, en el Abismo, en el Maverick o cumbe del Roraima, en los jacuzzis de cristales y en la Cueva Ojo de Cristal, que es muy sagrado para los ind\u00edgenas y solo expediciones cient\u00edficas entran en ella, incluyendo un equipo ruso en 2015, que determin\u00f3 que el Roraima ten\u00eda las aguas m\u00e1s puras del planeta. Nosotros nos adentramos casi 3 km en la cueva con el piano para hacer la ofrenda\u201d,<\/i> agreg\u00f3 el maestro S\u00e1nchez, quien tambi\u00e9n agradeci\u00f3 el valios\u00edsimo apoyo de las comunidades de Kumarakapay y Paratepuy.<\/p>\n<p>Por Flavio Pedro Antonio<\/p>\n<p>Retomando la actividad en la mina de oro, el maestro S\u00e1nchez agreg\u00f3:<i> \u201cDurante la ofrenda musical en aquella mina de oro, durante 55 minutos, adem\u00e1s del sonido de mi piano y de la mel\u00f3dica, el silencio rein\u00f3 en la cima de esta monta\u00f1a de la Gran Sabana. Un silencio que permiti\u00f3 volver a escuchar el canto de los p\u00e1jaros y de los vientos que se hicieron presente durante mi presentaci\u00f3n. Cientos de metros de vegetaci\u00f3n permanecieron intactos para un intercambio de valor de otras dimensiones. Los mineros sonrieron y suspiraron, los ni\u00f1os dejaron de jugar con la batea y el pico para encontrar oro. Los ind\u00edgenas recordaron. Por un instante, la escena se hizo m\u00fasica y no una cr\u00edtica, solo un sentir\u201d<\/i>.<\/p>\n<p>&nbsp;<\/p>\n<p>El joven orgullo del T\u00e1chira y carore\u00f1o de coraz\u00f3n, lleva ya cerca de tres meses recorriendo primero el Edo. Amazonas y ahora el Edo. Bol\u00edvar con sus actividades de \u201cdesinfecci\u00f3n musical\u201d y \u201cvacunas musicales\u201d, con las que hab\u00eda recorrido previamente 15 estados del pa\u00eds. Adem\u00e1s, no es primera vez que JAS Compositor toca en un lugar de explotaci\u00f3n minera, en Bolivia ya lo hab\u00eda hecho en 2017, al llevar un piano 300 metros bajo tierra, en el Cerro Potos\u00ed, la mina de plata m\u00e1s grande del mundo.<\/p>\n<p>&nbsp;<\/p>\n<p>Antes de visitar los tepuyes y el macizo guayan\u00e9s, Jos\u00e9 Agust\u00edn S\u00e1nchez y su equipo hab\u00edan dejado huella en el Edo. Amazonas, en otra expedici\u00f3n art\u00edstica hist\u00f3rica, donde realizaron varias ofrendas musicales en Puerto Ayacucho, atendiendo a las comunidades, en el Monumento Natural Piedra de la Tortuga, con la haza\u00f1a de haber llevado una orquesta juvenil de 40 m\u00fasicos y para cerrar, lograron hacer otra presentaci\u00f3n en el imponente Cerro Autana, \u201cEl \u00c1rbol de la Vida\u201d, lo que implic\u00f3 varios d\u00edas de navegaci\u00f3n y caminatas, contando con el apoyo y la participaci\u00f3n de las etnias ind\u00edgenas de la zona.<\/p>\n<p>Por Flavio Pedro Antonio<\/p>\n<p><b>Sigue a Jos\u00e9 Agust\u00edn S\u00e1nchez en sus redes sociales:<\/b><\/p>\n<p>Facebook fanpage: JAScompositor<\/p>\n<p>Twitter e Instagram: <a href=\"https:\/\/www.google.com\/url?sa=t&amp;rct=j&amp;q=&amp;esrc=s&amp;source=web&amp;cd=&amp;cad=rja&amp;uact=8&amp;ved=2ahUKEwihod7PsMD5AhWTZTABHbhPCiQQFnoECAUQAQ&amp;url=https%3A%2F%2Fwww.instagram.com%2Fjascompositor%2F%3Fhl%3Des&amp;usg=AOvVaw3lvHb616tRkQA-mfg2g8Tx\">@jascompositor<\/a><\/p>\n<p>Youtube:\u00a0JAS\u00a0Compositor<\/p>\n","protected":false},"excerpt":{"rendered":"<p>Por Flavio Pedro Antonio El compositor y pianista Jos\u00e9 Agust\u00edn S\u00e1nchez (JAS Compositor) sigue innovando en el uso de la m\u00fasica y del arte como herramienta de sanaci\u00f3n, esta vez, como parte de su gira por el macizo guayan\u00e9s, realiz\u00f3 una ofrenda musical totalmente in\u00e9dita, conformada por un concierto de piano al aire libre y [&hellip;]<\/p>\n","protected":false},"author":2,"featured_media":12417,"comment_status":"closed","ping_status":"open","sticky":false,"template":"","format":"standard","meta":[],"categories":[463,146,2],"tags":[1371,9697,381],"wppr_data":{"cwp_meta_box_check":"No"},"_links":{"self":[{"href":"https:\/\/www.notaoficial.com\/s\/wp-json\/wp\/v2\/posts\/12411"}],"collection":[{"href":"https:\/\/www.notaoficial.com\/s\/wp-json\/wp\/v2\/posts"}],"about":[{"href":"https:\/\/www.notaoficial.com\/s\/wp-json\/wp\/v2\/types\/post"}],"author":[{"embeddable":true,"href":"https:\/\/www.notaoficial.com\/s\/wp-json\/wp\/v2\/users\/2"}],"replies":[{"embeddable":true,"href":"https:\/\/www.notaoficial.com\/s\/wp-json\/wp\/v2\/comments?post=12411"}],"version-history":[{"count":1,"href":"https:\/\/www.notaoficial.com\/s\/wp-json\/wp\/v2\/posts\/12411\/revisions"}],"predecessor-version":[{"id":12418,"href":"https:\/\/www.notaoficial.com\/s\/wp-json\/wp\/v2\/posts\/12411\/revisions\/12418"}],"wp:featuredmedia":[{"embeddable":true,"href":"https:\/\/www.notaoficial.com\/s\/wp-json\/wp\/v2\/media\/12417"}],"wp:attachment":[{"href":"https:\/\/www.notaoficial.com\/s\/wp-json\/wp\/v2\/media?parent=12411"}],"wp:term":[{"taxonomy":"category","embeddable":true,"href":"https:\/\/www.notaoficial.com\/s\/wp-json\/wp\/v2\/categories?post=12411"},{"taxonomy":"post_tag","embeddable":true,"href":"https:\/\/www.notaoficial.com\/s\/wp-json\/wp\/v2\/tags?post=12411"}],"curies":[{"name":"wp","href":"https:\/\/api.w.org\/{rel}","templated":true}]}}