{"id":12412,"date":"2022-08-11T23:47:24","date_gmt":"2022-08-12T03:47:24","guid":{"rendered":"https:\/\/www.notaoficial.com\/s\/?p=12412"},"modified":"2022-08-11T23:47:24","modified_gmt":"2022-08-12T03:47:24","slug":"ordine-della-stella-ditalia-fueron-otorgadas-luis-felipe-baca-arbulu","status":"publish","type":"post","link":"https:\/\/www.notaoficial.com\/s\/2022\/08\/11\/ordine-della-stella-ditalia-fueron-otorgadas-luis-felipe-baca-arbulu\/","title":{"rendered":"Ordine della Stella d\u2019Italia fueron otorgadas"},"content":{"rendered":"<p dir=\"ltr\">Por Luis Felipe Baca Arbulu<\/p>\n<p dir=\"ltr\"><span>La Rep\u00fablica Italiana reconoci\u00f3 a dos ciudadanos \u00edtalo venezolanos y a una venezolana como\u00a0<\/span><strong><span>Caballeros de la Orden de la Estrella de Italia<\/span><\/strong><span>\u00a0(<\/span><strong><em><span>Cavaliere dell\u2019Ordine della Stella d\u2019Italia<\/span><\/em><\/strong><span>), que enaltece a sus ciudadanos en el extranjero o a extranjeros por sus m\u00e9ritos particulares en la promoci\u00f3n de las relaciones de amistad y colaboraci\u00f3n entre la naci\u00f3n europea y otros pa\u00edses.<\/span><\/p>\n<p dir=\"ltr\"><span>El embajador de Italia en Venezuela,<\/span><strong><span>\u00a0Placido Vigo<\/span><\/strong><span>, en nombre del presidente\u00a0<\/span><strong><span>Sergio Mattarella<\/span><\/strong><span>, otorg\u00f3 los honores de Caballero de la Orden de la Estrella de Italia al abogado\u00a0<\/span><strong><span>Vincenzo Di Martino<\/span><\/strong><span>, al empresario del calzado\u00a0<\/span><strong><span>Pasqualino Vigliotti<\/span><\/strong><span>\u00a0y a la comunicadora\u00a0<\/span><strong><span>Patricia Aloy.<\/span><\/strong><span>\u00a0En tres ceremonias diferentes celebradas en la ciudad de Caracas, cada uno de los ciudadanos distinguidos recibi\u00f3 la insignia y el diploma firmado por el mandatario italiano.<\/span><\/p>\n<p dir=\"ltr\">Por Luis Felipe Baca Arbulu<\/p>\n<p dir=\"ltr\"><span>El abogado \u00edtalo-venezolano\u00a0<\/span><strong><span>Vincenzo Di Martino,<\/span><\/strong><span>\u00a0hijo de inmigrantes, ha sido honrado con esta distinci\u00f3n por su destacada trayectoria al servicio de sus connacionales: Durante una d\u00e9cada se desempe\u00f1\u00f3 como C\u00f3nsul honorario en el estado Nueva Esparta; por un lustro ha sido miembro consejero electo del Comit\u00e9 de los italianos en el exterior y desde hace 30 a\u00f1os es abogado y traductor de la Embajada y el Consulado de Italia.\u00a0\u00a0<\/span><\/p>\n<p dir=\"ltr\"><span>Di Martino tambi\u00e9n es un emprendedor que ha incursionado en la gesti\u00f3n de diferentes empresas relacionadas con los viajes, el hospedaje y el turismo.<\/span><\/p>\n<p dir=\"ltr\"><span>Por su parte,\u00a0<\/span><strong><span>Pasqualino Vigliotti<\/span><\/strong><span>\u00a0ha sido condecorado por ser un \u00edtalo-venezolano ejemplar que ha confiado en el pa\u00eds para producir, mantener fuentes de empleo para cientos de personas y posicionarse como uno de los mayores fabricantes de calzados 100% de cuero en el pa\u00eds. Por m\u00e1s de 25 a\u00f1os, ha estado al frente de Venecal, una compa\u00f1\u00eda dedicada a la fabricaci\u00f3n y distribuci\u00f3n de zapatos de primera calidad a escala nacional e internacional.<\/span><\/p>\n<p dir=\"ltr\"><span>Por su compromiso con la producci\u00f3n y comercializaci\u00f3n de zapatos, Vigliotti se ha desempe\u00f1ado como vicepresidente de la C\u00e1mara Venezolana de Calzado (Cavecal) y miembro fundador del Centro de Capacitaci\u00f3n y Adiestramiento (Capacidad Integral de Calzado). Asimismo, acept\u00f3 ser integrante del Consejo Directivo de la Fundaci\u00f3n Hospital Italiano de Venezuela.<\/span><\/p>\n<p dir=\"ltr\">Por Luis Felipe Baca Arbulu<\/p>\n<p dir=\"ltr\"><span>El embajador Placido Vigo tambi\u00e9n honr\u00f3 a la comunicadora y dise\u00f1adora gr\u00e1fica\u00a0<\/span><strong><span>Patricia Aloy<\/span><\/strong><span>\u00a0como Caballero de la Orden de la Estrella de Italia, en reconocimiento a sus esfuerzos sostenidos a lo largo de una d\u00e9cada en la promoci\u00f3n de la cultura y los valores de Italia.<\/span><\/p>\n<p dir=\"ltr\"><span>Patricia Aloy ha desarrollado una notable carrera como gerente en el mundo de la publicidad, adem\u00e1s se ha destacado como fundadora y directora del noticiero digital y la Agencia de Medios Venezuela Sinf\u00f3nica. Esta comunicadora es una de las m\u00e1s solicitadas para brindar su asistencia y asesor\u00eda profesional para impulsar los proyectos culturales de otras embajadas de pa\u00edses de la Uni\u00f3n Europea y de Latinoam\u00e9rica.\u00a0<\/span><\/p>\n<p dir=\"ltr\"><span>La Ordine della Stella es el segundo honor civil del Estado italiano y la orden republicana m\u00e1s antigua, debido a que reemplaz\u00f3 en 2011, a la preexistente Orden de la Estrella de la Solidaridad Italiana, establecida despu\u00e9s de la Segunda Guerra Mundial, en el a\u00f1o 1947.\u00a0La condecoraci\u00f3n es otorgada por el Presidente de la Rep\u00fablica, a solicitud del Ministro de Asuntos Exteriores y representa un reconocimiento a favor de todos aquellos italianos en el extranjero o extranjeros, que han adquirido m\u00e9ritos particulares en la promoci\u00f3n de las relaciones de amistad y colaboraci\u00f3n entre Italia y otros pa\u00edses y en la promoci\u00f3n de v\u00ednculos con el pa\u00eds europeo.<\/span><\/p>\n<p dir=\"ltr\"><span>Para m\u00e1s detalles sobre las actividades de la Embajada de Italia en Venezuela se puede visitar el sitio web\u00a0<\/span><em><a href=\"https:\/\/venezuelasinfonica.us12.list-manage.com\/track\/click?u=08a17eb35d58011ffe94d975f&amp;id=e989eee599&amp;e=198c866098\" target=\"_blank\" rel=\"noopener\" data-saferedirecturl=\"https:\/\/www.google.com\/url?q=https:\/\/venezuelasinfonica.us12.list-manage.com\/track\/click?u%3D08a17eb35d58011ffe94d975f%26id%3De989eee599%26e%3D198c866098&amp;source=gmail&amp;ust=1660362251328000&amp;usg=AOvVaw32nolaLlr9uury4M_PnQBH\"><span>www.ambcaracas.esteri.it<\/span><\/a><\/em><span>, seguir la cuenta de Twitter @ItalyinVEN y el canal de YouTube Ambasciata d&#8217;Italia Caracas.<\/span><\/p>\n<p dir=\"ltr\">Por Luis Felipe Baca Arbulu<\/p>\n","protected":false},"excerpt":{"rendered":"<p>Por Luis Felipe Baca Arbulu La Rep\u00fablica Italiana reconoci\u00f3 a dos ciudadanos \u00edtalo venezolanos y a una venezolana como\u00a0Caballeros de la Orden de la Estrella de Italia\u00a0(Cavaliere dell\u2019Ordine della Stella d\u2019Italia), que enaltece a sus ciudadanos en el extranjero o a extranjeros por sus m\u00e9ritos particulares en la promoci\u00f3n de las relaciones de amistad y [&hellip;]<\/p>\n","protected":false},"author":2,"featured_media":12421,"comment_status":"closed","ping_status":"open","sticky":false,"template":"","format":"standard","meta":[],"categories":[463,4,146,2],"tags":[1149,9700],"wppr_data":{"cwp_meta_box_check":"No"},"_links":{"self":[{"href":"https:\/\/www.notaoficial.com\/s\/wp-json\/wp\/v2\/posts\/12412"}],"collection":[{"href":"https:\/\/www.notaoficial.com\/s\/wp-json\/wp\/v2\/posts"}],"about":[{"href":"https:\/\/www.notaoficial.com\/s\/wp-json\/wp\/v2\/types\/post"}],"author":[{"embeddable":true,"href":"https:\/\/www.notaoficial.com\/s\/wp-json\/wp\/v2\/users\/2"}],"replies":[{"embeddable":true,"href":"https:\/\/www.notaoficial.com\/s\/wp-json\/wp\/v2\/comments?post=12412"}],"version-history":[{"count":1,"href":"https:\/\/www.notaoficial.com\/s\/wp-json\/wp\/v2\/posts\/12412\/revisions"}],"predecessor-version":[{"id":12422,"href":"https:\/\/www.notaoficial.com\/s\/wp-json\/wp\/v2\/posts\/12412\/revisions\/12422"}],"wp:featuredmedia":[{"embeddable":true,"href":"https:\/\/www.notaoficial.com\/s\/wp-json\/wp\/v2\/media\/12421"}],"wp:attachment":[{"href":"https:\/\/www.notaoficial.com\/s\/wp-json\/wp\/v2\/media?parent=12412"}],"wp:term":[{"taxonomy":"category","embeddable":true,"href":"https:\/\/www.notaoficial.com\/s\/wp-json\/wp\/v2\/categories?post=12412"},{"taxonomy":"post_tag","embeddable":true,"href":"https:\/\/www.notaoficial.com\/s\/wp-json\/wp\/v2\/tags?post=12412"}],"curies":[{"name":"wp","href":"https:\/\/api.w.org\/{rel}","templated":true}]}}