{"id":12506,"date":"2022-08-17T23:25:38","date_gmt":"2022-08-18T03:25:38","guid":{"rendered":"https:\/\/www.notaoficial.com\/s\/?p=12506"},"modified":"2022-08-17T23:25:38","modified_gmt":"2022-08-18T03:25:38","slug":"simpletv-lanza-paramount-para-sus-suscriptores-luis-felipe-baca-arbulu","status":"publish","type":"post","link":"https:\/\/www.notaoficial.com\/s\/2022\/08\/17\/simpletv-lanza-paramount-para-sus-suscriptores-luis-felipe-baca-arbulu\/","title":{"rendered":"Simpletv lanza Paramount+ para sus suscriptores"},"content":{"rendered":"<p>Por Luis Felipe Baca Arbulu<\/p>\n<p>Simpletv, siempre pensando en ofrecer m\u00e1s opciones para que los usuarios puedan disfrutar del mejor entretenimiento desde cualquier dispositivo, cuando quieran, y en cualquier lugar; presenta Paramount+. Los suscriptores del <b>Plan Tera HD<\/b> podr\u00e1n acceder al servicio, sin costos adicionales, iniciando sesi\u00f3n con su usuario de Simpletv en el sitio web y aplicaci\u00f3n de Paramount+.<\/p>\n<p>Con Paramount+ el usuario de Simpletv tendr\u00e1 a su disposici\u00f3n historias grandiosas, incluyendo una colecci\u00f3n variada de estrenos originales, programas exclusivos, reality shows y pel\u00edculas de \u00e9xito de taquilla. Toda la familia estar\u00e1 entretenida con cientos de episodios de populares programas.<\/p>\n<p>\u201cEn Simpletv queremos brindar el mejor servicio de entretenimiento a todos nuestros clientes. Eso implica trabajar diariamente por desarrollar innovaciones para que los usuarios tengan m\u00e1s posibilidades. Queremos estar en todas las pantallas brindando una experiencia de entretenimiento f\u00e1cil y completa\u201d, expres\u00f3 Elizabeth Jatem, directora de programaci\u00f3n y nuevos negocios de Simpletv.<\/p>\n<p>Paramount+ estar\u00e1 disponible para los suscriptores que se encuentran en el Plan Tera HD, y podr\u00e1n acceder al servicio siguiendo los siguientes pasos:<\/p>\n<ol>\n<li aria-level=\"1\">Ingresa a la aplicaci\u00f3n o p\u00e1gina web de Paramount+<\/li>\n<li aria-level=\"1\">Selecciona la opci\u00f3n \u201cInicia sesi\u00f3n con tu proveedor\u201d<\/li>\n<li aria-level=\"1\">Haz clic en el logo de Simpletv<\/li>\n<li aria-level=\"1\">Inicia sesi\u00f3n con tu usuario de Simpletv<\/li>\n<li aria-level=\"1\">Crea tu cuenta de Paramount+<\/li>\n<li aria-level=\"1\">\u00a1Disfruta de todo el contenido disponible!<\/li>\n<\/ol>\n<p>Para m\u00e1s informaci\u00f3n sobre los planes, visite la p\u00e1gina web: <a href=\"http:\/\/www.simple.com.ve\">www.simple.com.ve<\/a> y las redes sociales @Simpletvve en Twitter e Instagram<\/p>\n<p>Por Luis Felipe Baca Arbulu<\/p>\n","protected":false},"excerpt":{"rendered":"<p>Por Luis Felipe Baca Arbulu Simpletv, siempre pensando en ofrecer m\u00e1s opciones para que los usuarios puedan disfrutar del mejor entretenimiento desde cualquier dispositivo, cuando quieran, y en cualquier lugar; presenta Paramount+. Los suscriptores del Plan Tera HD podr\u00e1n acceder al servicio, sin costos adicionales, iniciando sesi\u00f3n con su usuario de Simpletv en el sitio [&hellip;]<\/p>\n","protected":false},"author":2,"featured_media":12507,"comment_status":"closed","ping_status":"open","sticky":false,"template":"","format":"standard","meta":[],"categories":[463,2],"tags":[9700,9837,7248,9836],"wppr_data":{"cwp_meta_box_check":"No"},"_links":{"self":[{"href":"https:\/\/www.notaoficial.com\/s\/wp-json\/wp\/v2\/posts\/12506"}],"collection":[{"href":"https:\/\/www.notaoficial.com\/s\/wp-json\/wp\/v2\/posts"}],"about":[{"href":"https:\/\/www.notaoficial.com\/s\/wp-json\/wp\/v2\/types\/post"}],"author":[{"embeddable":true,"href":"https:\/\/www.notaoficial.com\/s\/wp-json\/wp\/v2\/users\/2"}],"replies":[{"embeddable":true,"href":"https:\/\/www.notaoficial.com\/s\/wp-json\/wp\/v2\/comments?post=12506"}],"version-history":[{"count":1,"href":"https:\/\/www.notaoficial.com\/s\/wp-json\/wp\/v2\/posts\/12506\/revisions"}],"predecessor-version":[{"id":12508,"href":"https:\/\/www.notaoficial.com\/s\/wp-json\/wp\/v2\/posts\/12506\/revisions\/12508"}],"wp:featuredmedia":[{"embeddable":true,"href":"https:\/\/www.notaoficial.com\/s\/wp-json\/wp\/v2\/media\/12507"}],"wp:attachment":[{"href":"https:\/\/www.notaoficial.com\/s\/wp-json\/wp\/v2\/media?parent=12506"}],"wp:term":[{"taxonomy":"category","embeddable":true,"href":"https:\/\/www.notaoficial.com\/s\/wp-json\/wp\/v2\/categories?post=12506"},{"taxonomy":"post_tag","embeddable":true,"href":"https:\/\/www.notaoficial.com\/s\/wp-json\/wp\/v2\/tags?post=12506"}],"curies":[{"name":"wp","href":"https:\/\/api.w.org\/{rel}","templated":true}]}}