{"id":12509,"date":"2022-08-17T23:27:26","date_gmt":"2022-08-18T03:27:26","guid":{"rendered":"https:\/\/www.notaoficial.com\/s\/?p=12509"},"modified":"2022-08-17T23:27:26","modified_gmt":"2022-08-18T03:27:26","slug":"el-unico-album-de-el-mambo-de-miranda-internacional-fue-con-juan-y-nelson-en-jn-music-group","status":"publish","type":"post","link":"https:\/\/www.notaoficial.com\/s\/2022\/08\/17\/el-unico-album-de-el-mambo-de-miranda-internacional-fue-con-juan-y-nelson-en-jn-music-group\/","title":{"rendered":"El \u00fanico \u00e1lbum de El Mambo de Miranda Internacional fue con Juan y Nelson en JN MUSIC GROUP"},"content":{"rendered":"<p align=\"justify\">Desde la presidencia de JN Music Group dirigida por <strong>Juan Hidalgo<\/strong>, y la vice presidencia dirigida por <strong>Nelson Esteves<\/strong>; y de parte de todo el equipo de la casa disquera, se unen al duelo que embarga tan irreparable p\u00e9rdida de <strong>Rub\u00e9n Dar\u00edo Miranda Romero<\/strong>, quien fue reconocido en el mundo art\u00edstico como \u00abEl Mambo de Miranda Internacional\u00bb, siendo un polifac\u00e9tico m\u00fasico saxofonista, arreglista y compositor dominicano, sanjuanero de pura cepa, que se destac\u00f3 en el mundo de la m\u00fasica tras participar en grandes agrupaciones merengueras dominicanas e internacionales.<\/p>\n<p align=\"justify\">Miranda trabaj\u00f3 y dirigi\u00f3 musicalmente orquestas y cantantes profesionales como <strong>Sergio Vargas, Alex Bueno, H\u00e9ctor Acosta<br \/>\n\u00abEl Torito\u00bb, Richy Ricardo, Tierra Seca, La Coco Band, Tulile, Rasput\u00edn, con Jhonny Ventura, Los Kenton, Los Hijos del Rey, La India Canela<\/strong>, entre otros, con lo cual logr\u00f3 con su experiencia musical y su saxof\u00f3n, emprender su propio proyecto musical desde la ciudad de Miami Florida para el mundo.<\/p>\n<p align=\"justify\">Es all\u00ed con el apoyo de Juan y Nelson que en el 2018, sale al mercado musical su producci\u00f3n titulada \u00abLa Caraque\u00f1a\u00bb, disponible en todas las Plataformas Digitales.<\/p>\n<p align=\"justify\">Con su agrupaci\u00f3n merenguera El Mambo de Miranda Internacional cosech\u00f3 grandes \u00e9xitos, los cuales lo colocaron en lugares privilegiados del gusto popular.<\/p>\n<p align=\"justify\">Sus or\u00edgenes<\/p>\n<p align=\"justify\">Rub\u00e9n Dar\u00edo Miranda (El Mambo de Miranda Internacional), naci\u00f3 en un campito de San Juan de la Maguana llamado La Cana de Guazumal entre Ca\u00f1afistol, Los Coco y La Maguana Abajo.<\/p>\n<p align=\"justify\">Inici\u00f3 sus primeros pasos en la m\u00fasica desde la edad de los 8 a\u00f1os con los atabales y fiestas de palos que hac\u00eda su abuela en su comunidad a los santos, lo cual lo inspir\u00f3 como ni\u00f1o a ejercer la carrera art\u00edstica, impulsado por su abuela may Prieta como de cari\u00f1o le dec\u00eda y su t\u00eda Ofelia quienes tambi\u00e9n eran cantantes de salve.<\/p>\n<p align=\"justify\">Paz a su alma.<\/p>\n","protected":false},"excerpt":{"rendered":"<p>Desde la presidencia de JN Music Group dirigida por Juan Hidalgo, y la vice presidencia dirigida por Nelson Esteves; y de parte de todo el equipo de la casa disquera, se unen al duelo que embarga tan irreparable p\u00e9rdida de Rub\u00e9n Dar\u00edo Miranda Romero, quien fue reconocido en el mundo art\u00edstico como \u00abEl Mambo de [&hellip;]<\/p>\n","protected":false},"author":2,"featured_media":12510,"comment_status":"closed","ping_status":"open","sticky":false,"template":"","format":"standard","meta":[],"categories":[93,2],"tags":[9838],"wppr_data":{"cwp_meta_box_check":"No"},"_links":{"self":[{"href":"https:\/\/www.notaoficial.com\/s\/wp-json\/wp\/v2\/posts\/12509"}],"collection":[{"href":"https:\/\/www.notaoficial.com\/s\/wp-json\/wp\/v2\/posts"}],"about":[{"href":"https:\/\/www.notaoficial.com\/s\/wp-json\/wp\/v2\/types\/post"}],"author":[{"embeddable":true,"href":"https:\/\/www.notaoficial.com\/s\/wp-json\/wp\/v2\/users\/2"}],"replies":[{"embeddable":true,"href":"https:\/\/www.notaoficial.com\/s\/wp-json\/wp\/v2\/comments?post=12509"}],"version-history":[{"count":1,"href":"https:\/\/www.notaoficial.com\/s\/wp-json\/wp\/v2\/posts\/12509\/revisions"}],"predecessor-version":[{"id":12511,"href":"https:\/\/www.notaoficial.com\/s\/wp-json\/wp\/v2\/posts\/12509\/revisions\/12511"}],"wp:featuredmedia":[{"embeddable":true,"href":"https:\/\/www.notaoficial.com\/s\/wp-json\/wp\/v2\/media\/12510"}],"wp:attachment":[{"href":"https:\/\/www.notaoficial.com\/s\/wp-json\/wp\/v2\/media?parent=12509"}],"wp:term":[{"taxonomy":"category","embeddable":true,"href":"https:\/\/www.notaoficial.com\/s\/wp-json\/wp\/v2\/categories?post=12509"},{"taxonomy":"post_tag","embeddable":true,"href":"https:\/\/www.notaoficial.com\/s\/wp-json\/wp\/v2\/tags?post=12509"}],"curies":[{"name":"wp","href":"https:\/\/api.w.org\/{rel}","templated":true}]}}