{"id":12534,"date":"2022-08-20T00:15:52","date_gmt":"2022-08-20T04:15:52","guid":{"rendered":"https:\/\/www.notaoficial.com\/s\/?p=12534"},"modified":"2022-08-20T00:15:52","modified_gmt":"2022-08-20T04:15:52","slug":"en-la-cuna-de-rossini-diego-matheuz-fascino-con-su-energica-batuta","status":"publish","type":"post","link":"https:\/\/www.notaoficial.com\/s\/2022\/08\/20\/en-la-cuna-de-rossini-diego-matheuz-fascino-con-su-energica-batuta\/","title":{"rendered":"En la cuna de Rossini Diego Matheuz fascin\u00f3 con su en\u00e9rgica batuta"},"content":{"rendered":"<p>Por Flavio Pedro Antonio<\/p>\n<p><em>Definitivamente este podr\u00eda calificarse como \u201cel a\u00f1o Rossini\u201d para Diego Matheuz: apenas inici\u00f3 2022, dirigi\u00f3 cinco presentaciones de <\/em><em>El Barbero de Sevilla<\/em><em>, en la Staatsoper de Berl\u00edn; hace una semana abri\u00f3 la 43 edici\u00f3n del Festival Rossini, en la ciudad italiana de P\u00e9saro, con <\/em><em>El Conde de Ory<\/em><em>, y le esperan diez presentaciones, a finales de septiembre y principios de octubre, de <\/em><em>La Cenicienta<\/em><em>, en la \u00d3pera de Par\u00eds.<\/em><\/p>\n<p><em>Este viernes 19 de agosto, Matheuz cumplir\u00e1 sus cinco presentaciones de <\/em><em>El Conde de Ory<\/em><em>, un drama l\u00fadico escrito por Rossini en 1828. Con un cartel estelar encabezado por el tenor peruano Juan Diego Fl\u00f3rez, en el Vitrifigo Arena nuestro director nuevamente recibi\u00f3 el favoritismo de la audiencia italiana, esta vez al frente <\/em>de la Orquesta Sinf\u00f3nica Nacional de la Rai.<\/p>\n<p>\u201cAplausos al director Diego Matheuz, muy bueno en dirigir el complicado \u2018tr\u00e1fico\u2019 esc\u00e9nico-musical y en no dejar perder el hilo al espectador\u201d, escribi\u00f3 el cr\u00edtico de <em>Cr\u00f3nica de Il Resto del Carlino<\/em>. Y Alessandra Massi de <em>Ansa.it<\/em>, coment\u00f3: \u201cTriunfal recibimiento sobre todo para la parte musical (\u2026) La direcci\u00f3n de Diego Matheuz en el podio de la Orquesta Sinf\u00f3nica Nacional de la Rai es fascinante\u201d.<\/p>\n<p><em><strong>&#8211; \u00bfC\u00f3mo ha sido la experiencia en el Festival <a href=\"https:\/\/www.rossinioperafestival.it\/\">Rossini<\/a> y cu\u00e1les son sus impresiones al dirigir este a\u00f1o tres t\u00edtulos del compositor italiano?<\/strong><\/em><\/p>\n<p><em>-S\u00ed, este ha sido un a\u00f1o Rossini para m\u00ed. No bien present\u00e9 <\/em><em>El Barbero de Sevilla<\/em><em>, en Berl\u00edn, me enfoqu\u00e9 en el estudio de <\/em><em>El Conde de Ory<\/em><em> -entre otros compromisos en Jap\u00f3n e Italia- y en pocos d\u00edas vuelo a Par\u00eds para iniciar los ensayos de <\/em><em>La Cenicienta<\/em><em>. Rossini es un compositor muy especial, que parece f\u00e1cil de interpretar, pero tiene muchos detalles y para descubrirlos hay que buscar y escarbar m\u00e1s y m\u00e1s en sus partituras. <\/em><\/p>\n<p><em>\u201cTengo la fortuna de estar aqu\u00ed en el Festival Rossini, que es el lugar donde por tradici\u00f3n, historia y por los grandes cantantes que vienen, se hace lo mejor de Rossini en el mundo. Es un festival de referencia y un trampol\u00edn, especialmente para los cantantes, porque viene p\u00fablico de todas partes a escucharlos y a ver las nuevas producciones y puestas en escena\u201d, comenta Matheuz desde la ciudad de P\u00e9saro, a un d\u00eda de despedirse del p\u00fablico italiano.<\/em><\/p>\n<p><em><strong>\u00d3pera para enriquecer <\/strong><\/em><\/p>\n<p><em>Seducci\u00f3n y t\u00e9cnica, inspiraci\u00f3n y estudio de la \u00f3pera, ha sido en gran parte el foco en la trayectoria art\u00edstica de Diego Matheuz, quien durante cuatro a\u00f1os fue Director Principal del memorable Teatro La Fenice de Venecia. Por ello, no es extra\u00f1o que se le encargue en un solo a\u00f1o la conducci\u00f3n de tres t\u00edtulos de Gioachino Rossini, y que su batuta sea solicitada por prestigiosas compa\u00f1\u00edas y teatros de \u00f3pera del mundo.<\/em><\/p>\n<p><em><strong>&#8211; \u00bfQu\u00e9 representa la \u00f3pera para un director que tambi\u00e9n se dedica al g\u00e9nero sinf\u00f3nico?<\/strong><\/em><\/p>\n<p><em>&#8211; La \u00f3pera es un g\u00e9nero muy importante para un director de orquesta, porque la manera de frasear y de respirar, es primordial, y eso se aprende solo con la \u00f3pera. Y luego, poder aplicar esos conocimientos en el sinf\u00f3nico le da mucha m\u00e1s riqueza a la direcci\u00f3n. La \u00f3pera requiere de much\u00edsimo trabajo y hay que profundizar en este lenguaje. <\/em><\/p>\n<p>Otro comentario positivo que recibi\u00f3 Matheuz en el Festival Rossini, fue el del cr\u00edtico Alain Neilson, de <em>O<\/em>p<em>eraWire<\/em>, quien escribi\u00f3: \u201cMatheuz provoc\u00f3 una actuaci\u00f3n en\u00e9rgica de la Orquesta Sinf\u00f3nica Nacional de la Rai, que fue r\u00edtmicamente fuerte, vibrante y conten\u00eda un agradable impulso que permiti\u00f3 que florecieran las animadas melod\u00edas de Rossini, sin dejar de ser sensibles a los giros dram\u00e1ticos de la trama. (\u2026) El equilibrio entre todas las fuerzas musicales fue excelente\u201d.<\/p>\n<p>Por Flavio Pedro Antonio<\/p>\n<p><strong>Otros p\u00fablicos y nuevos retos<\/strong><\/p>\n<p>Diego Matheuz, quien a finales de junio pasado fue nombrado Director Principal de la Orquesta de la Academia Seiji Ozawa, en Jap\u00f3n, debutar\u00e1 en su nuevo cargo dirigiendo <em>La Boh\u00e9me<\/em>, de Puccini. En dicha labor trabajar\u00e1 dirigiendo a noveles m\u00fasicos, como lo hace cada vez que regresa a Venezuela con los j\u00f3venes de El Sistema de Orquestas y Coros donde se form\u00f3 desde ni\u00f1o, en Barquisimeto, su estado natal.<\/p>\n<p><em><strong>-Con tantas nuevas variantes y formatos musicales, nuevos g\u00e9neros musicales en competencia, \u00bfc\u00f3mo podr\u00edan captarse nuevas audiencias, sobre todo p\u00fablico joven para la \u00f3pera?\u00a0 <\/strong><\/em><\/p>\n<p>&#8211; Hay mucha preocupaci\u00f3n hoy en d\u00eda por acercar a los j\u00f3venes a la \u00f3pera, y creo que tiene que ser un proceso natural; por supuesto que ser\u00eda genial tener a nuevo p\u00fablico y a muchos j\u00f3venes en los teatros, pero tambi\u00e9n\u00a0\u00a0 tenemos que preocuparnos por ese p\u00fablico consolidado, que ama la \u00f3pera, que viene siempre. Pienso que ese p\u00fablico est\u00e1 siendo un poco olvidado por enforcarnos tanto en llevar a los j\u00f3venes.<\/p>\n<p><em>\u201cLa \u00f3pera es un g\u00e9nero muy actual, que permite innovar y siempre crecer. En ese sentido, es atractiva para audiencias de todas las edades. Creo que compositores tan geniales como Mozart, Puccini, Verdi, que crearon esas obras maestras, no sab\u00edan que ser\u00edan tan actuales. Por eso los teatros se llenan para ver, por ejemplo, una <\/em><em>Traviata,<\/em><em> con p\u00fablico que ya la ha visto varias veces, pero vuelven para disfrutar de una puesta en escena nueva o para escuchar a un nuevo cantante. Porque la \u00f3pera y la m\u00fasica, ya se sabe, siempre pueden ser mejor. Esa es nuestra b\u00fasqueda constante en este arte maravilloso que es la \u00f3pera\u201d, acota Matheuz.<\/em><\/p>\n<p>Por Flavio Pedro Antonio<\/p>\n","protected":false},"excerpt":{"rendered":"<p>Por Flavio Pedro Antonio Definitivamente este podr\u00eda calificarse como \u201cel a\u00f1o Rossini\u201d para Diego Matheuz: apenas inici\u00f3 2022, dirigi\u00f3 cinco presentaciones de El Barbero de Sevilla, en la Staatsoper de Berl\u00edn; hace una semana abri\u00f3 la 43 edici\u00f3n del Festival Rossini, en la ciudad italiana de P\u00e9saro, con El Conde de Ory, y le esperan [&hellip;]<\/p>\n","protected":false},"author":2,"featured_media":12535,"comment_status":"closed","ping_status":"open","sticky":false,"template":"","format":"standard","meta":[],"categories":[93,146,2],"tags":[1176,9697,381],"wppr_data":{"cwp_meta_box_check":"No"},"_links":{"self":[{"href":"https:\/\/www.notaoficial.com\/s\/wp-json\/wp\/v2\/posts\/12534"}],"collection":[{"href":"https:\/\/www.notaoficial.com\/s\/wp-json\/wp\/v2\/posts"}],"about":[{"href":"https:\/\/www.notaoficial.com\/s\/wp-json\/wp\/v2\/types\/post"}],"author":[{"embeddable":true,"href":"https:\/\/www.notaoficial.com\/s\/wp-json\/wp\/v2\/users\/2"}],"replies":[{"embeddable":true,"href":"https:\/\/www.notaoficial.com\/s\/wp-json\/wp\/v2\/comments?post=12534"}],"version-history":[{"count":2,"href":"https:\/\/www.notaoficial.com\/s\/wp-json\/wp\/v2\/posts\/12534\/revisions"}],"predecessor-version":[{"id":12537,"href":"https:\/\/www.notaoficial.com\/s\/wp-json\/wp\/v2\/posts\/12534\/revisions\/12537"}],"wp:featuredmedia":[{"embeddable":true,"href":"https:\/\/www.notaoficial.com\/s\/wp-json\/wp\/v2\/media\/12535"}],"wp:attachment":[{"href":"https:\/\/www.notaoficial.com\/s\/wp-json\/wp\/v2\/media?parent=12534"}],"wp:term":[{"taxonomy":"category","embeddable":true,"href":"https:\/\/www.notaoficial.com\/s\/wp-json\/wp\/v2\/categories?post=12534"},{"taxonomy":"post_tag","embeddable":true,"href":"https:\/\/www.notaoficial.com\/s\/wp-json\/wp\/v2\/tags?post=12534"}],"curies":[{"name":"wp","href":"https:\/\/api.w.org\/{rel}","templated":true}]}}