{"id":12545,"date":"2022-08-20T23:10:17","date_gmt":"2022-08-21T03:10:17","guid":{"rendered":"https:\/\/www.notaoficial.com\/s\/?p=12545"},"modified":"2022-08-20T23:10:17","modified_gmt":"2022-08-21T03:10:17","slug":"niko-g-canta-tengo-miedo-flavio-pedro-antonio","status":"publish","type":"post","link":"https:\/\/www.notaoficial.com\/s\/2022\/08\/20\/niko-g-canta-tengo-miedo-flavio-pedro-antonio\/","title":{"rendered":"Niko G canta \u00abTengo Miedo\u00bb"},"content":{"rendered":"<p>Por Flavio Pedro Antonio<\/p>\n<div>\n<table width=\"100%\">\n<tbody>\n<tr>\n<td align=\"left\" width=\"530\">\n<div>\n<p align=\"justify\">El joven artista ecuatoriano <strong>Niko G<\/strong> vuelve a lanzar su m\u00fasica presentando uno de sus temas m\u00e1s pegadizos \u201cTengo Miedo\u201d junto a uno de los m\u00e1s calientes del movimiento <strong>Lenier<\/strong>, repitiendo la qu\u00edmica que han desarrollado por a\u00f1os y junto a <strong>Mauro El Arma Secreta<\/strong>, crean este sencillo con su v\u00eddeo musical disponible mundialmente gracias a la distribuci\u00f3n de LAUM.<\/p>\n<p align=\"justify\">El tema tiene ritmos bailables, de reggaeton y habla de estar detr\u00e1s de una chica y que ella est\u00e9 jugando con los sentimientos. El v\u00eddeo fue grabado en la ciudad de Miami con un mensaje positivo donde se combina el reggaet\u00f3n con lo rom\u00e1ntico, presentando las facetas de cada artista con su estilo y bajo la direcci\u00f3n de <strong>Marcel<\/strong>.<\/p>\n<\/div>\n<\/td>\n<\/tr>\n<\/tbody>\n<\/table>\n<\/div>\n<div>\n<table width=\"100%\">\n<tbody>\n<tr>\n<td align=\"left\" width=\"530\">\n<table width=\"530\" align=\"center\">\n<tbody>\n<tr>\n<td valign=\"top\"><\/td>\n<\/tr>\n<\/tbody>\n<\/table>\n<\/td>\n<\/tr>\n<\/tbody>\n<\/table>\n<\/div>\n<div>\n<table width=\"100%\">\n<tbody>\n<tr>\n<td align=\"left\" width=\"530\">\n<div>\n<p align=\"justify\">El siguiente tema que lanzar\u00e1 Niko G es con el productor de <strong>Nicky Jam<\/strong> y <strong>Manuel Turizo<\/strong>, <strong>KCO<\/strong> una canci\u00f3n compuesta por \u00e9l y con la que tambi\u00e9n tiene grandes expectativas, as\u00ed como tambi\u00e9n con el popular artista cubano <strong>El Micha<\/strong> con quien tambi\u00e9n grab\u00f3 un tema en conjunto.<\/p>\n<p align=\"justify\">Por Flavio Pedro Antonio<\/p>\n<\/div>\n<\/td>\n<\/tr>\n<\/tbody>\n<\/table>\n<\/div>\n<div>\n<table width=\"100%\">\n<tbody>\n<tr>\n<td align=\"left\" width=\"530\">\n<table width=\"530\" align=\"center\">\n<tbody>\n<tr>\n<td valign=\"top\">\n<div align=\"center\"><\/div>\n<\/td>\n<\/tr>\n<\/tbody>\n<\/table>\n<\/td>\n<\/tr>\n<\/tbody>\n<\/table>\n<\/div>\n<div>\n<table width=\"100%\">\n<tbody>\n<tr>\n<td align=\"left\" width=\"530\">\n<div>\n<p align=\"justify\"><strong>Niko G<\/strong><br \/>\n<strong>Desde Ecuador con el objetivo de conquistar el Mundo<\/strong><\/p>\n<p align=\"justify\">Nicol\u00e1s Guerrero, mejor conocido como <a href=\"https:\/\/www.instagram.com\/nikog.official\/\">Niko G<\/a>, naci\u00f3\u0301 en el a\u00f1o 1995 en Quito, Ecuador y desde peque\u00f1o dio se\u00f1ales de su pasi\u00f3n por la m\u00fasica. Mientras su papa\u0301 tocaba la guitarra en su casa el lo escuchaba atentamente y trataba de seguirlo con las notas musicales. Desde la escuela, Niko comenz\u00f3 a estudiar la flauta dulce a los 8 a\u00f1os. Pasaba horas y horas repitiendo notas y sonidos de las canciones que escuchaba en la radio.<\/p>\n<p align=\"justify\">A los 13 a\u00f1os recuerda que empieza a componer sus propias canciones. Un a\u00f1o despu\u00e9s, se muda a Miami, Estados Unidos y desde ah\u00ed\u0301 hace una canci\u00f3n titulada \u201cPor Primera Vez\u201d que recibi\u00f3\u0301 muy buena aceptaci\u00f3n en cada lugar donde la interpretaba aunque todo era de manera muy emp\u00edrica.<\/p>\n<p align=\"justify\">Desde la secundaria, tomo\u0301 clases de canto y aprendi\u00f3 a tocar guitarra por su cuenta en Miami que lo llevaron a vivir a New York donde paso\u0301 muchas pruebas personales entre ellas perdidas familiares que lo alejaron por complete de su sue\u00f1o.<\/p>\n<\/div>\n<\/td>\n<\/tr>\n<\/tbody>\n<\/table>\n<\/div>\n<div>\n<table width=\"100%\">\n<tbody>\n<tr>\n<td align=\"left\" width=\"530\">\n<table width=\"530\" align=\"center\">\n<tbody>\n<tr>\n<td valign=\"top\">\n<div align=\"center\"><\/div>\n<\/td>\n<\/tr>\n<\/tbody>\n<\/table>\n<\/td>\n<\/tr>\n<\/tbody>\n<\/table>\n<\/div>\n<div>\n<table width=\"100%\">\n<tbody>\n<tr>\n<td align=\"left\" width=\"530\">\n<div>\n<p align=\"justify\">Ya en la m\u00fasica, retom\u00f3 su sue\u00f1o hacienda sus propias versiones de canciones famosas y subi\u00e9ndolo Youtube donde comenz\u00f3\u0301 a recibir buenos n\u00fameros y aceptaci\u00f3n del p\u00fablico. En su b\u00fasqueda por crear m\u00fasica, conoce al productor Vladimir \u201cLa Companioni\u201d y de ahi\u0301 graba su primer tema profesional, donde tambi\u00e9n conoce al productor Mauro El Co\u0301digo Secreto.<\/p>\n<p align=\"justify\">Por Flavio Pedro Antonio<\/p>\n<p align=\"justify\">Debuto\u0301 de manera profesional con el sencillo \u201cSu Virtud\u201d con el cual gan\u00f3 un concurso con la emisora El Zol de Washington DC. Luego surge con la idea de hacer su primera producci\u00f3n en tiempo r\u00e9cord, 10 canciones con La Companioni en menos de una semana que lo llevaron a entrar en cuerpo y alma a la carrera musical.<\/p>\n<p align=\"justify\">\u201cEn ese momento sent\u00ed que mi pasi\u00f3n tambi\u00e9n se estaba convirtiendo en mi profesi\u00f3n. Esa peque\u00f1a \u201cpresi\u00f3n\u201d de hacer tantas canciones en tan poco tiempo, me llev\u00f3 a vivir la experiencia que cambiara el destino de mi vida\u201d explica Niko.<\/p>\n<\/div>\n<\/td>\n<\/tr>\n<\/tbody>\n<\/table>\n<\/div>\n<div>\n<table width=\"100%\">\n<tbody>\n<tr>\n<td align=\"left\" width=\"530\">\n<table width=\"530\" align=\"center\">\n<tbody>\n<tr>\n<td valign=\"top\">\n<div align=\"center\"><\/div>\n<\/td>\n<\/tr>\n<\/tbody>\n<\/table>\n<\/td>\n<\/tr>\n<\/tbody>\n<\/table>\n<\/div>\n<div>\n<table width=\"100%\">\n<tbody>\n<tr>\n<td align=\"left\" width=\"530\">\n<div>\n<p align=\"justify\">En este proceso, conoce al talentoso Lenier que estaba en sus inicios y juntos graban \u201cBusc\u00e1ndote\u201d que luego incluyen al mundialmente conocido Jacob Forever con quien termino\u0301 grabando este tema y logro\u0301 un apoyo internacional.<\/p>\n<p align=\"justify\">Luego continuo realizando diferentes temas como \u201cLa Nota\u201d una canci\u00f3n con KCO productor de Nicky Jam y otros grades artistas. Para este momento llega la Pandemia y tuvo que hacer una pausa de su carrera donde llego\u0301 a tocar fondo a nivel profesional que lo mantuvieron lejos de su sue\u00f1o.<\/p>\n<p align=\"justify\">Hasta que a finales del 2021 retoma nuevamente y como el ave f\u00e9nix surge con un tema para reinsertarse en la industria musical titulado \u201cPa\u2019 Mi Casa\u201d, que sirvi\u00f3 de base para seguir subiendo con el tema \u201cTe Toco\u0301 Perder\u201d junto al popular artista cubano El Chulo, con el que sigue alcanzando grandes n\u00fameros.<\/p>\n<p align=\"justify\">Por Flavio Pedro Antonio<\/p>\n<\/div>\n<\/td>\n<\/tr>\n<\/tbody>\n<\/table>\n<\/div>\n","protected":false},"excerpt":{"rendered":"<p>Por Flavio Pedro Antonio El joven artista ecuatoriano Niko G vuelve a lanzar su m\u00fasica presentando uno de sus temas m\u00e1s pegadizos \u201cTengo Miedo\u201d junto a uno de los m\u00e1s calientes del movimiento Lenier, repitiendo la qu\u00edmica que han desarrollado por a\u00f1os y junto a Mauro El Arma Secreta, crean este sencillo con su v\u00eddeo [&hellip;]<\/p>\n","protected":false},"author":2,"featured_media":12548,"comment_status":"closed","ping_status":"open","sticky":false,"template":"","format":"standard","meta":[],"categories":[93,463,2],"tags":[9697,381],"wppr_data":{"cwp_meta_box_check":"No"},"_links":{"self":[{"href":"https:\/\/www.notaoficial.com\/s\/wp-json\/wp\/v2\/posts\/12545"}],"collection":[{"href":"https:\/\/www.notaoficial.com\/s\/wp-json\/wp\/v2\/posts"}],"about":[{"href":"https:\/\/www.notaoficial.com\/s\/wp-json\/wp\/v2\/types\/post"}],"author":[{"embeddable":true,"href":"https:\/\/www.notaoficial.com\/s\/wp-json\/wp\/v2\/users\/2"}],"replies":[{"embeddable":true,"href":"https:\/\/www.notaoficial.com\/s\/wp-json\/wp\/v2\/comments?post=12545"}],"version-history":[{"count":1,"href":"https:\/\/www.notaoficial.com\/s\/wp-json\/wp\/v2\/posts\/12545\/revisions"}],"predecessor-version":[{"id":12549,"href":"https:\/\/www.notaoficial.com\/s\/wp-json\/wp\/v2\/posts\/12545\/revisions\/12549"}],"wp:featuredmedia":[{"embeddable":true,"href":"https:\/\/www.notaoficial.com\/s\/wp-json\/wp\/v2\/media\/12548"}],"wp:attachment":[{"href":"https:\/\/www.notaoficial.com\/s\/wp-json\/wp\/v2\/media?parent=12545"}],"wp:term":[{"taxonomy":"category","embeddable":true,"href":"https:\/\/www.notaoficial.com\/s\/wp-json\/wp\/v2\/categories?post=12545"},{"taxonomy":"post_tag","embeddable":true,"href":"https:\/\/www.notaoficial.com\/s\/wp-json\/wp\/v2\/tags?post=12545"}],"curies":[{"name":"wp","href":"https:\/\/api.w.org\/{rel}","templated":true}]}}