{"id":12552,"date":"2022-08-20T23:24:08","date_gmt":"2022-08-21T03:24:08","guid":{"rendered":"https:\/\/www.notaoficial.com\/s\/?p=12552"},"modified":"2022-08-20T23:24:08","modified_gmt":"2022-08-21T03:24:08","slug":"oscar-d-leon-celebra-50-anos-de-carrera","status":"publish","type":"post","link":"https:\/\/www.notaoficial.com\/s\/2022\/08\/20\/oscar-d-leon-celebra-50-anos-de-carrera\/","title":{"rendered":"Oscar D\u2019 Le\u00f3n celebra 50 a\u00f1os de carrera"},"content":{"rendered":"<table border=\"0\" width=\"100%\" cellspacing=\"0\" cellpadding=\"0\">\n<tbody>\n<tr>\n<td valign=\"top\">\n<table class=\"m_-8492936727459861563mcnTextContentContainer\" border=\"0\" width=\"100%\" cellspacing=\"0\" cellpadding=\"0\" align=\"left\">\n<tbody>\n<tr>\n<td class=\"m_-8492936727459861563mcnTextContent\" valign=\"top\">\n<div>\n<div>El pr\u00f3ximo s\u00e1bado 16 de julio a las 9 p.m. (Miami\/Caracas), CNN en Espa\u00f1ol presentar\u00e1 el especial <strong>\u201cCara a Cara con Oscar D\u2019 Le\u00f3n\u201d<\/strong> en el que Alejandra Oraa repasar\u00e1 la carrera de uno de los m\u00e1ximos exponentes de la salsa.<\/p>\n<p>Entre los temas tratados est\u00e1 el rechazo a Fania Records, el sello que en la d\u00e9cada de 1970 concentr\u00f3 a los mejores soneros:\u00a0Celia Cruz, H\u00e9ctor Lavoe, Pete \u201cConde\u201d Rodr\u00edguez, Rub\u00e9n Blades, Willie Col\u00f3n, Ismael Rivera, entre otros. La decisi\u00f3n de D\u2019Le\u00f3n fue vista entonces por algunos cr\u00edticos como un gran error.<\/p>\n<p>Muchos de sus \u00e9xitos se escribieron en la d\u00e9cada de los 70. Uno de los m\u00e1s representativos es \u201cLlorar\u00e1s\u201d, considerado uno de los himnos de la salsa. \u201cCre\u00e9 \u2018Llorar\u00e1s\u2019 en Ant\u00edmano (un barrio del oeste de Caracas), pero no lo termin\u00e9. La versi\u00f3n estaba en un grabador de marca Sanyo sobre mi mesita de noche. Pero al momento de terminar el disco del a\u00f1o 1975 faltaba un tema y fue incluido para \u201ccerrar\u00bb, digamos, para \u201crellenar\u00bb el disco. Y mira hasta donde ha llegado\u201d, afirm\u00f3 el cantante.<\/p>\n<p>Sobre la gira por sus 50 a\u00f1os de carrera en Europa, con la que recorrer\u00e1 Frankfurt, Munich, Barcelona, Berl\u00edn, Par\u00eds, entre otras, afirma: \u201cCalculo que he ido a Europa como 35 o 36 veces. Fui 26 a\u00f1os seguidos a diversos festivales de m\u00fasica latina y jazz. En el comienzo viajaba con Tito y Celia y despu\u00e9s de esos 26 a\u00f1os seguidos hubo un par\u00e9ntesis en los viajes. Estas cinco d\u00e9cadas de carrera las defino como amor y energ\u00eda del p\u00fablico\u201d, concluye D\u2019 Le\u00f3n.<\/p>\n<p>Oscar Emilio Le\u00f3n Simoza es un hombre como pocos en el mundo de la m\u00fasica. En sus 50 a\u00f1os de carrera lo han bautizado como \u201cEl fara\u00f3n de la salsa\u201d o \u201cEl sonero del mundo\u201d; pero solo su nombre art\u00edstico encierra la magnitud de su talento: Oscar D\u2019 Le\u00f3n.<\/p>\n<p><strong><em>\u201cCara a Cara con Oscar D\u2019 Le\u00f3n\u201d <\/em><\/strong><strong>se estrena el s\u00e1bado 16 de julio a las 9 p.m. (Miami\/Caracas).<\/strong><\/p>\n<p><strong>Sobre CNN en Espa\u00f1ol<\/strong><br \/>\nLa cadena de noticias CNN en Espa\u00f1ol es responsable de varias plataformas multimedia dirigidas a audiencias de habla hispana en todo el mundo, que llega a 62 millones de hogares incluyendo CNN en Espa\u00f1ol 24 horas de noticias por cable para Estados Unidos, M\u00e9xico, y Centro y Sudam\u00e9rica. Esto unido a CNNEspanol.com, CNN en Espa\u00f1ol Radio, CNN en Espa\u00f1ol en Twitter, Facebook e Instagram. La marca CNN en Espa\u00f1ol brinda una experiencia en m\u00faltiples plataformas a los hispanoparlantes en las Am\u00e9ricas.<\/div>\n<\/div>\n<\/td>\n<\/tr>\n<\/tbody>\n<\/table>\n<\/td>\n<\/tr>\n<\/tbody>\n<\/table>\n<table border=\"0\" width=\"100%\" cellspacing=\"0\" cellpadding=\"0\">\n<tbody>\n<tr>\n<td valign=\"top\">\n<table class=\"m_-8492936727459861563mcnBoxedTextContentContainer\" border=\"0\" width=\"100%\" cellspacing=\"0\" cellpadding=\"0\" align=\"left\">\n<tbody>\n<tr>\n<td>\n<table class=\"m_-8492936727459861563mcnTextContentContainer\" border=\"0\" width=\"100%\" cellspacing=\"0\">\n<tbody>\n<tr>\n<td class=\"m_-8492936727459861563mcnTextContent\" valign=\"top\">\n<p align=\"center\"><em>En Venezuela, puede conectarse a CNN en Espa\u00f1ol<br \/>\na trav\u00e9s de<\/em><br \/>\n<strong><a href=\"http:\/\/www.cnnespanol.cnn.com\/cnnvenezuela\" target=\"_blank\" rel=\"noopener\" data-saferedirecturl=\"https:\/\/www.google.com\/url?q=http:\/\/www.cnnespanol.cnn.com\/cnnvenezuela&amp;source=gmail&amp;ust=1661137869535000&amp;usg=AOvVaw3A3XyUsmaYONK6Vv-h3gBn\">www.cnnespanol.cnn.com\/<wbr \/>cnnvenezuela<\/a><\/strong><br \/>\n<em>o por YouTube:<\/em><br \/>\n<strong><a href=\"https:\/\/youtu.be\/Jdm3Z2A3tec\" target=\"_blank\" rel=\"noopener\" data-saferedirecturl=\"https:\/\/www.google.com\/url?q=https:\/\/youtu.be\/Jdm3Z2A3tec&amp;source=gmail&amp;ust=1661137869535000&amp;usg=AOvVaw3ukkmBvg0wkffSpnfNnuE1\">https:\/\/youtu.be\/Jdm3Z2A3tec<\/a><\/strong><\/p>\n<p>El canal tambi\u00e9n est\u00e1 disponible mediante conexi\u00f3n con dispositivos<br \/>\ncomo Chromecast o Apple TV, as\u00ed como por TV inteligente<\/p>\n<\/td>\n<\/tr>\n<\/tbody>\n<\/table>\n<\/td>\n<\/tr>\n<\/tbody>\n<\/table>\n<\/td>\n<\/tr>\n<\/tbody>\n<\/table>\n","protected":false},"excerpt":{"rendered":"<p>El pr\u00f3ximo s\u00e1bado 16 de julio a las 9 p.m. (Miami\/Caracas), CNN en Espa\u00f1ol presentar\u00e1 el especial \u201cCara a Cara con Oscar D\u2019 Le\u00f3n\u201d en el que Alejandra Oraa repasar\u00e1 la carrera de uno de los m\u00e1ximos exponentes de la salsa. Entre los temas tratados est\u00e1 el rechazo a Fania Records, el sello que en [&hellip;]<\/p>\n","protected":false},"author":2,"featured_media":12558,"comment_status":"closed","ping_status":"open","sticky":false,"template":"","format":"standard","meta":[],"categories":[463,146,2],"tags":[1371,1176,381],"wppr_data":{"cwp_meta_box_check":"No"},"_links":{"self":[{"href":"https:\/\/www.notaoficial.com\/s\/wp-json\/wp\/v2\/posts\/12552"}],"collection":[{"href":"https:\/\/www.notaoficial.com\/s\/wp-json\/wp\/v2\/posts"}],"about":[{"href":"https:\/\/www.notaoficial.com\/s\/wp-json\/wp\/v2\/types\/post"}],"author":[{"embeddable":true,"href":"https:\/\/www.notaoficial.com\/s\/wp-json\/wp\/v2\/users\/2"}],"replies":[{"embeddable":true,"href":"https:\/\/www.notaoficial.com\/s\/wp-json\/wp\/v2\/comments?post=12552"}],"version-history":[{"count":1,"href":"https:\/\/www.notaoficial.com\/s\/wp-json\/wp\/v2\/posts\/12552\/revisions"}],"predecessor-version":[{"id":12559,"href":"https:\/\/www.notaoficial.com\/s\/wp-json\/wp\/v2\/posts\/12552\/revisions\/12559"}],"wp:featuredmedia":[{"embeddable":true,"href":"https:\/\/www.notaoficial.com\/s\/wp-json\/wp\/v2\/media\/12558"}],"wp:attachment":[{"href":"https:\/\/www.notaoficial.com\/s\/wp-json\/wp\/v2\/media?parent=12552"}],"wp:term":[{"taxonomy":"category","embeddable":true,"href":"https:\/\/www.notaoficial.com\/s\/wp-json\/wp\/v2\/categories?post=12552"},{"taxonomy":"post_tag","embeddable":true,"href":"https:\/\/www.notaoficial.com\/s\/wp-json\/wp\/v2\/tags?post=12552"}],"curies":[{"name":"wp","href":"https:\/\/api.w.org\/{rel}","templated":true}]}}