{"id":12579,"date":"2022-08-24T21:58:20","date_gmt":"2022-08-25T01:58:20","guid":{"rendered":"https:\/\/www.notaoficial.com\/s\/?p=12579"},"modified":"2022-08-24T21:58:20","modified_gmt":"2022-08-25T01:58:20","slug":"cerquone-gallery-presenta-exposicion-en-su-sede-de-caracas-luis-felipe-baca-arbulu","status":"publish","type":"post","link":"https:\/\/www.notaoficial.com\/s\/2022\/08\/24\/cerquone-gallery-presenta-exposicion-en-su-sede-de-caracas-luis-felipe-baca-arbulu\/","title":{"rendered":"Cerquone Gallery presenta exposici\u00f3n en su sede de Caracas"},"content":{"rendered":"<p>Por Luis Felipe Baca Arbulu<\/p>\n<p dir=\"ltr\">El pr\u00f3ximo s\u00e1bado 27 de agosto de 2022, Cerquone Gallery inaugurar\u00e1 en su sede de Caracas una exposici\u00f3n titulada<b> Relaciones P\u00fablicas (RRPP)<\/b>, que vincula la capital venezolana con la ciudad de Madrid. Un proyecto del curador espa\u00f1ol Jordi Pallar\u00e8s en el que ocho artistas internacionales \u2013Srger, Grip Face, Ampparito, Eltono, Nano Abia, Nuria Mora, Sixe Paredes e Ignacio Bosch\u2013ocupar\u00e1n el espacio de la galer\u00eda en un trabajo que revisa el proceso expositivo en el contexto del propio periplo de la galer\u00eda en sus dos sedes (Caracas y Madrid), y respecto a los v\u00ednculos entre los diferentes artistas y el propio curador.<\/p>\n<p dir=\"ltr\">\n<p dir=\"ltr\">Para la pr\u00e1ctica art\u00edstica y curatorial relacionarse es parte impl\u00edcita de un sistema en el que lo personal y lo profesional se mezclan para generar y gestionar encuentros y posibles desencuentros entre personas en una espiral creciente, seg\u00fan explican los organizadores de la muestra.<\/p>\n<p dir=\"ltr\">Por Luis Felipe Baca Arbulu<\/p>\n<p dir=\"ltr\">\u201c<b>Relaciones P\u00fablicas (RRPP)<\/b> es un proyecto intervencionista que revisa este tipo de pr\u00e1cticas en cuanto a la ocupaci\u00f3n de un espacio se refiere: el de Cerquone Gallery en Venezuela. Una casa en Caracas que sigue vertebrando todo tipo de relaciones diplom\u00e1ticas, espaciales, contextuales, hist\u00f3ricas, culturales afectivas y, por supuesto, art\u00edsticas. Estamos hablando de dos pa\u00edses (Espa\u00f1a y Venezuela); una casa (hoy galer\u00eda); ocho artistas y un curador vinculados a la escena espa\u00f1ola; y de Walter Cerquone, un galerista venezolano que lleva impulsando proyectos desde 2016 en Caracas y, desde 2018, tambi\u00e9n desde Madrid. De ah\u00ed que RRPP quiera poner en valor el recorrido de todos los que estamos implicados, destacando el historial de unas relaciones que vienen articul\u00e1ndose desde hace a\u00f1os\u201d.<\/p>\n<p dir=\"ltr\">\n<p dir=\"ltr\">De igual forma, los organizadores afirman que<b> RRPP<\/b> es tambi\u00e9n un proyecto metacuratorial que desea reflexionar sobre el hecho expositivo. \u201cUn posible ensayo sobre los procesos, esperanzas e imposibilidades de todo proyecto que necesita materializarse para tener visibilidad. Sobre el qu\u00e9, el c\u00f3mo y el despu\u00e9s de una acci\u00f3n ef\u00edmera que genera expectativas hacia adentro y hacia afuera. Sobre los movimientos y energ\u00edas hacia un espacio la distancia del cual plantea muchos retos de actuaci\u00f3n en un contexto pol\u00edtico otro\u201d.<\/p>\n<p dir=\"ltr\">\n<p dir=\"ltr\">Respecto al curador, se\u00f1alan que<b> Jordi Pallar\u00e8s<\/b> (Espa\u00f1a, 1967) \u201ccentra sus indagaciones actuales en aquellas pr\u00e1cticas art\u00edsticas que activan di\u00e1logos con el espacio, los objetos, otras producciones art\u00edsticas y, por supuesto, con otros cuerpos como el del espectador. En esa l\u00ednea, reflexiona tambi\u00e9n sobre su propia pr\u00e1ctica curatorial y sobre c\u00f3mo esta viene determinada por sus modos relacionales y afectivos. Jordi subraya la importancia de la puesta en escena y la intervenci\u00f3n en sus proyectos pues, de alg\u00fan modo, son resultado de a\u00f1os de experiencia e investigaci\u00f3n sobre lo que ocurre en el espacio p\u00fablico. A destacar sus publicaciones como otro lugar curatorial desde donde intervenir y exhibir(se) (VB_exposici\u00f3n visible)\u201d.<\/p>\n<p dir=\"ltr\">Por Luis Felipe Baca Arbulu<\/p>\n<p dir=\"ltr\"><b>RRPP<\/b> supone la tercera colaboraci\u00f3n de<b> Jordi Pallar\u00e8s<\/b> con<b> Cerquone Gallery<\/b>. En 2021, llev\u00f3 a cabo su primer trabajo en su espacio de Madrid con<i> We Dance, You Mean<\/i>, un proyecto colectivo que cont\u00f3 con la participaci\u00f3n de artistas internacionales como Ampparito, Ignacio Bosch, Bernadette Despujols, Greg Jager, Adriano Lalicata, Javier Mart\u00edn, Mawatres, Kike Res y Santiago Morilla. El mismo a\u00f1o y en el mismo espacio, ejerce tambi\u00e9n de curador en la exposici\u00f3n<i> Jungle Man<\/i> de Paul Amundarain.<\/p>\n<p dir=\"ltr\">\n<p dir=\"ltr\">Destacan tambi\u00e9n en su carrera profesional proyectos como<i> Ne parliamo<\/i>.<i> Construyendo una escena<\/i>, en La BiBi Gallery (Mallorca, Espa\u00f1a, 2022);<i> Pep Show. Sobre el exhibicionismo en el espacio p\u00fablico<\/i>, en Arts Santa M\u00f2nica (Barcelona, Espa\u00f1a, 2017); o<i> Final. Un proyecto sobre las cosas que terminan<\/i>, en SC Gallery (Bilbao, Espa\u00f1a, 2015). Cabe tambi\u00e9n mencionar sus colaboraciones con artistas como Ignacio Bosch (MuCu, CEART, Madrid, 2017); Grip Face (<i>Saudade 01\/158<\/i>, SC Gallery, Bilbao, 2021), Ampparito (<i>Sobreexposiciones y cuidados<\/i>, B-Murals, Barcelona, Espa\u00f1a, 2019), Eltono (<i>Fun\u00e0mbuls<\/i>, Palma, Espa\u00f1a, 2018), Greg Jager (<i>Ballad of The End<\/i>, GAM, Roma, 2021) o Fausto Amundarain (<i>Morfolog\u00edas de una narraci\u00f3n-Fort Buker<\/i>, Palma-Madrid, 2022) con quien tambi\u00e9n prepara<i> Roaring Days<\/i> para Wadstr\u00f6m T\u00f6nnheim Gallery (Marbella, Espa\u00f1a, 2022).<\/p>\n<p dir=\"ltr\">\n<p dir=\"ltr\">Respecto a los artistas, los organizadores expresan que pr\u00e1cticamente todos tienen una gran experiencia en el espacio p\u00fablico por su propio recorrido en el mismo, colaborando entre ellos en muchas ocasiones, lo que les permite concebir, exhibir e intervenir los espacios de Cerquone en Caracas de un modo particular. \u201cPor otro lado, Jordi Pallar\u00e8s ha trabajado con pr\u00e1cticamente todos ellos y\/o ha escrito sobre su trabajo en varias ocasiones. De ah\u00ed que esos hist\u00f3ricos relacionales cobren gran importancia en RRPP. Un proyecto en el que est\u00e1n muy presentes los movimientos centr\u00edpetos y centr\u00edfugos entre todos aquellos que forman parte del mismo. En ese sentido, la gr\u00e1fica de Javier Siquier -dise\u00f1ador espa\u00f1ol con quien Jordi Pallar\u00e8s suele tambi\u00e9n colaborar en muchos proyectos- quiere reflejar esos flujos relacionales sin ignorar el contexto hist\u00f3rico-art\u00edstico caraque\u00f1o\u201d.<\/p>\n<p dir=\"ltr\">Por Luis Felipe Baca Arbulu<\/p>\n<p dir=\"ltr\"><b>Relaciones P\u00fablicas<\/b> se estar\u00e1 exhibiendo desde el 27 de agosto hasta de 2022, en los espacios de Cerquone Gallery, ubicados en la avenida San Felipe de La Castellana, quinta 117, Caracas. El horario es de martes a domingos, de 11 am a 5 pm. 0424-6019251<\/p>\n<p dir=\"ltr\">\n<p dir=\"ltr\">Mayor informaci\u00f3n puede ser solicitada por<a href=\"http:\/\/www.cerquone.com\" target=\"_blank\" rel=\"noopener\" data-saferedirecturl=\"https:\/\/www.google.com\/url?q=http:\/\/www.cerquone.com&amp;source=gmail&amp;ust=1661477822338000&amp;usg=AOvVaw0rGs7WJoUrEIpQWl4IHy9k\"> www.cerquone.com<\/a><\/p>\n<p dir=\"ltr\">Facebook: CerquoneProjects e Instagram: @cerquoneprojects<\/p>\n","protected":false},"excerpt":{"rendered":"<p>Por Luis Felipe Baca Arbulu El pr\u00f3ximo s\u00e1bado 27 de agosto de 2022, Cerquone Gallery inaugurar\u00e1 en su sede de Caracas una exposici\u00f3n titulada Relaciones P\u00fablicas (RRPP), que vincula la capital venezolana con la ciudad de Madrid. Un proyecto del curador espa\u00f1ol Jordi Pallar\u00e8s en el que ocho artistas internacionales \u2013Srger, Grip Face, Ampparito, Eltono, [&hellip;]<\/p>\n","protected":false},"author":2,"featured_media":12586,"comment_status":"closed","ping_status":"open","sticky":false,"template":"","format":"standard","meta":[],"categories":[463,146,2],"tags":[1371,9700],"wppr_data":{"cwp_meta_box_check":"No"},"_links":{"self":[{"href":"https:\/\/www.notaoficial.com\/s\/wp-json\/wp\/v2\/posts\/12579"}],"collection":[{"href":"https:\/\/www.notaoficial.com\/s\/wp-json\/wp\/v2\/posts"}],"about":[{"href":"https:\/\/www.notaoficial.com\/s\/wp-json\/wp\/v2\/types\/post"}],"author":[{"embeddable":true,"href":"https:\/\/www.notaoficial.com\/s\/wp-json\/wp\/v2\/users\/2"}],"replies":[{"embeddable":true,"href":"https:\/\/www.notaoficial.com\/s\/wp-json\/wp\/v2\/comments?post=12579"}],"version-history":[{"count":1,"href":"https:\/\/www.notaoficial.com\/s\/wp-json\/wp\/v2\/posts\/12579\/revisions"}],"predecessor-version":[{"id":12587,"href":"https:\/\/www.notaoficial.com\/s\/wp-json\/wp\/v2\/posts\/12579\/revisions\/12587"}],"wp:featuredmedia":[{"embeddable":true,"href":"https:\/\/www.notaoficial.com\/s\/wp-json\/wp\/v2\/media\/12586"}],"wp:attachment":[{"href":"https:\/\/www.notaoficial.com\/s\/wp-json\/wp\/v2\/media?parent=12579"}],"wp:term":[{"taxonomy":"category","embeddable":true,"href":"https:\/\/www.notaoficial.com\/s\/wp-json\/wp\/v2\/categories?post=12579"},{"taxonomy":"post_tag","embeddable":true,"href":"https:\/\/www.notaoficial.com\/s\/wp-json\/wp\/v2\/tags?post=12579"}],"curies":[{"name":"wp","href":"https:\/\/api.w.org\/{rel}","templated":true}]}}