{"id":12589,"date":"2022-08-25T21:11:35","date_gmt":"2022-08-26T01:11:35","guid":{"rendered":"https:\/\/www.notaoficial.com\/s\/?p=12589"},"modified":"2022-08-25T21:11:35","modified_gmt":"2022-08-26T01:11:35","slug":"conoce-los-beneficios-de-la-pera-flavio-pedro-antonio","status":"publish","type":"post","link":"https:\/\/www.notaoficial.com\/s\/2022\/08\/25\/conoce-los-beneficios-de-la-pera-flavio-pedro-antonio\/","title":{"rendered":"Conoce los beneficios de la pera"},"content":{"rendered":"<p>Por Flavio Pedro Antonio<\/p>\n<p>Es una <b>fruta <\/b>que hace agua la boca a muchos. Su piel es m\u00e1s o menos lisa, verde o amarillenta. Primero su pulpa es dura, pero cuando madura es blanda.<\/p>\n<p>Hablamos de la <b>pera<\/b>, originaria de regiones de Europa oriental y de Asia occidental, donde su cultivo se realiza desde \u00e9pocas muy remotas.<\/p>\n<p>Rese\u00f1an en portales de internet que los griegos y los romanos conocieron el cultivo del peral, y fueron quienes desarrollaron nuevas variedades de este fruto mediante t\u00e9cnicas de injerto. Sin embargo, China y Estados Unidos son los principales pa\u00edses <b>productores<\/b> en la actualidad.<\/p>\n<p>Hoy en d\u00eda se pueden encontrar muchas variedades naturales e h\u00edbridas de este fruto que tiene forma de gota y algunas son m\u00e1s dulces que otras.<\/p>\n<p>Por Flavio Pedro Antonio<\/p>\n<p><b>N\u00e9ctares y colados<\/b><\/p>\n<p>En Venezuela las amarillas y las verdes son las que se ofertan en el mercado y la marca Natulac, de Industrias Maros C.A., hace un muy buen uso de su <b>pulpa <\/b>en sus <b>n\u00e9ctares y colados<\/b>.<\/p>\n<p>Se dice que el consumo de la pera aporta propiedades que ayudan a mantener la salud del sistema nervioso y, por ejemplo, los colados de Natulac -que son indicados para ni\u00f1os a partir de los 6 meses de edad- incluyen esta fruta entre sus opciones, con una ventaja importante en sus productos por su alto contenido de fruta, libre de colorantes y aromas artificiales.<\/p>\n<p>Igual valor nutricional encuentran los consumidores en los n\u00e9ctares selectos (sin az\u00facar a\u00f1adida) y en los de la l\u00ednea cl\u00e1sica, en los cuales hay m\u00e1s fruta y en solo un vaso hay suficiente <b>vitamina C<\/b> para ganar impulso en el d\u00eda.<\/p>\n<p>Por Flavio Pedro Antonio<\/p>\n<p><b>\u00bfQuiere saber m\u00e1s?\u00a0<\/b><\/p>\n<ul>\n<li aria-level=\"1\">La pera es <b>diur\u00e9tica<\/b>.<\/li>\n<li aria-level=\"1\">Fortalece el crecimiento \u00f3seo, los tejidos y el <b>sistema nervioso<\/b> en ni\u00f1os.<\/li>\n<li aria-level=\"1\">En la hipertensi\u00f3n arterial son muy indicadas porque son <b>calmantes especiales<\/b>.<\/li>\n<li aria-level=\"1\">Ayuda contra la anemia.<\/li>\n<li aria-level=\"1\">Se recomienda en casos de colitis.<\/li>\n<li aria-level=\"1\">Es ideal para el coraz\u00f3n.<\/li>\n<\/ul>\n<p>Otros atributos de la fruta es que es indicada contra los c\u00e1lculos renales, para limpiar la sangre, y adem\u00e1s ayuda a mejorar el tr\u00e1nsito intestinal y el estre\u00f1imiento.<\/p>\n<p>Las peras tambi\u00e9n son un alimento aliado de las madres que preparan loncheras y meriendas, pues con solo a\u00f1adir un colado o un jugo (en envase de Tetra Pak o de aluminio, dos de las versiones que ofrece Natulac), garantizan el aporte vitam\u00ednico y cal\u00f3rico que necesitan los m\u00e1s peque\u00f1os de la casa y, m\u00e1s ahora que est\u00e1n derrochando energ\u00edas en las vacaciones y en los <b>campamentos<\/b> donde tambi\u00e9n la marca tiene presencia.<\/p>\n<p>Para obtener mayor informaci\u00f3n sobre Industrias Maros C.A., su marca <a href=\"https:\/\/www.google.com\/url?sa=t&amp;source=web&amp;cd=&amp;cad=rja&amp;uact=8&amp;ved=2ahUKEwjC38C5qeP5AhWUZTABHX7tBeUQFnoECAwQAQ&amp;url=https%3A%2F%2Fnatulac.com%2F&amp;usg=AOvVaw1tc9alcca1lS5z6yDKe67S\">Natulac<\/a> y sus productos se puede consultar su p\u00e1gina web: natulac.com, y su cuenta en Instagram @natulacoficial.<\/p>\n<p>Por Flavio Pedro Antonio<\/p>\n","protected":false},"excerpt":{"rendered":"<p>Por Flavio Pedro Antonio Es una fruta que hace agua la boca a muchos. Su piel es m\u00e1s o menos lisa, verde o amarillenta. Primero su pulpa es dura, pero cuando madura es blanda. Hablamos de la pera, originaria de regiones de Europa oriental y de Asia occidental, donde su cultivo se realiza desde \u00e9pocas [&hellip;]<\/p>\n","protected":false},"author":2,"featured_media":12595,"comment_status":"closed","ping_status":"open","sticky":false,"template":"","format":"standard","meta":[],"categories":[93,146,2],"tags":[9697,1164],"wppr_data":{"cwp_meta_box_check":"No"},"_links":{"self":[{"href":"https:\/\/www.notaoficial.com\/s\/wp-json\/wp\/v2\/posts\/12589"}],"collection":[{"href":"https:\/\/www.notaoficial.com\/s\/wp-json\/wp\/v2\/posts"}],"about":[{"href":"https:\/\/www.notaoficial.com\/s\/wp-json\/wp\/v2\/types\/post"}],"author":[{"embeddable":true,"href":"https:\/\/www.notaoficial.com\/s\/wp-json\/wp\/v2\/users\/2"}],"replies":[{"embeddable":true,"href":"https:\/\/www.notaoficial.com\/s\/wp-json\/wp\/v2\/comments?post=12589"}],"version-history":[{"count":1,"href":"https:\/\/www.notaoficial.com\/s\/wp-json\/wp\/v2\/posts\/12589\/revisions"}],"predecessor-version":[{"id":12596,"href":"https:\/\/www.notaoficial.com\/s\/wp-json\/wp\/v2\/posts\/12589\/revisions\/12596"}],"wp:featuredmedia":[{"embeddable":true,"href":"https:\/\/www.notaoficial.com\/s\/wp-json\/wp\/v2\/media\/12595"}],"wp:attachment":[{"href":"https:\/\/www.notaoficial.com\/s\/wp-json\/wp\/v2\/media?parent=12589"}],"wp:term":[{"taxonomy":"category","embeddable":true,"href":"https:\/\/www.notaoficial.com\/s\/wp-json\/wp\/v2\/categories?post=12589"},{"taxonomy":"post_tag","embeddable":true,"href":"https:\/\/www.notaoficial.com\/s\/wp-json\/wp\/v2\/tags?post=12589"}],"curies":[{"name":"wp","href":"https:\/\/api.w.org\/{rel}","templated":true}]}}