{"id":12592,"date":"2022-08-25T21:32:43","date_gmt":"2022-08-26T01:32:43","guid":{"rendered":"https:\/\/www.notaoficial.com\/s\/?p=12592"},"modified":"2022-08-25T21:32:43","modified_gmt":"2022-08-26T01:32:43","slug":"cepal-actualizara-sus-proyecciones","status":"publish","type":"post","link":"https:\/\/www.notaoficial.com\/s\/2022\/08\/25\/cepal-actualizara-sus-proyecciones\/","title":{"rendered":"CEPAL actualizar\u00e1 sus proyecciones"},"content":{"rendered":"<p>El documento, publicado peri\u00f3dicamente por la comisi\u00f3n regional de las Naciones Unidas desde 1948, resume el desempe\u00f1o de la econom\u00eda regional en 2021 y analiza su evoluci\u00f3n para 2022. En su 74\u2070 edici\u00f3n examinar\u00e1 de manera especial el papel de la inversi\u00f3n para una recuperaci\u00f3n sostenible e inclusiva.<\/p>\n<p>La presentaci\u00f3n del informe se realizar\u00e1 mediante una conferencia de prensa h\u00edbrida (presencial y virtual) en la sede central del organismo en Santiago de Chile,\u00a0a las 11:00 a.m.\u00a0locales (UTC\/GMT -4:00).<\/p>\n<p><strong>Se invita a los medios de comunicaci\u00f3n a participar en la conferencia de prensa, que se llevar\u00e1 a cabo en el edificio de la CEPAL (Av. Dag Hammarskj\u00f6ld 3477, Vitacura, Santiago, Chile, <\/strong><strong>Sala Ra\u00fal Prebisch). Los periodistas deben portar la credencial de su medio o su credencial de identidad para tener acceso al recinto y acreditarse con anterioridad al correo <\/strong><a href=\"mailto:prensa@cepal.org\"><strong>prensa@cepal.org<\/strong><\/a><strong>.<\/strong><\/p>\n<p><strong>Tambi\u00e9n ser\u00e1 transmitida en directo v\u00eda Zoom en el siguiente enlace: <\/strong><\/p>\n<p><a href=\"https:\/\/eur02.safelinks.protection.outlook.com\/?url=https%3A%2F%2Fcepal-org.zoom.us%2Fwebinar%2Fregister%2FWN_-I9NKEfNSUySmre1T-GUQg&amp;data=05%7C01%7CCEPALINFORMA%40cepal.org%7C011f8475843b4f5e6d5a08da84597cd7%7C0f9e35db544f4f60bdcc5ea416e6dc70%7C0%7C0%7C637967817144201712%7CUnknown%7CTWFpbGZsb3d8eyJWIjoiMC4wLjAwMDAiLCJQIjoiV2luMzIiLCJBTiI6Ik1haWwiLCJXVCI6Mn0%3D%7C3000%7C%7C%7C&amp;sdata=2tMjn8k2lwazGs6au2tdaBYrs7n%2FEpyNliV4P6TQLEA%3D&amp;reserved=0\" data-saferedirecturl=\"https:\/\/www.google.com\/url?q=https:\/\/eur02.safelinks.protection.outlook.com\/?url%3Dhttps%253A%252F%252Fcepal-org.zoom.us%252Fwebinar%252Fregister%252FWN_-I9NKEfNSUySmre1T-GUQg%26data%3D05%257C01%257CCEPALINFORMA%2540cepal.org%257C011f8475843b4f5e6d5a08da84597cd7%257C0f9e35db544f4f60bdcc5ea416e6dc70%257C0%257C0%257C637967817144201712%257CUnknown%257CTWFpbGZsb3d8eyJWIjoiMC4wLjAwMDAiLCJQIjoiV2luMzIiLCJBTiI6Ik1haWwiLCJXVCI6Mn0%253D%257C3000%257C%257C%257C%26sdata%3D2tMjn8k2lwazGs6au2tdaBYrs7n%252FEpyNliV4P6TQLEA%253D%26reserved%3D0&amp;source=gmail&amp;ust=1661562174302000&amp;usg=AOvVaw3MzTxlGz50aXQIx9wiV4e6\"><strong>https:\/\/cepal-org.zoom.us\/webinar\/register\/WN_-I9NKEfNSUySmre1T-GUQg<\/strong><\/a><\/p>\n<p><strong>Los periodistas interesados en participar virtualmente deber\u00e1n registrarse con antelaci\u00f3n. Recibir\u00e1n un correo autom\u00e1tico con las instrucciones para conectarse.<\/strong><\/p>\n<p>La conferencia de prensa ser\u00e1 transmitida adem\u00e1s por internet a trav\u00e9s del <a href=\"https:\/\/www.cepal.org\/es\" data-saferedirecturl=\"https:\/\/www.google.com\/url?q=https:\/\/www.cepal.org\/es&amp;source=gmail&amp;ust=1661562174302000&amp;usg=AOvVaw2nHiJUW5_Rz0ZzPJDaeu7q\">sitio web<\/a>\u00a0de la instituci\u00f3n, <a href=\"https:\/\/live.cepal.org\/\" data-saferedirecturl=\"https:\/\/www.google.com\/url?q=https:\/\/live.cepal.org\/&amp;source=gmail&amp;ust=1661562174302000&amp;usg=AOvVaw11Ix_elMKKo1Ncya9pWImb\">https:\/\/live.cepal.org\/<\/a>\u00a0 y sus redes sociales en Twitter (@cepal_onu) y Facebook (<a href=\"https:\/\/eur02.safelinks.protection.outlook.com\/?url=https%3A%2F%2Fwww.facebook.com%2Fcepal.onu&amp;data=05%7C01%7CCEPALINFORMA%40cepal.org%7C011f8475843b4f5e6d5a08da84597cd7%7C0f9e35db544f4f60bdcc5ea416e6dc70%7C0%7C0%7C637967817144201712%7CUnknown%7CTWFpbGZsb3d8eyJWIjoiMC4wLjAwMDAiLCJQIjoiV2luMzIiLCJBTiI6Ik1haWwiLCJXVCI6Mn0%3D%7C3000%7C%7C%7C&amp;sdata=xvZ1jvt3iCAyCSzyT6cHbMm2GRQOzbhgch6NQMdwccA%3D&amp;reserved=0\" data-saferedirecturl=\"https:\/\/www.google.com\/url?q=https:\/\/eur02.safelinks.protection.outlook.com\/?url%3Dhttps%253A%252F%252Fwww.facebook.com%252Fcepal.onu%26data%3D05%257C01%257CCEPALINFORMA%2540cepal.org%257C011f8475843b4f5e6d5a08da84597cd7%257C0f9e35db544f4f60bdcc5ea416e6dc70%257C0%257C0%257C637967817144201712%257CUnknown%257CTWFpbGZsb3d8eyJWIjoiMC4wLjAwMDAiLCJQIjoiV2luMzIiLCJBTiI6Ik1haWwiLCJXVCI6Mn0%253D%257C3000%257C%257C%257C%26sdata%3DxvZ1jvt3iCAyCSzyT6cHbMm2GRQOzbhgch6NQMdwccA%253D%26reserved%3D0&amp;source=gmail&amp;ust=1661562174302000&amp;usg=AOvVaw1xeJJIl_bTSpLHvAoAsNDF\">https:\/\/www.facebook.com\/cepal.onu<\/a>).\u00a0Los periodistas podr\u00e1n enviar sus preguntas con anterioridad al correo <a href=\"mailto:conferenciaprensa@cepal.org\">conferenciaprensa@cepal.org<\/a>, las que ser\u00e1n respondidas por los expertos de la CEPAL en vivo una vez concluida la presentaci\u00f3n del documento.\u00a0<strong>Solo se recibir\u00e1n preguntas hasta\u00a0<\/strong><strong>las 11:30 a.m.\u00a0hora local.<\/strong><\/p>\n<p>Seg\u00fan el informe, los pa\u00edses de Am\u00e9rica Latina y el Caribe enfrentan un panorama econ\u00f3mico y social muy complejo durante 2022. A un mal desempe\u00f1o del crecimiento econ\u00f3mico se suman las fuertes presiones inflacionarias, el bajo dinamismo en la creaci\u00f3n de empleo, ca\u00eddas en la inversi\u00f3n, y crecientes demandas sociales. Esta situaci\u00f3n se ha traducido en importantes desaf\u00edos para la pol\u00edtica macroecon\u00f3mica. En la segunda parte del documento se examina la din\u00e1mica que ha tenido la formaci\u00f3n bruta de capital p\u00fablico y privado en los pa\u00edses de la regi\u00f3n. Las cifras detalladas que dan cuenta de estas realidades ser\u00e1n dadas a conocer durante el lanzamiento.<\/p>\n<p>Como de costumbre, el <strong><em>Estudio Econ\u00f3mico<\/em><\/strong> incluir\u00e1 notas individuales sobre el desempe\u00f1o econ\u00f3mico de cada uno de los pa\u00edses de Am\u00e9rica Latina y el Caribe en 2021 y el primer semestre de 2022, as\u00ed como los respectivos anexos estad\u00edsticos, las que estar\u00e1n disponibles en la p\u00e1gina web de la CEPAL (<a href=\"http:\/\/www.cepal.org\" data-saferedirecturl=\"https:\/\/www.google.com\/url?q=http:\/\/www.cepal.org&amp;source=gmail&amp;ust=1661562174302000&amp;usg=AOvVaw1taDOdsqGB7rr03F8XbzV7\">www.cepal.org<\/a>) durante el d\u00eda 23 de agosto. La informaci\u00f3n que se presentar\u00e1 ha sido actualizada al 30 de julio de 2022.<\/p>\n<p><strong>Se recuerda que la presentaci\u00f3n del informe tambi\u00e9n ser\u00e1 transmitida p\u00fablicamente en el <\/strong><a href=\"http:\/\/www.cepal.org\" data-saferedirecturl=\"https:\/\/www.google.com\/url?q=http:\/\/www.cepal.org&amp;source=gmail&amp;ust=1661562174302000&amp;usg=AOvVaw1taDOdsqGB7rr03F8XbzV7\"><strong>sitio web de la CEPAL<\/strong><\/a><strong> y en <\/strong><a href=\"https:\/\/live.cepal.org\/\" data-saferedirecturl=\"https:\/\/www.google.com\/url?q=https:\/\/live.cepal.org\/&amp;source=gmail&amp;ust=1661562174302000&amp;usg=AOvVaw11Ix_elMKKo1Ncya9pWImb\"><strong>https:\/\/live.cepal.org\/<\/strong><\/a><strong>. <\/strong><\/p>\n<p>La versi\u00f3n electr\u00f3nica completa del nuevo informe anual de la CEPAL, junto a un comunicado de prensa y la presentaci\u00f3n en PDF con sus principales conclusiones, estar\u00e1n disponibles en el\u00a0<a href=\"https:\/\/www.cepal.org\/es\" data-saferedirecturl=\"https:\/\/www.google.com\/url?q=https:\/\/www.cepal.org\/es&amp;source=gmail&amp;ust=1661562174302000&amp;usg=AOvVaw2nHiJUW5_Rz0ZzPJDaeu7q\">sitio web de la CEPAL<\/a>\u00a0y en la p\u00e1gina del\u00a0<a href=\"https:\/\/www.cepal.org\/es\/covid19\" data-saferedirecturl=\"https:\/\/www.google.com\/url?q=https:\/\/www.cepal.org\/es\/covid19&amp;source=gmail&amp;ust=1661562174302000&amp;usg=AOvVaw2GQGFLQJ8ECWRSrzVFYjkG\">Observatorio COVID-19 en Am\u00e9rica Latina y el Caribe<\/a>\u00a0el mismo martes 23 de agosto, tan pronto finalice la conferencia de prensa.<\/p>\n<p><strong><br \/>\n<\/strong><strong>Qu\u00e9:<\/strong>\u00a0Conferencia de prensa de lanzamiento del informe anual de la CEPAL (<em>flagship<\/em>) <strong><em>Estudio Econ\u00f3mico de Am\u00e9rica Latina y el Caribe, 2022: din\u00e1mica y desaf\u00edos de la inversi\u00f3n para impulsar una recuperaci\u00f3n sostenible e inclusiva<\/em><\/strong><em>.<\/em><\/p>\n<p><strong>Qui\u00e9nes: <\/strong>Mario Cimoli, Secretario Ejecutivo Interino de la CEPAL, y expertos de la Comisi\u00f3n encargados del informe.<\/p>\n<p><strong>Cu\u00e1ndo:<\/strong>\u00a0Martes 23 de agosto de 2022, 11:00 a.m.\u00a0de Chile (UTC\/GMT -04:00 horas).<\/p>\n<p><strong>D\u00f3nde:<\/strong>\u00a0Sede de la CEPAL (Av. Dag Hammarskj\u00f6ld 3477, Vitacura, Santiago, Chile, Sala Ra\u00fal Prebisch).<\/p>\n<p>Tambi\u00e9n por conexi\u00f3n virtual a trav\u00e9s de la plataforma Zoom (requiere inscripci\u00f3n previa):<\/p>\n<p><a href=\"https:\/\/eur02.safelinks.protection.outlook.com\/?url=https%3A%2F%2Fcepal-org.zoom.us%2Fwebinar%2Fregister%2FWN_-I9NKEfNSUySmre1T-GUQg&amp;data=05%7C01%7CCEPALINFORMA%40cepal.org%7C011f8475843b4f5e6d5a08da84597cd7%7C0f9e35db544f4f60bdcc5ea416e6dc70%7C0%7C0%7C637967817144201712%7CUnknown%7CTWFpbGZsb3d8eyJWIjoiMC4wLjAwMDAiLCJQIjoiV2luMzIiLCJBTiI6Ik1haWwiLCJXVCI6Mn0%3D%7C3000%7C%7C%7C&amp;sdata=2tMjn8k2lwazGs6au2tdaBYrs7n%2FEpyNliV4P6TQLEA%3D&amp;reserved=0\" data-saferedirecturl=\"https:\/\/www.google.com\/url?q=https:\/\/eur02.safelinks.protection.outlook.com\/?url%3Dhttps%253A%252F%252Fcepal-org.zoom.us%252Fwebinar%252Fregister%252FWN_-I9NKEfNSUySmre1T-GUQg%26data%3D05%257C01%257CCEPALINFORMA%2540cepal.org%257C011f8475843b4f5e6d5a08da84597cd7%257C0f9e35db544f4f60bdcc5ea416e6dc70%257C0%257C0%257C637967817144201712%257CUnknown%257CTWFpbGZsb3d8eyJWIjoiMC4wLjAwMDAiLCJQIjoiV2luMzIiLCJBTiI6Ik1haWwiLCJXVCI6Mn0%253D%257C3000%257C%257C%257C%26sdata%3D2tMjn8k2lwazGs6au2tdaBYrs7n%252FEpyNliV4P6TQLEA%253D%26reserved%3D0&amp;source=gmail&amp;ust=1661562174302000&amp;usg=AOvVaw3MzTxlGz50aXQIx9wiV4e6\">https:\/\/cepal-org.zoom.us\/webinar\/register\/WN_-I9NKEfNSUySmre1T-GUQg<\/a><\/p>\n<p>Y en el <a href=\"http:\/\/www.cepal.org\/\" data-saferedirecturl=\"https:\/\/www.google.com\/url?q=http:\/\/www.cepal.org\/&amp;source=gmail&amp;ust=1661562174302000&amp;usg=AOvVaw2FFIibMBMjGY7oyTLLKRfi\">sitio web de la CEPAL<\/a> y en <a href=\"https:\/\/live.cepal.org\/\" data-saferedirecturl=\"https:\/\/www.google.com\/url?q=https:\/\/live.cepal.org\/&amp;source=gmail&amp;ust=1661562174302000&amp;usg=AOvVaw11Ix_elMKKo1Ncya9pWImb\">https:\/\/live.cepal.org\/<\/a>.<\/p>\n<p><strong><br \/>\nM\u00e1s informaci\u00f3n:<\/strong><\/p>\n<ul>\n<li><a href=\"https:\/\/www.cepal.org\/es\/taxonomy\/term\/8122\" data-saferedirecturl=\"https:\/\/www.google.com\/url?q=https:\/\/www.cepal.org\/es\/taxonomy\/term\/8122&amp;source=gmail&amp;ust=1661562174302000&amp;usg=AOvVaw2J7AAbXhSMufkAX0EPkRZa\"><strong>Ediciones anteriores del Estudio Econ\u00f3mico de Am\u00e9rica Latina y el Caribe, de la CEPAL<\/strong><\/a><strong>.<\/strong><\/li>\n<li><a href=\"https:\/\/www.cepal.org\/es\/temas\/covid-19\" data-saferedirecturl=\"https:\/\/www.google.com\/url?q=https:\/\/www.cepal.org\/es\/temas\/covid-19&amp;source=gmail&amp;ust=1661562174302000&amp;usg=AOvVaw1JNXLbRZihyECm6NnILqSj\"><strong>Observatorio COVID-19 en Am\u00e9rica Latina y el Caribe<\/strong><\/a>.<\/li>\n<\/ul>\n<p>&nbsp;<\/p>\n<p>Para consultas y la concertaci\u00f3n de entrevistas, contactar a la Unidad de Informaci\u00f3n P\u00fablica de la CEPAL.<\/p>\n<p>Correo electr\u00f3nico: <a href=\"mailto:prensa@cepal.org\">prensa@cepal.org<\/a>; tel\u00e9fono: (56) 22210 2040.<\/p>\n<p>&nbsp;<\/p>\n<p>S\u00edganos en: <a href=\"https:\/\/eur02.safelinks.protection.outlook.com\/?url=http%3A%2F%2Ftwitter.com%2Fcepal_onu&amp;data=05%7C01%7CCEPALINFORMA%40cepal.org%7C011f8475843b4f5e6d5a08da84597cd7%7C0f9e35db544f4f60bdcc5ea416e6dc70%7C0%7C0%7C637967817144201712%7CUnknown%7CTWFpbGZsb3d8eyJWIjoiMC4wLjAwMDAiLCJQIjoiV2luMzIiLCJBTiI6Ik1haWwiLCJXVCI6Mn0%3D%7C3000%7C%7C%7C&amp;sdata=fCDIc8L5x3VqwwgaghL%2BMDYMAbDAoT9LgsJ3Nzc4OrY%3D&amp;reserved=0\" data-saferedirecturl=\"https:\/\/www.google.com\/url?q=https:\/\/eur02.safelinks.protection.outlook.com\/?url%3Dhttp%253A%252F%252Ftwitter.com%252Fcepal_onu%26data%3D05%257C01%257CCEPALINFORMA%2540cepal.org%257C011f8475843b4f5e6d5a08da84597cd7%257C0f9e35db544f4f60bdcc5ea416e6dc70%257C0%257C0%257C637967817144201712%257CUnknown%257CTWFpbGZsb3d8eyJWIjoiMC4wLjAwMDAiLCJQIjoiV2luMzIiLCJBTiI6Ik1haWwiLCJXVCI6Mn0%253D%257C3000%257C%257C%257C%26sdata%3DfCDIc8L5x3VqwwgaghL%252BMDYMAbDAoT9LgsJ3Nzc4OrY%253D%26reserved%3D0&amp;source=gmail&amp;ust=1661562174302000&amp;usg=AOvVaw37RwJi1AGBgfBZbasohyHp\">Twitter<\/a>, <a href=\"https:\/\/eur02.safelinks.protection.outlook.com\/?url=http%3A%2F%2Fwww.facebook.com%2Fcepal.onu&amp;data=05%7C01%7CCEPALINFORMA%40cepal.org%7C011f8475843b4f5e6d5a08da84597cd7%7C0f9e35db544f4f60bdcc5ea416e6dc70%7C0%7C0%7C637967817144201712%7CUnknown%7CTWFpbGZsb3d8eyJWIjoiMC4wLjAwMDAiLCJQIjoiV2luMzIiLCJBTiI6Ik1haWwiLCJXVCI6Mn0%3D%7C3000%7C%7C%7C&amp;sdata=JUymLx4SQhbFhE%2BYey%2BWkisOOT9kNHaZIZgpTwWVSgA%3D&amp;reserved=0\" data-saferedirecturl=\"https:\/\/www.google.com\/url?q=https:\/\/eur02.safelinks.protection.outlook.com\/?url%3Dhttp%253A%252F%252Fwww.facebook.com%252Fcepal.onu%26data%3D05%257C01%257CCEPALINFORMA%2540cepal.org%257C011f8475843b4f5e6d5a08da84597cd7%257C0f9e35db544f4f60bdcc5ea416e6dc70%257C0%257C0%257C637967817144201712%257CUnknown%257CTWFpbGZsb3d8eyJWIjoiMC4wLjAwMDAiLCJQIjoiV2luMzIiLCJBTiI6Ik1haWwiLCJXVCI6Mn0%253D%257C3000%257C%257C%257C%26sdata%3DJUymLx4SQhbFhE%252BYey%252BWkisOOT9kNHaZIZgpTwWVSgA%253D%26reserved%3D0&amp;source=gmail&amp;ust=1661562174302000&amp;usg=AOvVaw3YMEWwvG6ppE008f4ULrSv\">Facebook<\/a>, <a href=\"https:\/\/eur02.safelinks.protection.outlook.com\/?url=http%3A%2F%2Fwww.flickr.com%2Fphotos%2Fcepal%2F&amp;data=05%7C01%7CCEPALINFORMA%40cepal.org%7C011f8475843b4f5e6d5a08da84597cd7%7C0f9e35db544f4f60bdcc5ea416e6dc70%7C0%7C0%7C637967817144201712%7CUnknown%7CTWFpbGZsb3d8eyJWIjoiMC4wLjAwMDAiLCJQIjoiV2luMzIiLCJBTiI6Ik1haWwiLCJXVCI6Mn0%3D%7C3000%7C%7C%7C&amp;sdata=TgIakzjtzIY0lwq%2BG5mUA9FLf8d8CYfNIiTBhnd5F2w%3D&amp;reserved=0\" data-saferedirecturl=\"https:\/\/www.google.com\/url?q=https:\/\/eur02.safelinks.protection.outlook.com\/?url%3Dhttp%253A%252F%252Fwww.flickr.com%252Fphotos%252Fcepal%252F%26data%3D05%257C01%257CCEPALINFORMA%2540cepal.org%257C011f8475843b4f5e6d5a08da84597cd7%257C0f9e35db544f4f60bdcc5ea416e6dc70%257C0%257C0%257C637967817144201712%257CUnknown%257CTWFpbGZsb3d8eyJWIjoiMC4wLjAwMDAiLCJQIjoiV2luMzIiLCJBTiI6Ik1haWwiLCJXVCI6Mn0%253D%257C3000%257C%257C%257C%26sdata%3DTgIakzjtzIY0lwq%252BG5mUA9FLf8d8CYfNIiTBhnd5F2w%253D%26reserved%3D0&amp;source=gmail&amp;ust=1661562174302000&amp;usg=AOvVaw32JT64lHi_ilvCd14KmgTl\">Flickr<\/a> y <a href=\"https:\/\/eur02.safelinks.protection.outlook.com\/?url=http%3A%2F%2Fwww.youtube.com%2Fcepalonu&amp;data=05%7C01%7CCEPALINFORMA%40cepal.org%7C011f8475843b4f5e6d5a08da84597cd7%7C0f9e35db544f4f60bdcc5ea416e6dc70%7C0%7C0%7C637967817144357942%7CUnknown%7CTWFpbGZsb3d8eyJWIjoiMC4wLjAwMDAiLCJQIjoiV2luMzIiLCJBTiI6Ik1haWwiLCJXVCI6Mn0%3D%7C3000%7C%7C%7C&amp;sdata=%2FMxiw%2Ftb7PSb2YXzJSxA%2B0QTG2izL04Y9cFfKzGievQ%3D&amp;reserved=0\" data-saferedirecturl=\"https:\/\/www.google.com\/url?q=https:\/\/eur02.safelinks.protection.outlook.com\/?url%3Dhttp%253A%252F%252Fwww.youtube.com%252Fcepalonu%26data%3D05%257C01%257CCEPALINFORMA%2540cepal.org%257C011f8475843b4f5e6d5a08da84597cd7%257C0f9e35db544f4f60bdcc5ea416e6dc70%257C0%257C0%257C637967817144357942%257CUnknown%257CTWFpbGZsb3d8eyJWIjoiMC4wLjAwMDAiLCJQIjoiV2luMzIiLCJBTiI6Ik1haWwiLCJXVCI6Mn0%253D%257C3000%257C%257C%257C%26sdata%3D%252FMxiw%252Ftb7PSb2YXzJSxA%252B0QTG2izL04Y9cFfKzGievQ%253D%26reserved%3D0&amp;source=gmail&amp;ust=1661562174302000&amp;usg=AOvVaw2uwA3dTnco1tmihzETkUPb\">YouTube<\/a>.<\/p>\n","protected":false},"excerpt":{"rendered":"<p>El documento, publicado peri\u00f3dicamente por la comisi\u00f3n regional de las Naciones Unidas desde 1948, resume el desempe\u00f1o de la econom\u00eda regional en 2021 y analiza su evoluci\u00f3n para 2022. En su 74\u2070 edici\u00f3n examinar\u00e1 de manera especial el papel de la inversi\u00f3n para una recuperaci\u00f3n sostenible e inclusiva. La presentaci\u00f3n del informe se realizar\u00e1 mediante [&hellip;]<\/p>\n","protected":false},"author":2,"featured_media":12601,"comment_status":"closed","ping_status":"open","sticky":false,"template":"","format":"standard","meta":[],"categories":[463,4,146],"tags":[210,1027],"wppr_data":{"cwp_meta_box_check":"No"},"_links":{"self":[{"href":"https:\/\/www.notaoficial.com\/s\/wp-json\/wp\/v2\/posts\/12592"}],"collection":[{"href":"https:\/\/www.notaoficial.com\/s\/wp-json\/wp\/v2\/posts"}],"about":[{"href":"https:\/\/www.notaoficial.com\/s\/wp-json\/wp\/v2\/types\/post"}],"author":[{"embeddable":true,"href":"https:\/\/www.notaoficial.com\/s\/wp-json\/wp\/v2\/users\/2"}],"replies":[{"embeddable":true,"href":"https:\/\/www.notaoficial.com\/s\/wp-json\/wp\/v2\/comments?post=12592"}],"version-history":[{"count":1,"href":"https:\/\/www.notaoficial.com\/s\/wp-json\/wp\/v2\/posts\/12592\/revisions"}],"predecessor-version":[{"id":12602,"href":"https:\/\/www.notaoficial.com\/s\/wp-json\/wp\/v2\/posts\/12592\/revisions\/12602"}],"wp:featuredmedia":[{"embeddable":true,"href":"https:\/\/www.notaoficial.com\/s\/wp-json\/wp\/v2\/media\/12601"}],"wp:attachment":[{"href":"https:\/\/www.notaoficial.com\/s\/wp-json\/wp\/v2\/media?parent=12592"}],"wp:term":[{"taxonomy":"category","embeddable":true,"href":"https:\/\/www.notaoficial.com\/s\/wp-json\/wp\/v2\/categories?post=12592"},{"taxonomy":"post_tag","embeddable":true,"href":"https:\/\/www.notaoficial.com\/s\/wp-json\/wp\/v2\/tags?post=12592"}],"curies":[{"name":"wp","href":"https:\/\/api.w.org\/{rel}","templated":true}]}}