{"id":12714,"date":"2022-09-04T22:44:19","date_gmt":"2022-09-05T02:44:19","guid":{"rendered":"https:\/\/www.notaoficial.com\/s\/?p=12714"},"modified":"2022-09-04T22:44:19","modified_gmt":"2022-09-05T02:44:19","slug":"gustavo-blanco-uribe-se-exhibe-en-galeria-de-budapest-luis-felipe-baca-arbulu","status":"publish","type":"post","link":"https:\/\/www.notaoficial.com\/s\/2022\/09\/04\/gustavo-blanco-uribe-se-exhibe-en-galeria-de-budapest-luis-felipe-baca-arbulu\/","title":{"rendered":"Gustavo Blanco-Uribe  se exhibe en galer\u00eda de Budapest"},"content":{"rendered":"<p>Por Luis Felipe Baca Arbulu<\/p>\n<p>La obra del artista venezolano Gustavo Blanco-Uribe se exhibir\u00e1 en Hungr\u00eda, en una exposici\u00f3n que bajo el t\u00edtulo \u201cPunto de Encuentro\u201d (\u201cMeeting Point\u201d) ser\u00e1 inaugurada el 6 de septiembre de 2022 a las 6 pm, en la galer\u00eda de arte TOBE Gallery, ubicada en Budapest.<\/p>\n<p>&nbsp;<\/p>\n<p>La muestra re\u00fane un conjunto de piezas en las que Gustavo Blanco-Uribe quiere reflejar el equilibrio que existe y la interacci\u00f3n entre la naturaleza,\u00a0 la geometr\u00eda y arquitectura, seg\u00fan \u00e9l mismo afirma.<\/p>\n<p>&nbsp;<\/p>\n<p>En sus palabras, la coexistencia o punto de encuentro entre lo natural y lo arquitect\u00f3nico lo expresa de una manera gr\u00e1fica y otra pict\u00f3rica.<\/p>\n<p>&nbsp;<\/p>\n<p>\u201cLa gr\u00e1fica, que tiene que ver con la superposici\u00f3n de espacios donde la visi\u00f3n crea un juego entre siluetas y formas org\u00e1nicas como la hoja de una planta que hace de ventana hacia formas arquitect\u00f3nicas y te lleva al origen de la representaci\u00f3n de la naturaleza. Con esto busco que el espectador se pare a observar, entre y salga de los espacios mostrados, creando un an\u00e1lisis propio y una vinculaci\u00f3n con el tiempo\u201d.<\/p>\n<p>Por Luis Felipe Baca Arbulu<\/p>\n<p>En cuanto a la pict\u00f3rica, \u201cel uso de materiales naturales en forma cruda crea una atm\u00f3sfera natural en el espacio e imparte la esencia del ecosistema y encontramos la relaci\u00f3n de lo org\u00e1nico con lo arquitect\u00f3nico en el uso de formas geom\u00e9tricas bastas, pesadas y con la aplicaci\u00f3n del gesto sobre un papel que se lo pide, ya que all\u00ed es donde se muestra la relaci\u00f3n con la naturaleza y lo org\u00e1nico por su textura y forma de elaboraci\u00f3n, de una manera artesana y ancestral\u201d, expresa Blanco-Uribe.<\/p>\n<p>&nbsp;<\/p>\n<p>En tal sentido, el artista explica que hace este ejercicio de conversaci\u00f3n entre la gr\u00e1fica y lo pict\u00f3rico ya que una es la b\u00fasqueda del entendimiento inmediato y la otra es la manifestaci\u00f3n abstracta que lleva directamente a las emociones y a la reflexi\u00f3n.<\/p>\n<p>&nbsp;<\/p>\n<p>Gustavo Blanco Uribe, ha transitado por las artes pl\u00e1sticas, la decoraci\u00f3n, el dise\u00f1o, y la moda a lo largo de m\u00e1s de una d\u00e9cada de trayectoria. Comenz\u00f3 su carrera en Nueva York pintando y decorando vitrinas para firmas como: Bergdorf Goodman, Harry Winston, Ralph Lauren, Fred Leighton, Van Cleef &amp; Arpels, Bardin Palomo; y como dise\u00f1ador, para eventos de gran escala como \u201cThe Young Lions\u201d New York Public Library, entre otros. Su obra ha sido exhibida en numerosas exposiciones colectivas e individuales en Venezuela, China, Estados Unidos y Espa\u00f1a.<\/p>\n<p>Tobe Gallery es un proyecto que dirige el venezolano Tomas Opitz desde hace 9 a\u00f1os en Budapest, dedicada a la fotografia contemporanea con un portafolio de artistas iberoamericanos y tambien venezolanos como Marco Belle, Liliana, Amalia Pereira, Carla Tabora, Dafna Talmor,\u00a0 entre otros.<\/p>\n<p>Por Luis Felipe Baca Arbulu<\/p>\n<p>La exposici\u00f3n \u201cPunto de Encuentro\u201d (\u201cMeeting Point\u201d) permanecer\u00e1 en exhibici\u00f3n hasta el 15 de octubre de 2022 en TOBE Gallery, ubicada en 1088 Budapest, Br\u00f3dy S\u00e1ndor utca 36, Hungr\u00eda.<\/p>\n<p>&nbsp;<\/p>\n<p><a href=\"https:\/\/www.tobegallery.hu\/\" data-saferedirecturl=\"https:\/\/www.google.com\/url?q=https:\/\/www.tobegallery.hu\/&amp;source=gmail&amp;ust=1662430098288000&amp;usg=AOvVaw2g_9CABK7eo4GAZkt6930d\">https:\/\/www.tobegallery.hu\/<\/a><\/p>\n<p>&nbsp;<\/p>\n<p>&nbsp;<\/p>\n<p>Declaraci\u00f3n de Artista<\/p>\n<p>La posibilidad de crear un espacio alterno de un instante de lo cotidiano y contemplar<br \/>\nsin emitir ning\u00fan tipo de juicio, puede crear un di\u00e1logo entre la imagen y la forma,<br \/>\nadquiriendo entre ellas un espacio \u00fanico a observar y meditar.<br \/>\nLas formas a estudiar son producto de la reconstrucci\u00f3n que hace la visi\u00f3n. Dando a<br \/>\nentender que la geometr\u00eda est\u00e1 presente en todo, las manifestaciones de la<br \/>\nnaturaleza y en nosotros mismos.<br \/>\nAprovechando esta ley de la naturaleza se propone un doble juego en un sentido<br \/>\nl\u00fadico de lo que es real y lo que no es, lo imaginativo y la realidad..<br \/>\nLa \u00fanica herramienta eficaz que tenemos es la Geometr\u00eda, que organiza el espacio de<br \/>\nuna manera sensata y por ende, una intervenci\u00f3n geom\u00e9trica sensible.<br \/>\nDe manera tal que lo que se busca es una conversaci\u00f3n a trav\u00e9s de las ideas<br \/>\ngeom\u00e9tricas y el pensamiento l\u00f3gico. Una interacci\u00f3n que haga meditar y ejercitar la<\/p>\n<p>imaginaci\u00f3n visual del espectador.<\/p>\n<p>CR\u00c9DITOS DE OBRAS<\/p>\n<p>With in nature 5<br \/>\nCollage<br \/>\n30x40cm<br \/>\n2022<\/p>\n<p>Por Luis Felipe Baca Arbulu<\/p>\n<p>Punto de encuentro<br \/>\nCollage<br \/>\n46x68cm approx<br \/>\n2022<\/p>\n<p>El papel Manda 2<br \/>\nPintura<br \/>\n200x120cm<br \/>\n2022<\/p>\n<p>El Papel Manda 12<br \/>\nPintura<br \/>\n30&#215;40<br \/>\n2022<\/p>\n","protected":false},"excerpt":{"rendered":"<p>Por Luis Felipe Baca Arbulu La obra del artista venezolano Gustavo Blanco-Uribe se exhibir\u00e1 en Hungr\u00eda, en una exposici\u00f3n que bajo el t\u00edtulo \u201cPunto de Encuentro\u201d (\u201cMeeting Point\u201d) ser\u00e1 inaugurada el 6 de septiembre de 2022 a las 6 pm, en la galer\u00eda de arte TOBE Gallery, ubicada en Budapest. &nbsp; La muestra re\u00fane un [&hellip;]<\/p>\n","protected":false},"author":2,"featured_media":12722,"comment_status":"closed","ping_status":"open","sticky":false,"template":"","format":"standard","meta":[],"categories":[93,463,146,2],"tags":[1371,9700],"wppr_data":{"cwp_meta_box_check":"No"},"_links":{"self":[{"href":"https:\/\/www.notaoficial.com\/s\/wp-json\/wp\/v2\/posts\/12714"}],"collection":[{"href":"https:\/\/www.notaoficial.com\/s\/wp-json\/wp\/v2\/posts"}],"about":[{"href":"https:\/\/www.notaoficial.com\/s\/wp-json\/wp\/v2\/types\/post"}],"author":[{"embeddable":true,"href":"https:\/\/www.notaoficial.com\/s\/wp-json\/wp\/v2\/users\/2"}],"replies":[{"embeddable":true,"href":"https:\/\/www.notaoficial.com\/s\/wp-json\/wp\/v2\/comments?post=12714"}],"version-history":[{"count":1,"href":"https:\/\/www.notaoficial.com\/s\/wp-json\/wp\/v2\/posts\/12714\/revisions"}],"predecessor-version":[{"id":12723,"href":"https:\/\/www.notaoficial.com\/s\/wp-json\/wp\/v2\/posts\/12714\/revisions\/12723"}],"wp:featuredmedia":[{"embeddable":true,"href":"https:\/\/www.notaoficial.com\/s\/wp-json\/wp\/v2\/media\/12722"}],"wp:attachment":[{"href":"https:\/\/www.notaoficial.com\/s\/wp-json\/wp\/v2\/media?parent=12714"}],"wp:term":[{"taxonomy":"category","embeddable":true,"href":"https:\/\/www.notaoficial.com\/s\/wp-json\/wp\/v2\/categories?post=12714"},{"taxonomy":"post_tag","embeddable":true,"href":"https:\/\/www.notaoficial.com\/s\/wp-json\/wp\/v2\/tags?post=12714"}],"curies":[{"name":"wp","href":"https:\/\/api.w.org\/{rel}","templated":true}]}}