{"id":12787,"date":"2022-09-10T00:30:00","date_gmt":"2022-09-10T04:30:00","guid":{"rendered":"https:\/\/www.notaoficial.com\/s\/?p=12787"},"modified":"2022-09-10T00:30:00","modified_gmt":"2022-09-10T04:30:00","slug":"oscar-dleon-ya-se-encuentra-en-venezuela-flavio-borquez-tarff","status":"publish","type":"post","link":"https:\/\/www.notaoficial.com\/s\/2022\/09\/10\/oscar-dleon-ya-se-encuentra-en-venezuela-flavio-borquez-tarff\/","title":{"rendered":"Oscar D&#8217;Le\u00f3n ya se encuentra en Venezuela"},"content":{"rendered":"<p>Por Flavio Borquez Tarff<\/p>\n<table border=\"0\" width=\"100%\" cellspacing=\"0\" cellpadding=\"0\">\n<tbody>\n<tr>\n<td valign=\"top\">\n<table class=\"m_3038380853519756640mcnTextContentContainer\" border=\"0\" width=\"100%\" cellspacing=\"0\" cellpadding=\"0\" align=\"left\">\n<tbody>\n<tr>\n<td class=\"m_3038380853519756640mcnTextContent\" valign=\"top\">\n<div>El \u00abRey de la salsa\u00bb ya est\u00e1 en Caracas, feliz de reencontrarse con su p\u00fablico para\u00a0celebrar sus 50 a\u00f1os de trayectoria art\u00edstica en\u00a0una deslumbrante gala sinf\u00f3nica los d\u00edas 16 y 17 de septiembre en la sala R\u00edos Reyna del Teatro Teresa Carre\u00f1o, y el jueves 22 en el F\u00f3rum de Valencia, acompa\u00f1ado de la Orquesta Sinf\u00f3nica Sim\u00f3n Bol\u00edvar, bajo la direcci\u00f3n del maestro Christian V\u00e1squez.<\/p>\n<p>Leyenda indiscutible de la m\u00fasica caribe\u00f1a, D&#8217;Le\u00f3n lleg\u00f3 a Venezuela acompa\u00f1ado de su esposa y manager, Zoraida de Le\u00f3n, y dos de sus hijas: Adiaroz e Irosca, la conocida \u00abMazucamba\u00bb. Todos manifestaron a su arribo a Maiquet\u00eda, la alegr\u00eda de volver al pa\u00eds para festejar este espect\u00e1culo aniversario organizado por Oz Show e Image Producciones en alianza con el Sistema Nacional de Orquesta y Coros de Venezuela.<\/p><\/div>\n<div>Por Flavio Borquez Tarff<\/p>\n<p>Los eventos en Venezuela se suman al \u00ab50th Anniversary Tour 2022\u00bb, que, desde el mes de febrero\u00a0lo ha llevado a diferentes localidades de Asia, Am\u00e9rica y Europa.<\/p>\n<p>Los boletos para la\u00a0emotiva gala aniversaria que revivir\u00e1 los m\u00e1s grandes momentos de esta leyenda sobre el escenario, est\u00e1n disponibles en las taquillas de Ticketplate\u00a0ubicadas en Beco CCCT (lunes a viernes, de 9:00 a.m. a 7:00 p.m.), Drink It-Las Mercedes (lunes a viernes, de 1:00 p.m. a 7:00 p.m.) y en el Teatro Teresa Carre\u00f1o (mi\u00e9rcoles a domingo, de 9:00 a.m. a 6:00 p.m.)\u00a0o directamente\u00a0a trav\u00e9s del portal web\u00a0<a href=\"http:\/\/ticketplate.com\" target=\"_blank\" rel=\"noopener\" data-saferedirecturl=\"https:\/\/www.google.com\/url?q=http:\/\/ticketplate.com&amp;source=gmail&amp;ust=1662869852503000&amp;usg=AOvVaw18FwmjqR3v02Tyb0wg5FCP\">ticketplate.com<\/a>.<\/div>\n<div><\/div>\n<div>Por Flavio Borquez Tarff<\/div>\n<\/td>\n<\/tr>\n<\/tbody>\n<\/table>\n<\/td>\n<\/tr>\n<\/tbody>\n<\/table>\n<table border=\"0\" width=\"100%\" cellspacing=\"0\" cellpadding=\"0\">\n<tbody>\n<tr>\n<td valign=\"top\">\n<table border=\"0\" width=\"100%\" cellspacing=\"0\" cellpadding=\"0\" align=\"left\">\n<tbody>\n<tr>\n<td valign=\"top\"><\/td>\n<\/tr>\n<\/tbody>\n<\/table>\n<\/td>\n<\/tr>\n<\/tbody>\n<\/table>\n<table border=\"0\" width=\"100%\" cellspacing=\"0\" cellpadding=\"0\">\n<tbody>\n<tr>\n<td valign=\"top\">\n<table border=\"0\" width=\"100%\" cellspacing=\"0\" cellpadding=\"0\" align=\"left\">\n<tbody>\n<tr>\n<td valign=\"top\"><\/td>\n<\/tr>\n<\/tbody>\n<\/table>\n<\/td>\n<\/tr>\n<\/tbody>\n<\/table>\n<table border=\"0\" width=\"100%\" cellspacing=\"0\" cellpadding=\"0\">\n<tbody>\n<tr>\n<td valign=\"top\">\n<table border=\"0\" width=\"100%\" cellspacing=\"0\" cellpadding=\"0\" align=\"left\">\n<tbody>\n<tr>\n<td valign=\"top\"><\/td>\n<\/tr>\n<\/tbody>\n<\/table>\n<\/td>\n<\/tr>\n<\/tbody>\n<\/table>\n<table border=\"0\" width=\"100%\" cellspacing=\"0\" cellpadding=\"0\">\n<tbody>\n<tr>\n<td valign=\"top\">\n<table border=\"0\" width=\"100%\" cellspacing=\"0\" cellpadding=\"0\" align=\"left\">\n<tbody>\n<tr>\n<td valign=\"top\"><\/td>\n<\/tr>\n<\/tbody>\n<\/table>\n<\/td>\n<\/tr>\n<\/tbody>\n<\/table>\n<table border=\"0\" width=\"100%\" cellspacing=\"0\" cellpadding=\"0\">\n<tbody>\n<tr>\n<td align=\"center\" valign=\"top\">\n<table border=\"0\" cellspacing=\"0\" cellpadding=\"0\">\n<tbody>\n<tr>\n<td align=\"center\" valign=\"middle\"><a class=\"m_3038380853519756640mcnButton\" title=\"Compra tu ticket en un click\" href=\"https:\/\/yosoyvenezuela.us16.list-manage.com\/track\/click?u=3e11387931e0ee076c9978b44&amp;id=925580cef6&amp;e=c0bd415567\" target=\"_blank\" rel=\"noopener\" data-saferedirecturl=\"https:\/\/www.google.com\/url?q=https:\/\/yosoyvenezuela.us16.list-manage.com\/track\/click?u%3D3e11387931e0ee076c9978b44%26id%3D925580cef6%26e%3Dc0bd415567&amp;source=gmail&amp;ust=1662869852503000&amp;usg=AOvVaw1JgOuisc0rIDMMp6q8pt2f\">Compra tu ticket en un click<\/a><\/td>\n<\/tr>\n<\/tbody>\n<\/table>\n<\/td>\n<\/tr>\n<\/tbody>\n<\/table>\n","protected":false},"excerpt":{"rendered":"<p>Por Flavio Borquez Tarff El \u00abRey de la salsa\u00bb ya est\u00e1 en Caracas, feliz de reencontrarse con su p\u00fablico para\u00a0celebrar sus 50 a\u00f1os de trayectoria art\u00edstica en\u00a0una deslumbrante gala sinf\u00f3nica los d\u00edas 16 y 17 de septiembre en la sala R\u00edos Reyna del Teatro Teresa Carre\u00f1o, y el jueves 22 en el F\u00f3rum de Valencia, [&hellip;]<\/p>\n","protected":false},"author":2,"featured_media":12794,"comment_status":"closed","ping_status":"open","sticky":false,"template":"","format":"standard","meta":[],"categories":[463,146,2],"tags":[1371,9698,381],"wppr_data":{"cwp_meta_box_check":"No"},"_links":{"self":[{"href":"https:\/\/www.notaoficial.com\/s\/wp-json\/wp\/v2\/posts\/12787"}],"collection":[{"href":"https:\/\/www.notaoficial.com\/s\/wp-json\/wp\/v2\/posts"}],"about":[{"href":"https:\/\/www.notaoficial.com\/s\/wp-json\/wp\/v2\/types\/post"}],"author":[{"embeddable":true,"href":"https:\/\/www.notaoficial.com\/s\/wp-json\/wp\/v2\/users\/2"}],"replies":[{"embeddable":true,"href":"https:\/\/www.notaoficial.com\/s\/wp-json\/wp\/v2\/comments?post=12787"}],"version-history":[{"count":1,"href":"https:\/\/www.notaoficial.com\/s\/wp-json\/wp\/v2\/posts\/12787\/revisions"}],"predecessor-version":[{"id":12795,"href":"https:\/\/www.notaoficial.com\/s\/wp-json\/wp\/v2\/posts\/12787\/revisions\/12795"}],"wp:featuredmedia":[{"embeddable":true,"href":"https:\/\/www.notaoficial.com\/s\/wp-json\/wp\/v2\/media\/12794"}],"wp:attachment":[{"href":"https:\/\/www.notaoficial.com\/s\/wp-json\/wp\/v2\/media?parent=12787"}],"wp:term":[{"taxonomy":"category","embeddable":true,"href":"https:\/\/www.notaoficial.com\/s\/wp-json\/wp\/v2\/categories?post=12787"},{"taxonomy":"post_tag","embeddable":true,"href":"https:\/\/www.notaoficial.com\/s\/wp-json\/wp\/v2\/tags?post=12787"}],"curies":[{"name":"wp","href":"https:\/\/api.w.org\/{rel}","templated":true}]}}