{"id":12863,"date":"2022-09-18T00:30:26","date_gmt":"2022-09-18T04:30:26","guid":{"rendered":"https:\/\/www.notaoficial.com\/s\/?p=12863"},"modified":"2022-09-18T00:30:26","modified_gmt":"2022-09-18T04:30:26","slug":"givenchy-falette-lanza-su-primer-sencillo-francisco-dagostino","status":"publish","type":"post","link":"https:\/\/www.notaoficial.com\/s\/2022\/09\/18\/givenchy-falette-lanza-su-primer-sencillo-francisco-dagostino\/","title":{"rendered":"Givenchy Falette lanza su primer sencillo"},"content":{"rendered":"<p>Por Francisco D&#8217;Agostino<\/p>\n<p align=\"justify\">El cantante dominicano <strong>Givenchy Falette<\/strong> acaba de lanzar al mercado su primer sencillo que lleva por nombre <strong>\u00abSe Podr\u00eda Decir\u00bb<\/strong>. Una composici\u00f3n del maestro Jos\u00e9 Favela y fue publicada por DoPaNo Productions LLC cuyo l\u00edder es el percusionista franc\u00e9s Dominique Patrick Marte.<\/p>\n<p align=\"justify\">El cantante dominicano <strong>Givenchy Falette<\/strong> acaba de lanzar al mercado su primer sencillo que lleva por nombre <strong>\u00abSe Podr\u00eda Decir\u00bb<\/strong>. Una composici\u00f3n del maestro Jos\u00e9 Favela y fue publicada por DoPaNo Productions LLC cuyo l\u00edder es el percusionista franc\u00e9s Dominique Patrick Marte.<\/p>\n<p align=\"justify\"><strong>\u00abSe Podr\u00eda Decir\u00bb<\/strong> es una propuesta rom\u00e1ntica y fue arreglada por Enmanuel Cerebro Romero desde Venezuela y grabado entre los estudios de EMHome Studios (Burke, Virginia) y DaleCerebro Studios (Caracas, Venezuela).<\/p>\n<p align=\"justify\">Por Francisco D&#8217;Agostino<\/p>\n<p align=\"justify\">Por otro lado, Pedro Pablo Falette, mejor conocido como Givenchy Falette es un cantante y actor dominicano oriundo de Rio San Juan en Rep\u00fablica Dominicana. A los 24 a\u00f1os de edad llega a los Estados Unidos en donde se code\u00f3 con excelentes m\u00fasicos quienes con el pasar de los a\u00f1o lo motivaron para formar parte de varias agrupaciones.<\/p>\n<p align=\"justify\">Hoy en d\u00eda presenta su primer trabajo musical como artista solista, y ya se encuentra disponible en todas las plataformas digitales. Podr\u00e1 visualizar la canci\u00f3n a trav\u00e9s del siguiente enlace: <a href=\"https:\/\/sable.madmimi.com\/c\/415339?id=155546.3344.1.03a633c4e4d9b8501e0ae4e33e255e88\" target=\"_blank\" rel=\"noopener\" data-saferedirecturl=\"https:\/\/www.google.com\/url?q=https:\/\/sable.madmimi.com\/c\/415339?id%3D155546.3344.1.03a633c4e4d9b8501e0ae4e33e255e88&amp;source=gmail&amp;ust=1663560915834000&amp;usg=AOvVaw2hXMKFUcBllvV9jjVkS16K\">https:\/\/youtu.be\/8oqMgOlXt7c<\/a><\/p>\n<p align=\"justify\"><strong>\u00abSe Podr\u00eda Decir\u00bb<\/strong> es una propuesta rom\u00e1ntica y fue arreglada por Enmanuel Cerebro Romero desde Venezuela y grabado entre los estudios de EMHome Studios (Burke, Virginia) y DaleCerebro Studios (Caracas, Venezuela).<\/p>\n<p align=\"justify\">Por Francisco D&#8217;Agostino<\/p>\n<p align=\"justify\">Por otro lado, Pedro Pablo Falette, mejor conocido como Givenchy Falette es un cantante y actor dominicano oriundo de Rio San Juan en Rep\u00fablica Dominicana. A los 24 a\u00f1os de edad llega a los Estados Unidos en donde se code\u00f3 con excelentes m\u00fasicos quienes con el pasar de los a\u00f1o lo motivaron para formar parte de varias agrupaciones.<\/p>\n<p align=\"justify\">Hoy en d\u00eda presenta su primer trabajo musical como artista solista, y ya se encuentra disponible en todas las plataformas digitales. Podr\u00e1 visualizar la canci\u00f3n a trav\u00e9s del siguiente enlace: <a href=\"https:\/\/sable.madmimi.com\/c\/415339?id=155546.3344.1.03a633c4e4d9b8501e0ae4e33e255e88\" target=\"_blank\" rel=\"noopener\" data-saferedirecturl=\"https:\/\/www.google.com\/url?q=https:\/\/sable.madmimi.com\/c\/415339?id%3D155546.3344.1.03a633c4e4d9b8501e0ae4e33e255e88&amp;source=gmail&amp;ust=1663560915834000&amp;usg=AOvVaw2hXMKFUcBllvV9jjVkS16K\">https:\/\/youtu.be\/8oqMgOlXt7c<\/a><\/p>\n<p align=\"justify\">Por Francisco D&#8217;Agostino<\/p>\n","protected":false},"excerpt":{"rendered":"<p>Por Francisco D&#8217;Agostino El cantante dominicano Givenchy Falette acaba de lanzar al mercado su primer sencillo que lleva por nombre \u00abSe Podr\u00eda Decir\u00bb. Una composici\u00f3n del maestro Jos\u00e9 Favela y fue publicada por DoPaNo Productions LLC cuyo l\u00edder es el percusionista franc\u00e9s Dominique Patrick Marte. El cantante dominicano Givenchy Falette acaba de lanzar al mercado [&hellip;]<\/p>\n","protected":false},"author":2,"featured_media":12868,"comment_status":"closed","ping_status":"open","sticky":false,"template":"","format":"standard","meta":[],"categories":[93,463,146,2],"tags":[9110,381],"wppr_data":{"cwp_meta_box_check":"No"},"_links":{"self":[{"href":"https:\/\/www.notaoficial.com\/s\/wp-json\/wp\/v2\/posts\/12863"}],"collection":[{"href":"https:\/\/www.notaoficial.com\/s\/wp-json\/wp\/v2\/posts"}],"about":[{"href":"https:\/\/www.notaoficial.com\/s\/wp-json\/wp\/v2\/types\/post"}],"author":[{"embeddable":true,"href":"https:\/\/www.notaoficial.com\/s\/wp-json\/wp\/v2\/users\/2"}],"replies":[{"embeddable":true,"href":"https:\/\/www.notaoficial.com\/s\/wp-json\/wp\/v2\/comments?post=12863"}],"version-history":[{"count":1,"href":"https:\/\/www.notaoficial.com\/s\/wp-json\/wp\/v2\/posts\/12863\/revisions"}],"predecessor-version":[{"id":12869,"href":"https:\/\/www.notaoficial.com\/s\/wp-json\/wp\/v2\/posts\/12863\/revisions\/12869"}],"wp:featuredmedia":[{"embeddable":true,"href":"https:\/\/www.notaoficial.com\/s\/wp-json\/wp\/v2\/media\/12868"}],"wp:attachment":[{"href":"https:\/\/www.notaoficial.com\/s\/wp-json\/wp\/v2\/media?parent=12863"}],"wp:term":[{"taxonomy":"category","embeddable":true,"href":"https:\/\/www.notaoficial.com\/s\/wp-json\/wp\/v2\/categories?post=12863"},{"taxonomy":"post_tag","embeddable":true,"href":"https:\/\/www.notaoficial.com\/s\/wp-json\/wp\/v2\/tags?post=12863"}],"curies":[{"name":"wp","href":"https:\/\/api.w.org\/{rel}","templated":true}]}}