{"id":12913,"date":"2022-09-20T00:19:40","date_gmt":"2022-09-20T04:19:40","guid":{"rendered":"https:\/\/www.notaoficial.com\/s\/?p=12913"},"modified":"2022-09-20T00:19:40","modified_gmt":"2022-09-20T04:19:40","slug":"el-kanka-vuelve","status":"publish","type":"post","link":"https:\/\/www.notaoficial.com\/s\/2022\/09\/20\/el-kanka-vuelve\/","title":{"rendered":"El Kanka vuelve"},"content":{"rendered":"<p>Los Cines Callao de Madrid acogieron el pasado jueves el regreso de El Kanka despu\u00e9s de un a\u00f1o de silencio.<\/p>\n<p>Durante la noche, el malague\u00f1o comparti\u00f3 en primicia la canci\u00f3n &#8216;Autorretrato&#8217; que formar\u00e1 parte de su quinto disco, recibi\u00f3 tres discos de oro y desvel\u00f3 las primeras fechas de su gira que arrancar\u00e1 el a\u00f1o que viene y cuyas entradas salen a la venta ma\u00f1ana.<\/p>\n<p>La noche del pasado jueves en los Cines Callao de Madrid, El Kanka reapareci\u00f3 despu\u00e9s de un a\u00f1o de silencio alejado de los escenarios, las redes y el foco medi\u00e1tico. En un evento rodeado de seguidores y amigos, el malague\u00f1o ofreci\u00f3 un concierto; a veces solo con su guitarra y otras acompa\u00f1ado de su banda (Juan Rubio \u201cManin\u201d, \u00c1lvaro Ruiz,\u00a0 Jos\u00e9 Ben\u00edtez, Pedro Campos y Carlos Manzanares \u201cAvatar\u201d);\u00a0 que recorr\u00eda su trayectoria musical desde que empez\u00f3 -hace m\u00e1s de diez a\u00f1os- hasta d\u00eda de hoy, y que culmin\u00f3 interpretando en primicia <strong>&#8216;Autorretrato&#8217;<\/strong>. En la canci\u00f3n se describe a si mismo y narra sus virtudes, defectos y rarezas con su particular forma de escribir que tras a\u00f1os de creaci\u00f3n, ha sellado como un estilo propio. &#8216;Autorretrato&#8217; estar\u00e1 disponible en plataformas digitales el <strong>23 de septiembre<\/strong>.<\/p>\n<p>&#8216;Autorretrato&#8217; es el segundo de los avances del <strong>pr\u00f3ximo disco de El Kanka que se publicar\u00e1 el a\u00f1o que viene<\/strong> y del que ya conoc\u00edamos <strong><a href=\"https:\/\/granconvoy.emlmkt.com\/url\/ver\/320384315\/1846592\/da77a017e5754aa07100863293c64e0e\" target=\"_blank\" rel=\"noopener\" data-saferedirecturl=\"https:\/\/www.google.com\/url?q=https:\/\/granconvoy.emlmkt.com\/url\/ver\/320384315\/1846592\/da77a017e5754aa07100863293c64e0e&amp;source=gmail&amp;ust=1663733861309000&amp;usg=AOvVaw3LxaHIK18z6qoj3dq53NEA\">&#8216;Prop\u00f3sitos de a\u00f1o nuevo&#8217;<\/a><\/strong>, tema que, de la misma manera sorpresiva, interpret\u00f3 en directo en el concierto que pon\u00eda fin a su \u00faltima gira y que precedi\u00f3 al &#8216;apag\u00f3n&#8217;.<\/p>\n<p>Durante la noche, el propio El Kanka fue sorprendido recibiendo de manos de Altafonte <strong>tres discos de oro<\/strong> por haber alcanzado las 20 millones de escuchas de sus temas &#8216;Canela en rama&#8217;, &#8216;Lo mal que estoy y lo poco que me quejo&#8217; y &#8216;Que bello es vivir&#8217;.<\/p>\n<p>A partir de ma\u00f1ana 20 de septiembre, se ponen a la venta en la web <a href=\"https:\/\/granconvoy.emlmkt.com\/url\/ver\/320384316\/1846592\/da77a017e5754aa07100863293c64e0e\" target=\"_blank\" rel=\"noopener\" data-saferedirecturl=\"https:\/\/www.google.com\/url?q=https:\/\/granconvoy.emlmkt.com\/url\/ver\/320384316\/1846592\/da77a017e5754aa07100863293c64e0e&amp;source=gmail&amp;ust=1663733861309000&amp;usg=AOvVaw1Rxk6ZSSYVUvTxIfgQf-cO\">www.elkanka.com<\/a> las<strong> entradas de la gira de El Kanka &#8216;Cosas de los vivientes&#8217;,<\/strong> con las siguientes fechas confirmadas de momento:<\/p>\n<p><u><strong>EL KANKA &#8211; COSAS DE LOS VIVIENTES<\/strong><\/u><\/p>\n<p>4 Marzo Murcia. Sala Mamba!<\/p>\n<p>10 Marzo. Sevilla. Cartuja Center<\/p>\n<p>11 Marzo. C\u00e1ceres. Palacio de \u00a0congresos<\/p>\n<p>17 Marzo. Bilbao. Santana 27<br \/>\n18 Marzo. Gij\u00f3n. Sala Laboral<\/p>\n<p>25 Marzo. Madrid. WiZink Center<\/p>\n<p>31 Marzo. Ja\u00e9n. Teatro Infanta Leonor<\/p>\n<p>1 Abril. Granada. Palacio de Congresos<\/p>\n<p>15 y 16 Abril. M\u00e1laga. Teatro Cervantes<\/p>\n<p>21 Abril. Logro\u00f1o. Rioja Forum<\/p>\n<p>22 Abril. Burgos. Forum Evoluci\u00f3n<\/p>\n<p>5 Mayo. Valencia. Palau de la M\u00fasica<\/p>\n<p>6 Mayo. Barcelona. Palau de la M\u00fasica<\/p>\n","protected":false},"excerpt":{"rendered":"<p>Los Cines Callao de Madrid acogieron el pasado jueves el regreso de El Kanka despu\u00e9s de un a\u00f1o de silencio. Durante la noche, el malague\u00f1o comparti\u00f3 en primicia la canci\u00f3n &#8216;Autorretrato&#8217; que formar\u00e1 parte de su quinto disco, recibi\u00f3 tres discos de oro y desvel\u00f3 las primeras fechas de su gira que arrancar\u00e1 el a\u00f1o [&hellip;]<\/p>\n","protected":false},"author":2,"featured_media":12914,"comment_status":"closed","ping_status":"open","sticky":false,"template":"","format":"standard","meta":[],"categories":[146],"tags":[4054,381],"wppr_data":{"cwp_meta_box_check":"No"},"_links":{"self":[{"href":"https:\/\/www.notaoficial.com\/s\/wp-json\/wp\/v2\/posts\/12913"}],"collection":[{"href":"https:\/\/www.notaoficial.com\/s\/wp-json\/wp\/v2\/posts"}],"about":[{"href":"https:\/\/www.notaoficial.com\/s\/wp-json\/wp\/v2\/types\/post"}],"author":[{"embeddable":true,"href":"https:\/\/www.notaoficial.com\/s\/wp-json\/wp\/v2\/users\/2"}],"replies":[{"embeddable":true,"href":"https:\/\/www.notaoficial.com\/s\/wp-json\/wp\/v2\/comments?post=12913"}],"version-history":[{"count":1,"href":"https:\/\/www.notaoficial.com\/s\/wp-json\/wp\/v2\/posts\/12913\/revisions"}],"predecessor-version":[{"id":12915,"href":"https:\/\/www.notaoficial.com\/s\/wp-json\/wp\/v2\/posts\/12913\/revisions\/12915"}],"wp:featuredmedia":[{"embeddable":true,"href":"https:\/\/www.notaoficial.com\/s\/wp-json\/wp\/v2\/media\/12914"}],"wp:attachment":[{"href":"https:\/\/www.notaoficial.com\/s\/wp-json\/wp\/v2\/media?parent=12913"}],"wp:term":[{"taxonomy":"category","embeddable":true,"href":"https:\/\/www.notaoficial.com\/s\/wp-json\/wp\/v2\/categories?post=12913"},{"taxonomy":"post_tag","embeddable":true,"href":"https:\/\/www.notaoficial.com\/s\/wp-json\/wp\/v2\/tags?post=12913"}],"curies":[{"name":"wp","href":"https:\/\/api.w.org\/{rel}","templated":true}]}}