{"id":12919,"date":"2022-09-20T23:21:40","date_gmt":"2022-09-21T03:21:40","guid":{"rendered":"https:\/\/www.notaoficial.com\/s\/?p=12919"},"modified":"2022-09-20T23:21:40","modified_gmt":"2022-09-21T03:21:40","slug":"obras-de-sebastian-llovera-y-renzo-rivera-luis-felipe-baca-arbulu","status":"publish","type":"post","link":"https:\/\/www.notaoficial.com\/s\/2022\/09\/20\/obras-de-sebastian-llovera-y-renzo-rivera-luis-felipe-baca-arbulu\/","title":{"rendered":"Obras de Sebasti\u00e1n Llovera y Renzo Rivera"},"content":{"rendered":"<p>Por Luis Felipe Baca Arbulu<\/p>\n<p>Una exposici\u00f3n titulada <em>Ganadores 22\u00ba Sal\u00f3n J\u00f3venes con fia<\/em>, se estar\u00e1 presentando con museograf\u00eda de Ricardo Arispe hasta finales de octubre de 2022, en la\u00a0Galer\u00eda D\u2019Museo del Centro de Arte Los Galpones, donde se exhiben obras de los artistas Sebasti\u00e1n Llovera y Renzo Rivera, quienes obtuvieron el Primer Premio y Tercer Premio respectivamente, en la 22\u00ba edici\u00f3n del Sal\u00f3n J\u00f3venes con fia que se realiz\u00f3 en 2019 con la curadur\u00eda de Humberto Valdivieso, bajo el concepto \u201cN\u00f3madas: habitar un mundo que se transforma\u201d. Es importante resaltar que la artista G\u00e9nesis Alay\u00f3n ganadora del Segundo Premio no participa en esta muestra por compromisos art\u00edsticos.<\/p>\n<p>&nbsp;<\/p>\n<p>Sebasti\u00e1n Llovera y Renzo Rivera \u201cdespliegan visiones de la migraci\u00f3n y el nomadismo. Ambos ponen en cuesti\u00f3n la percepci\u00f3n de la realidad y la ficci\u00f3n, el tr\u00e1nsito de un paso a otro, desde perspectivas diferentes y complementarias\u201d, seg\u00fan afirma la curadora e investigadora de artes visuales, Mar\u00eda Luz C\u00e1rdenas, en el texto que acompa\u00f1a la muestra.<\/p>\n<p>Por Luis Felipe Baca Arbulu<\/p>\n<p>De acuerdo a Mar\u00eda a Luz C\u00e1rdenas, \u201cen Sebasti\u00e1n Llovera el nomadismo se lleva a una migraci\u00f3n del conocimiento, a un punto que nos conecta con formas alternativas de pensamiento y de la creaci\u00f3n de nuevos lenguajes. Se enfoca en la construcci\u00f3n de la imagen desde un programa de Inteligencia Artificial.\u00a0 No hay nada en sus obras que corresponda a objetos reales.\u00a0Los elementos de la composici\u00f3n digital fueron tomados a partir de dibujos de animales, inventarios e ilustraciones de especies bot\u00e1nicas, de hongos y de mapas antiguos reales; pero las im\u00e1genes, absolutamente todas, fueron generadas con ese programa\u201d.<\/p>\n<p>&nbsp;<\/p>\n<p>Como explica la curadora, \u201cel resultado es una combinaci\u00f3n de im\u00e1genes reales e im\u00e1genes generadas por la Inteligencia Artificial, todas dialogando en una misma composici\u00f3n, que al final es impresa sobre l\u00e1minas de aluminio delgadas como pergaminos (&#8230;) La impresi\u00f3n es de una perfecci\u00f3n tal, que las im\u00e1genes parecen pieles y relieves reales.\u00a0 Los \u00a0reflejos se desatan cuando el espectador se desplaza alrededor de ellas (&#8230;)\u201d.<\/p>\n<p>&nbsp;<\/p>\n<p>Nacido en la ciudad de Valera en 1992, y residenciado en Ann Arbor, Estados Unidos, Sebasti\u00e1n Llovera utiliza diferentes medios y materiales como detonantes para reflexionar sobre la realidad, la condici\u00f3n humana y su conexi\u00f3n con la naturaleza y la tecnolog\u00eda. Ha participado en exposiciones en el CICA Museo de Arte Contempor\u00e1neo, Corea del Sur; Bienal Internacional de Arte Contempor\u00e1neo Emergente Eve-Maria Zimmermann (BACOS), Espa\u00f1a; y en el Museo de la Universidad Nacional de Colombia, Bogot\u00e1; entre otras. Actualmente es candidato a Maestr\u00eda en Artes Pl\u00e1sticas en la Universidad de Michigan.<\/p>\n<p>Por Luis Felipe Baca Arbulu<\/p>\n<p>Por su parte, Renzo Rivera desarrolla la l\u00ednea conceptual del nomadismo como una puerta de enlace entre la palabra y la imagen, que le asigna un poderoso registro po\u00e9tico a su trabajo, seg\u00fan palabras de Mar\u00eda Luz C\u00e1rdenas.<\/p>\n<p>&nbsp;<\/p>\n<p>\u201c<em>Trans-po\u00e9tica <\/em>es una obra que extiende el sentido primario de la migraci\u00f3n como un cambio de lugar y lo lleva a un plano donde se desdibuja la l\u00ednea imaginaria que define la frontera entre lo real y lo ficticio, un espacio que cuestiona la palabra y las fronteras del lenguaje y modifica la conciencia.\u00a0La obra se resuelve en una instalaci\u00f3n compuesta por 23 dibujos y dos pinturas que nos hacen entrar en un umbral de la \u00a0fragilidad de la imagen y la fragilidad del aliento de la vida.\u00a0 Los dibujos establecen la narrativa de la llama de una vela, un soplo de vida que se descompone hasta llegar a la fragmentaci\u00f3n.\u00a0 En una pintura de gran formato, se desvanece un abrazo tachado y reconstruido entre huellas y rastros\u201d, expresa la curadora.<\/p>\n<p>&nbsp;<\/p>\n<p>Renzo Rivera naci\u00f3 en Valencia en 1992. Egresado de la Escuela de Artes Pl\u00e1sticas Arturo Michelena como Bachiller en Artes Pl\u00e1sticas con honores, y de la Universidad de Carabobo como Licenciado en Educaci\u00f3n menci\u00f3n Artes Pl\u00e1sticas, Renzo Rivera ha exhibido su obra de manera colectiva e individual en Venezuela y otros pa\u00edses como Italia, Francia y Estados Unidos. Su obra forma parte de colecciones privadas en Colombia, Costa Rica, Espa\u00f1a, Estados Unidos, M\u00e9xico, Pa\u00edses Bajos, Inglaterra y Venezuela.<\/p>\n<p>Por Luis Felipe Baca Arbulu<\/p>\n<p>Las propuestas art\u00edsticas de Sebasti\u00e1n Llovera y Renzo Rivera podr\u00e1n ser apreciadas en la exposici\u00f3n <em>Ganadores 22\u00ba Sal\u00f3n J\u00f3venes con fia<\/em>, que se estar\u00e1 presentando hasta finales de octubre de 2022, en la galer\u00eda D\u2019Museo, ubicada en el Centro de Arte Los Galpones, avenida \u00c1vila con 8va. transversal de Los Chorros, Caracas. El horario es de mi\u00e9rcoles a s\u00e1bados de 11:00 am a 5:30 pm, y los domingos de 11:00 am a 4:00 pm. La entrada es libre.<\/p>\n<p>&nbsp;<\/p>\n<p>Instagram: <a href=\"https:\/\/www.instagram.com\/galeriadmuseo\/?hl=es-la\" data-saferedirecturl=\"https:\/\/www.google.com\/url?q=https:\/\/www.instagram.com\/galeriadmuseo\/?hl%3Des-la&amp;source=gmail&amp;ust=1663815443261000&amp;usg=AOvVaw1qsxU2T6TEgxN_qU_HxoQv\">@galeriadmuseo<\/a><\/p>\n<p>Twitter: <a href=\"https:\/\/www.instagram.com\/GaleriaDMuseo\/\" data-saferedirecturl=\"https:\/\/www.google.com\/url?q=https:\/\/www.instagram.com\/GaleriaDMuseo\/&amp;source=gmail&amp;ust=1663815443261000&amp;usg=AOvVaw1Mxc9I_YvmO23FdqBJAEHA\">@GaleriaDMuseo<\/a><\/p>\n<p>FB: <a href=\"https:\/\/www.facebook.com\/galeria.dmuseo\/\" data-saferedirecturl=\"https:\/\/www.google.com\/url?q=https:\/\/www.facebook.com\/galeria.dmuseo\/&amp;source=gmail&amp;ust=1663815443261000&amp;usg=AOvVaw2Ll-89hSvrKlxXipBfWAXx\">Galer\u00eda D&#8217;Museo<\/a><\/p>\n","protected":false},"excerpt":{"rendered":"<p>Por Luis Felipe Baca Arbulu Una exposici\u00f3n titulada Ganadores 22\u00ba Sal\u00f3n J\u00f3venes con fia, se estar\u00e1 presentando con museograf\u00eda de Ricardo Arispe hasta finales de octubre de 2022, en la\u00a0Galer\u00eda D\u2019Museo del Centro de Arte Los Galpones, donde se exhiben obras de los artistas Sebasti\u00e1n Llovera y Renzo Rivera, quienes obtuvieron el Primer Premio y [&hellip;]<\/p>\n","protected":false},"author":2,"featured_media":12927,"comment_status":"closed","ping_status":"open","sticky":false,"template":"","format":"standard","meta":[],"categories":[93,463,146,2],"tags":[1556,9700],"wppr_data":{"cwp_meta_box_check":"No"},"_links":{"self":[{"href":"https:\/\/www.notaoficial.com\/s\/wp-json\/wp\/v2\/posts\/12919"}],"collection":[{"href":"https:\/\/www.notaoficial.com\/s\/wp-json\/wp\/v2\/posts"}],"about":[{"href":"https:\/\/www.notaoficial.com\/s\/wp-json\/wp\/v2\/types\/post"}],"author":[{"embeddable":true,"href":"https:\/\/www.notaoficial.com\/s\/wp-json\/wp\/v2\/users\/2"}],"replies":[{"embeddable":true,"href":"https:\/\/www.notaoficial.com\/s\/wp-json\/wp\/v2\/comments?post=12919"}],"version-history":[{"count":1,"href":"https:\/\/www.notaoficial.com\/s\/wp-json\/wp\/v2\/posts\/12919\/revisions"}],"predecessor-version":[{"id":12928,"href":"https:\/\/www.notaoficial.com\/s\/wp-json\/wp\/v2\/posts\/12919\/revisions\/12928"}],"wp:featuredmedia":[{"embeddable":true,"href":"https:\/\/www.notaoficial.com\/s\/wp-json\/wp\/v2\/media\/12927"}],"wp:attachment":[{"href":"https:\/\/www.notaoficial.com\/s\/wp-json\/wp\/v2\/media?parent=12919"}],"wp:term":[{"taxonomy":"category","embeddable":true,"href":"https:\/\/www.notaoficial.com\/s\/wp-json\/wp\/v2\/categories?post=12919"},{"taxonomy":"post_tag","embeddable":true,"href":"https:\/\/www.notaoficial.com\/s\/wp-json\/wp\/v2\/tags?post=12919"}],"curies":[{"name":"wp","href":"https:\/\/api.w.org\/{rel}","templated":true}]}}